{"id":11258,"date":"2024-07-08T10:28:25","date_gmt":"2024-07-08T08:28:25","guid":{"rendered":"https:\/\/oficinaeconomicagalicia.xunta.gal\/rueda-emphasises-the-xuntas-measures-to-consolidate-galicia-as-the-best-place-to-live-and-invest\/"},"modified":"2024-07-08T10:28:25","modified_gmt":"2024-07-08T08:28:25","slug":"rueda-emphasises-the-xuntas-measures-to-consolidate-galicia-as-the-best-place-to-live-and-invest","status":"publish","type":"post","link":"https:\/\/oficinaeconomicagalicia.xunta.gal\/en\/rueda-emphasises-the-xuntas-measures-to-consolidate-galicia-as-the-best-place-to-live-and-invest\/","title":{"rendered":"Rueda emphasises the Xunta&#8217;s measures to consolidate Galicia as the best place to live and invest"},"content":{"rendered":"<ul class=\"-mt-1 list-disc space-y-2 pl-8\">\n<li class=\"whitespace-normal break-words\"><em>The president participated in the 19th edition of the gala dinner of the Association of Galician Entrepreneurs in Catalonia (AEGA-CAT)<\/em><\/li>\n<li class=\"whitespace-normal break-words\"><em>He highlights initiatives such as the Galician Economic Office or the plan for acceleration and promotion of business projects<\/em><\/li>\n<\/ul>\n<p class=\"whitespace-pre-wrap break-words\"><strong>Barcelona, 5th July 2024<\/strong><\/p>\n<p class=\"whitespace-pre-wrap break-words\">The president of the Xunta, Alfonso Rueda, today highlighted the measures that the regional government is taking to consolidate Galicia as the best place in the world to live and invest.<\/p>\n<p class=\"whitespace-pre-wrap break-words\">He explained this during the 19th edition of the gala dinner organised by the Association of Galician Entrepreneurs in Catalonia (AEGA-CAT), where he was accompanied by the Minister of Economy and Industry, Mar\u00eda Jes\u00fas Lorenzana.<\/p>\n<p class=\"whitespace-pre-wrap break-words\">There, he conveyed the initiatives that Galicia is promoting to encourage investment, such as the Galician Economic Office, which functions as a single channel where all procedures between the regional administration and entrepreneurs are centralised; or the plan for acceleration and promotion of business projects. &#8220;That Galicia that some placed years ago in the rear carriage is now a locomotive, a powerful Galicia,&#8221; Rueda pointed out.<\/p>\n<p class=\"whitespace-pre-wrap break-words\">The president also highlighted other social advances, such as free childcare for 0-3 year olds, which from September will be extended to university tuition fees; or the most comprehensive vaccine schedule in the world.<\/p>\n<p class=\"whitespace-pre-wrap break-words\">He valued that all these measures, together with return policies, have contributed to Galicia ceasing to be a land of farewells to become one of welcomes. In this sense, he highlighted that the Return Strategy aims to encourage the return of 30,000 Galicians by 2026.<\/p>\n<p class=\"whitespace-pre-wrap break-words\"><strong>Galician Excellence Titles 2024<\/strong><\/p>\n<p class=\"whitespace-pre-wrap break-words\">At the event, AEGA-CAT presented the Galician Excellence Titles 2024, which recognise the talent of professionals from different sectors. In this edition, the awardees were astrophysics doctor Bego\u00f1a Vila; footballer Francisco Gonz\u00e1lez P\u00e9rez &#8220;Fran&#8221;; fashion designer Roberto Verino; journalist Jenaro Castro; doctor in Political and Social Sciences, Xos\u00e9 Luis Barreiro Rivas; CEO of Grupo Lence, Carmen Lence; and the president of the AMA group, Ana Pastor.<\/p>\n","protected":false},"excerpt":{"rendered":"<p>The president participated in the 19th edition of the gala dinner of the Association of Galician Entrepreneurs in Catalonia (AEGA-CAT) He highlights initiatives such as the Galician Economic Office or the plan for acceleration and promotion of business projects Barcelona, 5th July 2024 The president of the Xunta, Alfonso Rueda, today highlighted the measures that [&hellip;]<\/p>\n","protected":false},"author":3,"featured_media":9650,"comment_status":"closed","ping_status":"closed","sticky":false,"template":"","format":"standard","meta":{"inline_featured_image":false,"footnotes":""},"categories":[1],"tags":[],"class_list":["post-11258","post","type-post","status-publish","format-standard","has-post-thumbnail","hentry","category-uncategorized-gl"],"yoast_head":"<!-- This site is optimized with the Yoast SEO plugin v27.5 - https:\/\/yoast.com\/product\/yoast-seo-wordpress\/ -->\n<title>Rueda emphasises the Xunta&#039;s measures to consolidate Galicia as the best place to live and invest - Oficina Econ\u00f3mica de Galicia<\/title>\n<meta name=\"robots\" content=\"index, follow, max-snippet:-1, max-image-preview:large, max-video-preview:-1\" \/>\n<link rel=\"canonical\" href=\"https:\/\/oficinaeconomicagalicia.xunta.gal\/rueda-emphasises-the-xuntas-measures-to-consolidate-galicia-as-the-best-place-to-live-and-invest\/\" \/>\n<meta property=\"og:locale\" content=\"en_US\" \/>\n<meta property=\"og:type\" content=\"article\" \/>\n<meta property=\"og:title\" content=\"Rueda emphasises the Xunta&#039;s measures to consolidate Galicia as the best place to live and invest - Oficina Econ\u00f3mica de Galicia\" \/>\n<meta property=\"og:description\" content=\"The president participated in the 19th edition of the gala dinner of the Association of Galician Entrepreneurs in Catalonia (AEGA-CAT) He highlights initiatives such as the Galician Economic Office or the plan for acceleration and promotion of business projects Barcelona, 5th July 2024 The president of the Xunta, Alfonso Rueda, today highlighted the measures that [&hellip;]\" \/>\n<meta property=\"og:url\" content=\"https:\/\/oficinaeconomicagalicia.xunta.gal\/rueda-emphasises-the-xuntas-measures-to-consolidate-galicia-as-the-best-place-to-live-and-invest\/\" \/>\n<meta property=\"og:site_name\" content=\"Oficina Econ\u00f3mica de Galicia\" \/>\n<meta property=\"article:publisher\" content=\"https:\/\/www.facebook.com\/OficinaEconomicadeGalicia\/\" \/>\n<meta property=\"article:published_time\" content=\"2024-07-08T08:28:25+00:00\" \/>\n<meta name=\"author\" content=\"Adm-Of-Eco\" \/>\n<meta name=\"twitter:card\" content=\"summary_large_image\" \/>\n<meta name=\"twitter:label1\" content=\"Written by\" \/>\n\t<meta name=\"twitter:data1\" content=\"Adm-Of-Eco\" \/>\n\t<meta name=\"twitter:label2\" content=\"Est. reading time\" \/>\n\t<meta name=\"twitter:data2\" content=\"2 minutes\" \/>\n<script type=\"application\/ld+json\" class=\"yoast-schema-graph\">{\"@context\":\"https:\\\/\\\/schema.org\",\"@graph\":[{\"@type\":\"Article\",\"@id\":\"https:\\\/\\\/oficinaeconomicagalicia.xunta.gal\\\/rueda-emphasises-the-xuntas-measures-to-consolidate-galicia-as-the-best-place-to-live-and-invest\\\/#article\",\"isPartOf\":{\"@id\":\"https:\\\/\\\/oficinaeconomicagalicia.xunta.gal\\\/rueda-emphasises-the-xuntas-measures-to-consolidate-galicia-as-the-best-place-to-live-and-invest\\\/\"},\"author\":{\"name\":\"Adm-Of-Eco\",\"@id\":\"https:\\\/\\\/oficinaeconomicagalicia.xunta.gal\\\/#\\\/schema\\\/person\\\/4b919f684a33a00a0462301f82898687\"},\"headline\":\"Rueda emphasises the Xunta&#8217;s measures to consolidate Galicia as the best place to live and invest\",\"datePublished\":\"2024-07-08T08:28:25+00:00\",\"mainEntityOfPage\":{\"@id\":\"https:\\\/\\\/oficinaeconomicagalicia.xunta.gal\\\/rueda-emphasises-the-xuntas-measures-to-consolidate-galicia-as-the-best-place-to-live-and-invest\\\/\"},\"wordCount\":340,\"publisher\":{\"@id\":\"https:\\\/\\\/oficinaeconomicagalicia.xunta.gal\\\/#organization\"},\"image\":{\"@id\":\"https:\\\/\\\/oficinaeconomicagalicia.xunta.gal\\\/rueda-emphasises-the-xuntas-measures-to-consolidate-galicia-as-the-best-place-to-live-and-invest\\\/#primaryimage\"},\"thumbnailUrl\":\"https:\\\/\\\/oficinaeconomicagalicia.xunta.gal\\\/wp-content\\\/uploads\\\/2024\\\/08\\\/nova_00380_1-scaled.jpeg\",\"articleSection\":[\"Uncategorized @gl\"],\"inLanguage\":\"en-US\"},{\"@type\":\"WebPage\",\"@id\":\"https:\\\/\\\/oficinaeconomicagalicia.xunta.gal\\\/rueda-emphasises-the-xuntas-measures-to-consolidate-galicia-as-the-best-place-to-live-and-invest\\\/\",\"url\":\"https:\\\/\\\/oficinaeconomicagalicia.xunta.gal\\\/rueda-emphasises-the-xuntas-measures-to-consolidate-galicia-as-the-best-place-to-live-and-invest\\\/\",\"name\":\"Rueda emphasises the Xunta's measures to consolidate Galicia as the best place to live and invest - Oficina Econ\u00f3mica de Galicia\",\"isPartOf\":{\"@id\":\"https:\\\/\\\/oficinaeconomicagalicia.xunta.gal\\\/#website\"},\"primaryImageOfPage\":{\"@id\":\"https:\\\/\\\/oficinaeconomicagalicia.xunta.gal\\\/rueda-emphasises-the-xuntas-measures-to-consolidate-galicia-as-the-best-place-to-live-and-invest\\\/#primaryimage\"},\"image\":{\"@id\":\"https:\\\/\\\/oficinaeconomicagalicia.xunta.gal\\\/rueda-emphasises-the-xuntas-measures-to-consolidate-galicia-as-the-best-place-to-live-and-invest\\\/#primaryimage\"},\"thumbnailUrl\":\"https:\\\/\\\/oficinaeconomicagalicia.xunta.gal\\\/wp-content\\\/uploads\\\/2024\\\/08\\\/nova_00380_1-scaled.jpeg\",\"datePublished\":\"2024-07-08T08:28:25+00:00\",\"breadcrumb\":{\"@id\":\"https:\\\/\\\/oficinaeconomicagalicia.xunta.gal\\\/rueda-emphasises-the-xuntas-measures-to-consolidate-galicia-as-the-best-place-to-live-and-invest\\\/#breadcrumb\"},\"inLanguage\":\"en-US\",\"potentialAction\":[{\"@type\":\"ReadAction\",\"target\":[\"https:\\\/\\\/oficinaeconomicagalicia.xunta.gal\\\/rueda-emphasises-the-xuntas-measures-to-consolidate-galicia-as-the-best-place-to-live-and-invest\\\/\"]}]},{\"@type\":\"ImageObject\",\"inLanguage\":\"en-US\",\"@id\":\"https:\\\/\\\/oficinaeconomicagalicia.xunta.gal\\\/rueda-emphasises-the-xuntas-measures-to-consolidate-galicia-as-the-best-place-to-live-and-invest\\\/#primaryimage\",\"url\":\"https:\\\/\\\/oficinaeconomicagalicia.xunta.gal\\\/wp-content\\\/uploads\\\/2024\\\/08\\\/nova_00380_1-scaled.jpeg\",\"contentUrl\":\"https:\\\/\\\/oficinaeconomicagalicia.xunta.gal\\\/wp-content\\\/uploads\\\/2024\\\/08\\\/nova_00380_1-scaled.jpeg\",\"width\":2560,\"height\":1706},{\"@type\":\"BreadcrumbList\",\"@id\":\"https:\\\/\\\/oficinaeconomicagalicia.xunta.gal\\\/rueda-emphasises-the-xuntas-measures-to-consolidate-galicia-as-the-best-place-to-live-and-invest\\\/#breadcrumb\",\"itemListElement\":[{\"@type\":\"ListItem\",\"position\":1,\"name\":\"Inicio\",\"item\":\"https:\\\/\\\/oficinaeconomicagalicia.xunta.gal\\\/\"},{\"@type\":\"ListItem\",\"position\":2,\"name\":\"Rueda emphasises the Xunta&#8217;s measures to consolidate Galicia as the best place to live and invest\"}]},{\"@type\":\"WebSite\",\"@id\":\"https:\\\/\\\/oficinaeconomicagalicia.xunta.gal\\\/#website\",\"url\":\"https:\\\/\\\/oficinaeconomicagalicia.xunta.gal\\\/\",\"name\":\"Oficina Econ\u00f3mica de Galicia\",\"description\":\"Convertir calquera tr\u00e1mite nun mero tr\u00e1mite\",\"publisher\":{\"@id\":\"https:\\\/\\\/oficinaeconomicagalicia.xunta.gal\\\/#organization\"},\"potentialAction\":[{\"@type\":\"SearchAction\",\"target\":{\"@type\":\"EntryPoint\",\"urlTemplate\":\"https:\\\/\\\/oficinaeconomicagalicia.xunta.gal\\\/?s={search_term_string}\"},\"query-input\":{\"@type\":\"PropertyValueSpecification\",\"valueRequired\":true,\"valueName\":\"search_term_string\"}}],\"inLanguage\":\"en-US\"},{\"@type\":\"Organization\",\"@id\":\"https:\\\/\\\/oficinaeconomicagalicia.xunta.gal\\\/#organization\",\"name\":\"Oficina Econ\u00f3mica de Galicia\",\"alternateName\":\"OEG\",\"url\":\"https:\\\/\\\/oficinaeconomicagalicia.xunta.gal\\\/\",\"logo\":{\"@type\":\"ImageObject\",\"inLanguage\":\"en-US\",\"@id\":\"https:\\\/\\\/oficinaeconomicagalicia.xunta.gal\\\/#\\\/schema\\\/logo\\\/image\\\/\",\"url\":\"https:\\\/\\\/oficinaeconomicagalicia.xunta.gal\\\/wp-content\\\/uploads\\\/2023\\\/04\\\/xunta.svg\",\"contentUrl\":\"https:\\\/\\\/oficinaeconomicagalicia.xunta.gal\\\/wp-content\\\/uploads\\\/2023\\\/04\\\/xunta.svg\",\"width\":5952.76,\"height\":1700.79,\"caption\":\"Oficina Econ\u00f3mica de Galicia\"},\"image\":{\"@id\":\"https:\\\/\\\/oficinaeconomicagalicia.xunta.gal\\\/#\\\/schema\\\/logo\\\/image\\\/\"},\"sameAs\":[\"https:\\\/\\\/www.facebook.com\\\/OficinaEconomicadeGalicia\\\/\",\"https:\\\/\\\/www.linkedin.com\\\/company\\\/oficina-economica-de-galicia\\\/\"]},{\"@type\":\"Person\",\"@id\":\"https:\\\/\\\/oficinaeconomicagalicia.xunta.gal\\\/#\\\/schema\\\/person\\\/4b919f684a33a00a0462301f82898687\",\"name\":\"Adm-Of-Eco\",\"image\":{\"@type\":\"ImageObject\",\"inLanguage\":\"en-US\",\"@id\":\"https:\\\/\\\/secure.gravatar.com\\\/avatar\\\/822d9b5d44712904254790eea11ee749fdd737058bfbfaadfa58d3ed306af81d?s=96&d=mm&r=g\",\"url\":\"https:\\\/\\\/secure.gravatar.com\\\/avatar\\\/822d9b5d44712904254790eea11ee749fdd737058bfbfaadfa58d3ed306af81d?s=96&d=mm&r=g\",\"contentUrl\":\"https:\\\/\\\/secure.gravatar.com\\\/avatar\\\/822d9b5d44712904254790eea11ee749fdd737058bfbfaadfa58d3ed306af81d?s=96&d=mm&r=g\",\"caption\":\"Adm-Of-Eco\"},\"url\":\"https:\\\/\\\/oficinaeconomicagalicia.xunta.gal\\\/en\\\/author\\\/adm-of-eco\\\/\"}]}<\/script>\n<!-- \/ Yoast SEO plugin. -->","yoast_head_json":{"title":"Rueda emphasises the Xunta's measures to consolidate Galicia as the best place to live and invest - Oficina Econ\u00f3mica de Galicia","robots":{"index":"index","follow":"follow","max-snippet":"max-snippet:-1","max-image-preview":"max-image-preview:large","max-video-preview":"max-video-preview:-1"},"canonical":"https:\/\/oficinaeconomicagalicia.xunta.gal\/rueda-emphasises-the-xuntas-measures-to-consolidate-galicia-as-the-best-place-to-live-and-invest\/","og_locale":"en_US","og_type":"article","og_title":"Rueda emphasises the Xunta's measures to consolidate Galicia as the best place to live and invest - Oficina Econ\u00f3mica de Galicia","og_description":"The president participated in the 19th edition of the gala dinner of the Association of Galician Entrepreneurs in Catalonia (AEGA-CAT) He highlights initiatives such as the Galician Economic Office or the plan for acceleration and promotion of business projects Barcelona, 5th July 2024 The president of the Xunta, Alfonso Rueda, today highlighted the measures that [&hellip;]","og_url":"https:\/\/oficinaeconomicagalicia.xunta.gal\/rueda-emphasises-the-xuntas-measures-to-consolidate-galicia-as-the-best-place-to-live-and-invest\/","og_site_name":"Oficina Econ\u00f3mica de Galicia","article_publisher":"https:\/\/www.facebook.com\/OficinaEconomicadeGalicia\/","article_published_time":"2024-07-08T08:28:25+00:00","author":"Adm-Of-Eco","twitter_card":"summary_large_image","twitter_misc":{"Written by":"Adm-Of-Eco","Est. reading time":"2 minutes"},"schema":{"@context":"https:\/\/schema.org","@graph":[{"@type":"Article","@id":"https:\/\/oficinaeconomicagalicia.xunta.gal\/rueda-emphasises-the-xuntas-measures-to-consolidate-galicia-as-the-best-place-to-live-and-invest\/#article","isPartOf":{"@id":"https:\/\/oficinaeconomicagalicia.xunta.gal\/rueda-emphasises-the-xuntas-measures-to-consolidate-galicia-as-the-best-place-to-live-and-invest\/"},"author":{"name":"Adm-Of-Eco","@id":"https:\/\/oficinaeconomicagalicia.xunta.gal\/#\/schema\/person\/4b919f684a33a00a0462301f82898687"},"headline":"Rueda emphasises the Xunta&#8217;s measures to consolidate Galicia as the best place to live and invest","datePublished":"2024-07-08T08:28:25+00:00","mainEntityOfPage":{"@id":"https:\/\/oficinaeconomicagalicia.xunta.gal\/rueda-emphasises-the-xuntas-measures-to-consolidate-galicia-as-the-best-place-to-live-and-invest\/"},"wordCount":340,"publisher":{"@id":"https:\/\/oficinaeconomicagalicia.xunta.gal\/#organization"},"image":{"@id":"https:\/\/oficinaeconomicagalicia.xunta.gal\/rueda-emphasises-the-xuntas-measures-to-consolidate-galicia-as-the-best-place-to-live-and-invest\/#primaryimage"},"thumbnailUrl":"https:\/\/oficinaeconomicagalicia.xunta.gal\/wp-content\/uploads\/2024\/08\/nova_00380_1-scaled.jpeg","articleSection":["Uncategorized @gl"],"inLanguage":"en-US"},{"@type":"WebPage","@id":"https:\/\/oficinaeconomicagalicia.xunta.gal\/rueda-emphasises-the-xuntas-measures-to-consolidate-galicia-as-the-best-place-to-live-and-invest\/","url":"https:\/\/oficinaeconomicagalicia.xunta.gal\/rueda-emphasises-the-xuntas-measures-to-consolidate-galicia-as-the-best-place-to-live-and-invest\/","name":"Rueda emphasises the Xunta's measures to consolidate Galicia as the best place to live and invest - Oficina Econ\u00f3mica de Galicia","isPartOf":{"@id":"https:\/\/oficinaeconomicagalicia.xunta.gal\/#website"},"primaryImageOfPage":{"@id":"https:\/\/oficinaeconomicagalicia.xunta.gal\/rueda-emphasises-the-xuntas-measures-to-consolidate-galicia-as-the-best-place-to-live-and-invest\/#primaryimage"},"image":{"@id":"https:\/\/oficinaeconomicagalicia.xunta.gal\/rueda-emphasises-the-xuntas-measures-to-consolidate-galicia-as-the-best-place-to-live-and-invest\/#primaryimage"},"thumbnailUrl":"https:\/\/oficinaeconomicagalicia.xunta.gal\/wp-content\/uploads\/2024\/08\/nova_00380_1-scaled.jpeg","datePublished":"2024-07-08T08:28:25+00:00","breadcrumb":{"@id":"https:\/\/oficinaeconomicagalicia.xunta.gal\/rueda-emphasises-the-xuntas-measures-to-consolidate-galicia-as-the-best-place-to-live-and-invest\/#breadcrumb"},"inLanguage":"en-US","potentialAction":[{"@type":"ReadAction","target":["https:\/\/oficinaeconomicagalicia.xunta.gal\/rueda-emphasises-the-xuntas-measures-to-consolidate-galicia-as-the-best-place-to-live-and-invest\/"]}]},{"@type":"ImageObject","inLanguage":"en-US","@id":"https:\/\/oficinaeconomicagalicia.xunta.gal\/rueda-emphasises-the-xuntas-measures-to-consolidate-galicia-as-the-best-place-to-live-and-invest\/#primaryimage","url":"https:\/\/oficinaeconomicagalicia.xunta.gal\/wp-content\/uploads\/2024\/08\/nova_00380_1-scaled.jpeg","contentUrl":"https:\/\/oficinaeconomicagalicia.xunta.gal\/wp-content\/uploads\/2024\/08\/nova_00380_1-scaled.jpeg","width":2560,"height":1706},{"@type":"BreadcrumbList","@id":"https:\/\/oficinaeconomicagalicia.xunta.gal\/rueda-emphasises-the-xuntas-measures-to-consolidate-galicia-as-the-best-place-to-live-and-invest\/#breadcrumb","itemListElement":[{"@type":"ListItem","position":1,"name":"Inicio","item":"https:\/\/oficinaeconomicagalicia.xunta.gal\/"},{"@type":"ListItem","position":2,"name":"Rueda emphasises the Xunta&#8217;s measures to consolidate Galicia as the best place to live and invest"}]},{"@type":"WebSite","@id":"https:\/\/oficinaeconomicagalicia.xunta.gal\/#website","url":"https:\/\/oficinaeconomicagalicia.xunta.gal\/","name":"Oficina Econ\u00f3mica de Galicia","description":"Convertir calquera tr\u00e1mite nun mero tr\u00e1mite","publisher":{"@id":"https:\/\/oficinaeconomicagalicia.xunta.gal\/#organization"},"potentialAction":[{"@type":"SearchAction","target":{"@type":"EntryPoint","urlTemplate":"https:\/\/oficinaeconomicagalicia.xunta.gal\/?s={search_term_string}"},"query-input":{"@type":"PropertyValueSpecification","valueRequired":true,"valueName":"search_term_string"}}],"inLanguage":"en-US"},{"@type":"Organization","@id":"https:\/\/oficinaeconomicagalicia.xunta.gal\/#organization","name":"Oficina Econ\u00f3mica de Galicia","alternateName":"OEG","url":"https:\/\/oficinaeconomicagalicia.xunta.gal\/","logo":{"@type":"ImageObject","inLanguage":"en-US","@id":"https:\/\/oficinaeconomicagalicia.xunta.gal\/#\/schema\/logo\/image\/","url":"https:\/\/oficinaeconomicagalicia.xunta.gal\/wp-content\/uploads\/2023\/04\/xunta.svg","contentUrl":"https:\/\/oficinaeconomicagalicia.xunta.gal\/wp-content\/uploads\/2023\/04\/xunta.svg","width":5952.76,"height":1700.79,"caption":"Oficina Econ\u00f3mica de Galicia"},"image":{"@id":"https:\/\/oficinaeconomicagalicia.xunta.gal\/#\/schema\/logo\/image\/"},"sameAs":["https:\/\/www.facebook.com\/OficinaEconomicadeGalicia\/","https:\/\/www.linkedin.com\/company\/oficina-economica-de-galicia\/"]},{"@type":"Person","@id":"https:\/\/oficinaeconomicagalicia.xunta.gal\/#\/schema\/person\/4b919f684a33a00a0462301f82898687","name":"Adm-Of-Eco","image":{"@type":"ImageObject","inLanguage":"en-US","@id":"https:\/\/secure.gravatar.com\/avatar\/822d9b5d44712904254790eea11ee749fdd737058bfbfaadfa58d3ed306af81d?s=96&d=mm&r=g","url":"https:\/\/secure.gravatar.com\/avatar\/822d9b5d44712904254790eea11ee749fdd737058bfbfaadfa58d3ed306af81d?s=96&d=mm&r=g","contentUrl":"https:\/\/secure.gravatar.com\/avatar\/822d9b5d44712904254790eea11ee749fdd737058bfbfaadfa58d3ed306af81d?s=96&d=mm&r=g","caption":"Adm-Of-Eco"},"url":"https:\/\/oficinaeconomicagalicia.xunta.gal\/en\/author\/adm-of-eco\/"}]}},"_links":{"self":[{"href":"https:\/\/oficinaeconomicagalicia.xunta.gal\/en\/wp-json\/wp\/v2\/posts\/11258","targetHints":{"allow":["GET"]}}],"collection":[{"href":"https:\/\/oficinaeconomicagalicia.xunta.gal\/en\/wp-json\/wp\/v2\/posts"}],"about":[{"href":"https:\/\/oficinaeconomicagalicia.xunta.gal\/en\/wp-json\/wp\/v2\/types\/post"}],"author":[{"embeddable":true,"href":"https:\/\/oficinaeconomicagalicia.xunta.gal\/en\/wp-json\/wp\/v2\/users\/3"}],"replies":[{"embeddable":true,"href":"https:\/\/oficinaeconomicagalicia.xunta.gal\/en\/wp-json\/wp\/v2\/comments?post=11258"}],"version-history":[{"count":0,"href":"https:\/\/oficinaeconomicagalicia.xunta.gal\/en\/wp-json\/wp\/v2\/posts\/11258\/revisions"}],"wp:featuredmedia":[{"embeddable":true,"href":"https:\/\/oficinaeconomicagalicia.xunta.gal\/en\/wp-json\/wp\/v2\/media\/9650"}],"wp:attachment":[{"href":"https:\/\/oficinaeconomicagalicia.xunta.gal\/en\/wp-json\/wp\/v2\/media?parent=11258"}],"wp:term":[{"taxonomy":"category","embeddable":true,"href":"https:\/\/oficinaeconomicagalicia.xunta.gal\/en\/wp-json\/wp\/v2\/categories?post=11258"},{"taxonomy":"post_tag","embeddable":true,"href":"https:\/\/oficinaeconomicagalicia.xunta.gal\/en\/wp-json\/wp\/v2\/tags?post=11258"}],"curies":[{"name":"wp","href":"https:\/\/api.w.org\/{rel}","templated":true}]}}