{"id":12021,"date":"2024-11-15T15:32:08","date_gmt":"2024-11-15T13:32:08","guid":{"rendered":"https:\/\/oficinaeconomicagalicia.xunta.gal\/xunta-evaluates-modernisation-and-innovation-strategies-in-the-textile-sector-with-cointega\/"},"modified":"2024-11-15T15:32:08","modified_gmt":"2024-11-15T13:32:08","slug":"xunta-evaluates-modernisation-and-innovation-strategies-in-the-textile-sector-with-cointega","status":"publish","type":"post","link":"https:\/\/oficinaeconomicagalicia.xunta.gal\/en\/xunta-evaluates-modernisation-and-innovation-strategies-in-the-textile-sector-with-cointega\/","title":{"rendered":"Xunta evaluates modernisation and innovation strategies in the textile sector with Cointega"},"content":{"rendered":"<div class=\"contedor__ext__entradilla col-sm-12 texto-tam-sm texto-color-xunta-primario mb-3\">\n<ul>\n<li>The Regional Minister for Economy and Industry, Mar\u00eda Jes\u00fas Lorenzana, met with representatives of the Confederation of Textile Industries of Galicia to address the challenges facing this industry in the region<\/li>\n<\/ul>\n<p><strong>Vigo, 15 November 2024<\/strong><\/p>\n<p>The Regional Minister for Economy and Industry, Mar\u00eda Jes\u00fas Lorenzana, met with representatives of the Confederation of Textile Industries of Galicia (Cointega) to evaluate modernisation and innovation strategies in the textile sector in the region and address its future challenges.<\/p>\n<p>The minister and Cointega representatives agreed on the importance of continuing to support this strategic industry for Galicia, which in 2023 was the region&#8217;s main export sector, accounting for 23.1% of Galician exports.<\/p>\n<p>In this context, the aim is to boost competitiveness and new business opportunities, as well as to seek new ways to revitalise Galician fashion and showcase the quality of its products and the good work of the companies and workers linked to this industry.<\/p>\n<p>The meeting also addressed the sector&#8217;s needs to face future challenges in the areas of management training, talent retention, modernisation, digitalisation and sustainability.<\/p>\n<p>The head of Economy and Industry also highlighted the Xunta&#8217;s commitment to entrepreneurs and Galician SMEs and emphasised the role of the Galician Economic Office, which has handled more than 10,000 enquiries since its launch in April this year. This office acts as a centralised point of contact for companies, self-employed individuals and entrepreneurs, offering a personalised and specialised information, advice and support system.<\/p>\n<\/div>\n","protected":false},"excerpt":{"rendered":"<p>The Regional Minister for Economy and Industry, Mar\u00eda Jes\u00fas Lorenzana, met with representatives of the Confederation of Textile Industries of Galicia to address the challenges facing this industry in the region Vigo, 15 November 2024 The Regional Minister for Economy and Industry, Mar\u00eda Jes\u00fas Lorenzana, met with representatives of the Confederation of Textile Industries of [&hellip;]<\/p>\n","protected":false},"author":3,"featured_media":12016,"comment_status":"closed","ping_status":"closed","sticky":false,"template":"","format":"standard","meta":{"inline_featured_image":false,"footnotes":""},"categories":[37],"tags":[],"class_list":["post-12021","post","type-post","status-publish","format-standard","has-post-thumbnail","hentry","category-uncategorized"],"yoast_head":"<!-- This site is optimized with the Yoast SEO plugin v27.5 - https:\/\/yoast.com\/product\/yoast-seo-wordpress\/ -->\n<title>Xunta evaluates modernisation and innovation strategies in the textile sector with Cointega - Oficina Econ\u00f3mica de Galicia<\/title>\n<meta name=\"description\" content=\"The Regional Minister for Economy and Industry, Mar\u00eda Jes\u00fas Lorenzana, met with Cointega to evaluate modernisation and innovation strategies in the textile sector.\" \/>\n<meta name=\"robots\" content=\"index, follow, max-snippet:-1, max-image-preview:large, max-video-preview:-1\" \/>\n<link rel=\"canonical\" href=\"https:\/\/oficinaeconomicagalicia.xunta.gal\/a-xunta-avalia-con-cointega-estratexias-de-modernizacion-e-innovacion-no-sector-textil\/\" \/>\n<meta property=\"og:locale\" content=\"en_US\" \/>\n<meta property=\"og:type\" content=\"article\" \/>\n<meta property=\"og:title\" content=\"Xunta evaluates modernisation and innovation strategies in the textile sector with Cointega - Oficina Econ\u00f3mica de Galicia\" \/>\n<meta property=\"og:description\" content=\"The Regional Minister for Economy and Industry, Mar\u00eda Jes\u00fas Lorenzana, met with Cointega to evaluate modernisation and innovation strategies in the textile sector.\" \/>\n<meta property=\"og:url\" content=\"https:\/\/oficinaeconomicagalicia.xunta.gal\/a-xunta-avalia-con-cointega-estratexias-de-modernizacion-e-innovacion-no-sector-textil\/\" \/>\n<meta property=\"og:site_name\" content=\"Oficina Econ\u00f3mica de Galicia\" \/>\n<meta property=\"article:publisher\" content=\"https:\/\/www.facebook.com\/OficinaEconomicadeGalicia\/\" \/>\n<meta property=\"article:published_time\" content=\"2024-11-15T13:32:08+00:00\" \/>\n<meta property=\"og:image\" content=\"https:\/\/oficinaeconomicagalicia.xunta.gal\/wp-content\/uploads\/2024\/11\/NP_LorenzanaCointega.jpg\" \/>\n\t<meta property=\"og:image:width\" content=\"900\" \/>\n\t<meta property=\"og:image:height\" content=\"506\" \/>\n\t<meta property=\"og:image:type\" content=\"image\/jpeg\" \/>\n<meta name=\"author\" content=\"Adm-Of-Eco\" \/>\n<meta name=\"twitter:card\" content=\"summary_large_image\" \/>\n<meta name=\"twitter:label1\" content=\"Written by\" \/>\n\t<meta name=\"twitter:data1\" content=\"Adm-Of-Eco\" \/>\n\t<meta name=\"twitter:label2\" content=\"Est. reading time\" \/>\n\t<meta name=\"twitter:data2\" content=\"1 minute\" \/>\n<script type=\"application\/ld+json\" class=\"yoast-schema-graph\">{\"@context\":\"https:\\\/\\\/schema.org\",\"@graph\":[{\"@type\":\"Article\",\"@id\":\"https:\\\/\\\/oficinaeconomicagalicia.xunta.gal\\\/a-xunta-avalia-con-cointega-estratexias-de-modernizacion-e-innovacion-no-sector-textil\\\/#article\",\"isPartOf\":{\"@id\":\"https:\\\/\\\/oficinaeconomicagalicia.xunta.gal\\\/a-xunta-avalia-con-cointega-estratexias-de-modernizacion-e-innovacion-no-sector-textil\\\/\"},\"author\":{\"name\":\"Adm-Of-Eco\",\"@id\":\"https:\\\/\\\/oficinaeconomicagalicia.xunta.gal\\\/#\\\/schema\\\/person\\\/4b919f684a33a00a0462301f82898687\"},\"headline\":\"Xunta evaluates modernisation and innovation strategies in the textile sector with Cointega\",\"datePublished\":\"2024-11-15T13:32:08+00:00\",\"mainEntityOfPage\":{\"@id\":\"https:\\\/\\\/oficinaeconomicagalicia.xunta.gal\\\/a-xunta-avalia-con-cointega-estratexias-de-modernizacion-e-innovacion-no-sector-textil\\\/\"},\"wordCount\":250,\"publisher\":{\"@id\":\"https:\\\/\\\/oficinaeconomicagalicia.xunta.gal\\\/#organization\"},\"image\":{\"@id\":\"https:\\\/\\\/oficinaeconomicagalicia.xunta.gal\\\/a-xunta-avalia-con-cointega-estratexias-de-modernizacion-e-innovacion-no-sector-textil\\\/#primaryimage\"},\"thumbnailUrl\":\"https:\\\/\\\/oficinaeconomicagalicia.xunta.gal\\\/wp-content\\\/uploads\\\/2024\\\/11\\\/NP_LorenzanaCointega.jpg\",\"inLanguage\":\"en-US\"},{\"@type\":\"WebPage\",\"@id\":\"https:\\\/\\\/oficinaeconomicagalicia.xunta.gal\\\/a-xunta-avalia-con-cointega-estratexias-de-modernizacion-e-innovacion-no-sector-textil\\\/\",\"url\":\"https:\\\/\\\/oficinaeconomicagalicia.xunta.gal\\\/a-xunta-avalia-con-cointega-estratexias-de-modernizacion-e-innovacion-no-sector-textil\\\/\",\"name\":\"Xunta evaluates modernisation and innovation strategies in the textile sector with Cointega - Oficina Econ\u00f3mica de Galicia\",\"isPartOf\":{\"@id\":\"https:\\\/\\\/oficinaeconomicagalicia.xunta.gal\\\/#website\"},\"primaryImageOfPage\":{\"@id\":\"https:\\\/\\\/oficinaeconomicagalicia.xunta.gal\\\/a-xunta-avalia-con-cointega-estratexias-de-modernizacion-e-innovacion-no-sector-textil\\\/#primaryimage\"},\"image\":{\"@id\":\"https:\\\/\\\/oficinaeconomicagalicia.xunta.gal\\\/a-xunta-avalia-con-cointega-estratexias-de-modernizacion-e-innovacion-no-sector-textil\\\/#primaryimage\"},\"thumbnailUrl\":\"https:\\\/\\\/oficinaeconomicagalicia.xunta.gal\\\/wp-content\\\/uploads\\\/2024\\\/11\\\/NP_LorenzanaCointega.jpg\",\"datePublished\":\"2024-11-15T13:32:08+00:00\",\"description\":\"The Regional Minister for Economy and Industry, Mar\u00eda Jes\u00fas Lorenzana, met with Cointega to evaluate modernisation and innovation strategies in the textile sector.\",\"breadcrumb\":{\"@id\":\"https:\\\/\\\/oficinaeconomicagalicia.xunta.gal\\\/a-xunta-avalia-con-cointega-estratexias-de-modernizacion-e-innovacion-no-sector-textil\\\/#breadcrumb\"},\"inLanguage\":\"en-US\",\"potentialAction\":[{\"@type\":\"ReadAction\",\"target\":[\"https:\\\/\\\/oficinaeconomicagalicia.xunta.gal\\\/a-xunta-avalia-con-cointega-estratexias-de-modernizacion-e-innovacion-no-sector-textil\\\/\"]}]},{\"@type\":\"ImageObject\",\"inLanguage\":\"en-US\",\"@id\":\"https:\\\/\\\/oficinaeconomicagalicia.xunta.gal\\\/a-xunta-avalia-con-cointega-estratexias-de-modernizacion-e-innovacion-no-sector-textil\\\/#primaryimage\",\"url\":\"https:\\\/\\\/oficinaeconomicagalicia.xunta.gal\\\/wp-content\\\/uploads\\\/2024\\\/11\\\/NP_LorenzanaCointega.jpg\",\"contentUrl\":\"https:\\\/\\\/oficinaeconomicagalicia.xunta.gal\\\/wp-content\\\/uploads\\\/2024\\\/11\\\/NP_LorenzanaCointega.jpg\",\"width\":900,\"height\":506},{\"@type\":\"BreadcrumbList\",\"@id\":\"https:\\\/\\\/oficinaeconomicagalicia.xunta.gal\\\/a-xunta-avalia-con-cointega-estratexias-de-modernizacion-e-innovacion-no-sector-textil\\\/#breadcrumb\",\"itemListElement\":[{\"@type\":\"ListItem\",\"position\":1,\"name\":\"Inicio\",\"item\":\"https:\\\/\\\/oficinaeconomicagalicia.xunta.gal\\\/\"},{\"@type\":\"ListItem\",\"position\":2,\"name\":\"Xunta evaluates modernisation and innovation strategies in the textile sector with Cointega\"}]},{\"@type\":\"WebSite\",\"@id\":\"https:\\\/\\\/oficinaeconomicagalicia.xunta.gal\\\/#website\",\"url\":\"https:\\\/\\\/oficinaeconomicagalicia.xunta.gal\\\/\",\"name\":\"Oficina Econ\u00f3mica de Galicia\",\"description\":\"Convertir calquera tr\u00e1mite nun mero tr\u00e1mite\",\"publisher\":{\"@id\":\"https:\\\/\\\/oficinaeconomicagalicia.xunta.gal\\\/#organization\"},\"potentialAction\":[{\"@type\":\"SearchAction\",\"target\":{\"@type\":\"EntryPoint\",\"urlTemplate\":\"https:\\\/\\\/oficinaeconomicagalicia.xunta.gal\\\/?s={search_term_string}\"},\"query-input\":{\"@type\":\"PropertyValueSpecification\",\"valueRequired\":true,\"valueName\":\"search_term_string\"}}],\"inLanguage\":\"en-US\"},{\"@type\":\"Organization\",\"@id\":\"https:\\\/\\\/oficinaeconomicagalicia.xunta.gal\\\/#organization\",\"name\":\"Oficina Econ\u00f3mica de Galicia\",\"alternateName\":\"OEG\",\"url\":\"https:\\\/\\\/oficinaeconomicagalicia.xunta.gal\\\/\",\"logo\":{\"@type\":\"ImageObject\",\"inLanguage\":\"en-US\",\"@id\":\"https:\\\/\\\/oficinaeconomicagalicia.xunta.gal\\\/#\\\/schema\\\/logo\\\/image\\\/\",\"url\":\"https:\\\/\\\/oficinaeconomicagalicia.xunta.gal\\\/wp-content\\\/uploads\\\/2023\\\/04\\\/xunta.svg\",\"contentUrl\":\"https:\\\/\\\/oficinaeconomicagalicia.xunta.gal\\\/wp-content\\\/uploads\\\/2023\\\/04\\\/xunta.svg\",\"width\":5952.76,\"height\":1700.79,\"caption\":\"Oficina Econ\u00f3mica de Galicia\"},\"image\":{\"@id\":\"https:\\\/\\\/oficinaeconomicagalicia.xunta.gal\\\/#\\\/schema\\\/logo\\\/image\\\/\"},\"sameAs\":[\"https:\\\/\\\/www.facebook.com\\\/OficinaEconomicadeGalicia\\\/\",\"https:\\\/\\\/www.linkedin.com\\\/company\\\/oficina-economica-de-galicia\\\/\"]},{\"@type\":\"Person\",\"@id\":\"https:\\\/\\\/oficinaeconomicagalicia.xunta.gal\\\/#\\\/schema\\\/person\\\/4b919f684a33a00a0462301f82898687\",\"name\":\"Adm-Of-Eco\",\"image\":{\"@type\":\"ImageObject\",\"inLanguage\":\"en-US\",\"@id\":\"https:\\\/\\\/secure.gravatar.com\\\/avatar\\\/822d9b5d44712904254790eea11ee749fdd737058bfbfaadfa58d3ed306af81d?s=96&d=mm&r=g\",\"url\":\"https:\\\/\\\/secure.gravatar.com\\\/avatar\\\/822d9b5d44712904254790eea11ee749fdd737058bfbfaadfa58d3ed306af81d?s=96&d=mm&r=g\",\"contentUrl\":\"https:\\\/\\\/secure.gravatar.com\\\/avatar\\\/822d9b5d44712904254790eea11ee749fdd737058bfbfaadfa58d3ed306af81d?s=96&d=mm&r=g\",\"caption\":\"Adm-Of-Eco\"},\"url\":\"https:\\\/\\\/oficinaeconomicagalicia.xunta.gal\\\/en\\\/author\\\/adm-of-eco\\\/\"}]}<\/script>\n<!-- \/ Yoast SEO plugin. -->","yoast_head_json":{"title":"Xunta evaluates modernisation and innovation strategies in the textile sector with Cointega - Oficina Econ\u00f3mica de Galicia","description":"The Regional Minister for Economy and Industry, Mar\u00eda Jes\u00fas Lorenzana, met with Cointega to evaluate modernisation and innovation strategies in the textile sector.","robots":{"index":"index","follow":"follow","max-snippet":"max-snippet:-1","max-image-preview":"max-image-preview:large","max-video-preview":"max-video-preview:-1"},"canonical":"https:\/\/oficinaeconomicagalicia.xunta.gal\/a-xunta-avalia-con-cointega-estratexias-de-modernizacion-e-innovacion-no-sector-textil\/","og_locale":"en_US","og_type":"article","og_title":"Xunta evaluates modernisation and innovation strategies in the textile sector with Cointega - Oficina Econ\u00f3mica de Galicia","og_description":"The Regional Minister for Economy and Industry, Mar\u00eda Jes\u00fas Lorenzana, met with Cointega to evaluate modernisation and innovation strategies in the textile sector.","og_url":"https:\/\/oficinaeconomicagalicia.xunta.gal\/a-xunta-avalia-con-cointega-estratexias-de-modernizacion-e-innovacion-no-sector-textil\/","og_site_name":"Oficina Econ\u00f3mica de Galicia","article_publisher":"https:\/\/www.facebook.com\/OficinaEconomicadeGalicia\/","article_published_time":"2024-11-15T13:32:08+00:00","og_image":[{"width":900,"height":506,"url":"https:\/\/oficinaeconomicagalicia.xunta.gal\/wp-content\/uploads\/2024\/11\/NP_LorenzanaCointega.jpg","type":"image\/jpeg"}],"author":"Adm-Of-Eco","twitter_card":"summary_large_image","twitter_misc":{"Written by":"Adm-Of-Eco","Est. reading time":"1 minute"},"schema":{"@context":"https:\/\/schema.org","@graph":[{"@type":"Article","@id":"https:\/\/oficinaeconomicagalicia.xunta.gal\/a-xunta-avalia-con-cointega-estratexias-de-modernizacion-e-innovacion-no-sector-textil\/#article","isPartOf":{"@id":"https:\/\/oficinaeconomicagalicia.xunta.gal\/a-xunta-avalia-con-cointega-estratexias-de-modernizacion-e-innovacion-no-sector-textil\/"},"author":{"name":"Adm-Of-Eco","@id":"https:\/\/oficinaeconomicagalicia.xunta.gal\/#\/schema\/person\/4b919f684a33a00a0462301f82898687"},"headline":"Xunta evaluates modernisation and innovation strategies in the textile sector with Cointega","datePublished":"2024-11-15T13:32:08+00:00","mainEntityOfPage":{"@id":"https:\/\/oficinaeconomicagalicia.xunta.gal\/a-xunta-avalia-con-cointega-estratexias-de-modernizacion-e-innovacion-no-sector-textil\/"},"wordCount":250,"publisher":{"@id":"https:\/\/oficinaeconomicagalicia.xunta.gal\/#organization"},"image":{"@id":"https:\/\/oficinaeconomicagalicia.xunta.gal\/a-xunta-avalia-con-cointega-estratexias-de-modernizacion-e-innovacion-no-sector-textil\/#primaryimage"},"thumbnailUrl":"https:\/\/oficinaeconomicagalicia.xunta.gal\/wp-content\/uploads\/2024\/11\/NP_LorenzanaCointega.jpg","inLanguage":"en-US"},{"@type":"WebPage","@id":"https:\/\/oficinaeconomicagalicia.xunta.gal\/a-xunta-avalia-con-cointega-estratexias-de-modernizacion-e-innovacion-no-sector-textil\/","url":"https:\/\/oficinaeconomicagalicia.xunta.gal\/a-xunta-avalia-con-cointega-estratexias-de-modernizacion-e-innovacion-no-sector-textil\/","name":"Xunta evaluates modernisation and innovation strategies in the textile sector with Cointega - Oficina Econ\u00f3mica de Galicia","isPartOf":{"@id":"https:\/\/oficinaeconomicagalicia.xunta.gal\/#website"},"primaryImageOfPage":{"@id":"https:\/\/oficinaeconomicagalicia.xunta.gal\/a-xunta-avalia-con-cointega-estratexias-de-modernizacion-e-innovacion-no-sector-textil\/#primaryimage"},"image":{"@id":"https:\/\/oficinaeconomicagalicia.xunta.gal\/a-xunta-avalia-con-cointega-estratexias-de-modernizacion-e-innovacion-no-sector-textil\/#primaryimage"},"thumbnailUrl":"https:\/\/oficinaeconomicagalicia.xunta.gal\/wp-content\/uploads\/2024\/11\/NP_LorenzanaCointega.jpg","datePublished":"2024-11-15T13:32:08+00:00","description":"The Regional Minister for Economy and Industry, Mar\u00eda Jes\u00fas Lorenzana, met with Cointega to evaluate modernisation and innovation strategies in the textile sector.","breadcrumb":{"@id":"https:\/\/oficinaeconomicagalicia.xunta.gal\/a-xunta-avalia-con-cointega-estratexias-de-modernizacion-e-innovacion-no-sector-textil\/#breadcrumb"},"inLanguage":"en-US","potentialAction":[{"@type":"ReadAction","target":["https:\/\/oficinaeconomicagalicia.xunta.gal\/a-xunta-avalia-con-cointega-estratexias-de-modernizacion-e-innovacion-no-sector-textil\/"]}]},{"@type":"ImageObject","inLanguage":"en-US","@id":"https:\/\/oficinaeconomicagalicia.xunta.gal\/a-xunta-avalia-con-cointega-estratexias-de-modernizacion-e-innovacion-no-sector-textil\/#primaryimage","url":"https:\/\/oficinaeconomicagalicia.xunta.gal\/wp-content\/uploads\/2024\/11\/NP_LorenzanaCointega.jpg","contentUrl":"https:\/\/oficinaeconomicagalicia.xunta.gal\/wp-content\/uploads\/2024\/11\/NP_LorenzanaCointega.jpg","width":900,"height":506},{"@type":"BreadcrumbList","@id":"https:\/\/oficinaeconomicagalicia.xunta.gal\/a-xunta-avalia-con-cointega-estratexias-de-modernizacion-e-innovacion-no-sector-textil\/#breadcrumb","itemListElement":[{"@type":"ListItem","position":1,"name":"Inicio","item":"https:\/\/oficinaeconomicagalicia.xunta.gal\/"},{"@type":"ListItem","position":2,"name":"Xunta evaluates modernisation and innovation strategies in the textile sector with Cointega"}]},{"@type":"WebSite","@id":"https:\/\/oficinaeconomicagalicia.xunta.gal\/#website","url":"https:\/\/oficinaeconomicagalicia.xunta.gal\/","name":"Oficina Econ\u00f3mica de Galicia","description":"Convertir calquera tr\u00e1mite nun mero tr\u00e1mite","publisher":{"@id":"https:\/\/oficinaeconomicagalicia.xunta.gal\/#organization"},"potentialAction":[{"@type":"SearchAction","target":{"@type":"EntryPoint","urlTemplate":"https:\/\/oficinaeconomicagalicia.xunta.gal\/?s={search_term_string}"},"query-input":{"@type":"PropertyValueSpecification","valueRequired":true,"valueName":"search_term_string"}}],"inLanguage":"en-US"},{"@type":"Organization","@id":"https:\/\/oficinaeconomicagalicia.xunta.gal\/#organization","name":"Oficina Econ\u00f3mica de Galicia","alternateName":"OEG","url":"https:\/\/oficinaeconomicagalicia.xunta.gal\/","logo":{"@type":"ImageObject","inLanguage":"en-US","@id":"https:\/\/oficinaeconomicagalicia.xunta.gal\/#\/schema\/logo\/image\/","url":"https:\/\/oficinaeconomicagalicia.xunta.gal\/wp-content\/uploads\/2023\/04\/xunta.svg","contentUrl":"https:\/\/oficinaeconomicagalicia.xunta.gal\/wp-content\/uploads\/2023\/04\/xunta.svg","width":5952.76,"height":1700.79,"caption":"Oficina Econ\u00f3mica de Galicia"},"image":{"@id":"https:\/\/oficinaeconomicagalicia.xunta.gal\/#\/schema\/logo\/image\/"},"sameAs":["https:\/\/www.facebook.com\/OficinaEconomicadeGalicia\/","https:\/\/www.linkedin.com\/company\/oficina-economica-de-galicia\/"]},{"@type":"Person","@id":"https:\/\/oficinaeconomicagalicia.xunta.gal\/#\/schema\/person\/4b919f684a33a00a0462301f82898687","name":"Adm-Of-Eco","image":{"@type":"ImageObject","inLanguage":"en-US","@id":"https:\/\/secure.gravatar.com\/avatar\/822d9b5d44712904254790eea11ee749fdd737058bfbfaadfa58d3ed306af81d?s=96&d=mm&r=g","url":"https:\/\/secure.gravatar.com\/avatar\/822d9b5d44712904254790eea11ee749fdd737058bfbfaadfa58d3ed306af81d?s=96&d=mm&r=g","contentUrl":"https:\/\/secure.gravatar.com\/avatar\/822d9b5d44712904254790eea11ee749fdd737058bfbfaadfa58d3ed306af81d?s=96&d=mm&r=g","caption":"Adm-Of-Eco"},"url":"https:\/\/oficinaeconomicagalicia.xunta.gal\/en\/author\/adm-of-eco\/"}]}},"_links":{"self":[{"href":"https:\/\/oficinaeconomicagalicia.xunta.gal\/en\/wp-json\/wp\/v2\/posts\/12021","targetHints":{"allow":["GET"]}}],"collection":[{"href":"https:\/\/oficinaeconomicagalicia.xunta.gal\/en\/wp-json\/wp\/v2\/posts"}],"about":[{"href":"https:\/\/oficinaeconomicagalicia.xunta.gal\/en\/wp-json\/wp\/v2\/types\/post"}],"author":[{"embeddable":true,"href":"https:\/\/oficinaeconomicagalicia.xunta.gal\/en\/wp-json\/wp\/v2\/users\/3"}],"replies":[{"embeddable":true,"href":"https:\/\/oficinaeconomicagalicia.xunta.gal\/en\/wp-json\/wp\/v2\/comments?post=12021"}],"version-history":[{"count":0,"href":"https:\/\/oficinaeconomicagalicia.xunta.gal\/en\/wp-json\/wp\/v2\/posts\/12021\/revisions"}],"wp:featuredmedia":[{"embeddable":true,"href":"https:\/\/oficinaeconomicagalicia.xunta.gal\/en\/wp-json\/wp\/v2\/media\/12016"}],"wp:attachment":[{"href":"https:\/\/oficinaeconomicagalicia.xunta.gal\/en\/wp-json\/wp\/v2\/media?parent=12021"}],"wp:term":[{"taxonomy":"category","embeddable":true,"href":"https:\/\/oficinaeconomicagalicia.xunta.gal\/en\/wp-json\/wp\/v2\/categories?post=12021"},{"taxonomy":"post_tag","embeddable":true,"href":"https:\/\/oficinaeconomicagalicia.xunta.gal\/en\/wp-json\/wp\/v2\/tags?post=12021"}],"curies":[{"name":"wp","href":"https:\/\/api.w.org\/{rel}","templated":true}]}}