{"id":17148,"date":"2025-06-11T20:06:58","date_gmt":"2025-06-11T18:06:58","guid":{"rendered":"https:\/\/oficinaeconomicagalicia.xunta.gal\/lorenzana-announces-that-in-the-coming-weeks-the-new-service-of-the-economic-office-of-galicia-specialising-in-defence-security-and-the-aerospace-sector-will-start-operating\/"},"modified":"2025-06-11T20:06:58","modified_gmt":"2025-06-11T18:06:58","slug":"lorenzana-announces-that-in-the-coming-weeks-the-new-service-of-the-economic-office-of-galicia-specialising-in-defence-security-and-the-aerospace-sector-will-start-operating","status":"publish","type":"post","link":"https:\/\/oficinaeconomicagalicia.xunta.gal\/en\/lorenzana-announces-that-in-the-coming-weeks-the-new-service-of-the-economic-office-of-galicia-specialising-in-defence-security-and-the-aerospace-sector-will-start-operating\/","title":{"rendered":"Lorenzana announces that in the coming weeks the new service of the Economic Office of Galicia, specialising in defence, security and the aerospace sector, will start operating"},"content":{"rendered":"<ul>\n<li class=\"my-2 [&amp;+p]:mt-4 [&amp;_strong:has(+br)]:inline-block [&amp;_strong:has(+br)]:pb-2\">She explained that this measure is part of the new Galician Strategy for Aerospace, Security and Defence<\/li>\n<li class=\"my-2 [&amp;+p]:mt-4 [&amp;_strong:has(+br)]:inline-block [&amp;_strong:has(+br)]:pb-2\">She pointed out that, in its first year of operation, this entity has handled more than 22,600 enquiries, 85% of which were resolved on the spot<\/li>\n<li class=\"my-2 [&amp;+p]:mt-4 [&amp;_strong:has(+br)]:inline-block [&amp;_strong:has(+br)]:pb-2\">The Economic Office of Galicia also supports Igape\u2019s Miami office in advising companies on their export strategies<\/li>\n<\/ul>\n<p class=\"my-2 [&amp;+p]:mt-4 [&amp;_strong:has(+br)]:inline-block [&amp;_strong:has(+br)]:pb-2\"><strong>Santiago de Compostela, 11 June 2025<\/strong><\/p>\n<p class=\"my-2 [&amp;+p]:mt-4 [&amp;_strong:has(+br)]:inline-block [&amp;_strong:has(+br)]:pb-2\">The Minister for Economy and Industry, Mar\u00eda Jes\u00fas Lorenzana, announced today that in the coming weeks the Economic Office of Galicia will launch a new advisory service specialising in defence and security projects and the aerospace sector.<\/p>\n<p class=\"my-2 [&amp;+p]:mt-4 [&amp;_strong:has(+br)]:inline-block [&amp;_strong:has(+br)]:pb-2\">In response to an oral question in the Parliamentary Plenary, Lorenzana explained that this measure is part of the new Galician Strategy for Aerospace, Security and Defence, which aims to promote the aerospace sector linked to defence and security, and to attract to this area companies from Galicia\u2019s strategic industries, such as automotive, shipbuilding, metalworking and ICT.<\/p>\n<p class=\"my-2 [&amp;+p]:mt-4 [&amp;_strong:has(+br)]:inline-block [&amp;_strong:has(+br)]:pb-2\">The Minister said that, in order to streamline bureaucracy and provide continuous and personalised support to companies, more than one hundred expert professionals work within the Economic Office of Galicia in key areas such as finance, innovation, energy and business strategy, as well as in emerging fields such as climate proofing \u2013 ensuring that infrastructure projects are designed with current and future climate change impacts in mind.<\/p>\n<p class=\"my-2 [&amp;+p]:mt-4 [&amp;_strong:has(+br)]:inline-block [&amp;_strong:has(+br)]:pb-2\">She specified that in its first year of operation, the entity has handled more than 22,600 enquiries, 85% of them resolved immediately, and has held over 1,000 in-person meetings with companies.<\/p>\n<p class=\"my-2 [&amp;+p]:mt-4 [&amp;_strong:has(+br)]:inline-block [&amp;_strong:has(+br)]:pb-2\">As a measure to address the new US tariff policy, she recalled that the Economic Office of Galicia also supports Igape\u2019s satellite office in Miami to advise companies on their export strategies and even help them \u201copen new business doors,\u201d she concluded.<\/p>\n","protected":false},"excerpt":{"rendered":"<p>She explained that this measure is part of the new Galician Strategy for Aerospace, Security and Defence She pointed out that, in its first year of operation, this entity has handled more than 22,600 enquiries, 85% of which were resolved on the spot The Economic Office of Galicia also supports Igape\u2019s Miami office in advising [&hellip;]<\/p>\n","protected":false},"author":3,"featured_media":15399,"comment_status":"closed","ping_status":"closed","sticky":false,"template":"","format":"standard","meta":{"inline_featured_image":false,"footnotes":""},"categories":[37],"tags":[],"class_list":["post-17148","post","type-post","status-publish","format-standard","has-post-thumbnail","hentry","category-uncategorized"],"yoast_head":"<!-- This site is optimized with the Yoast SEO plugin v27.5 - https:\/\/yoast.com\/product\/yoast-seo-wordpress\/ -->\n<title>Lorenzana announces that in the coming weeks the new service of the Economic Office of Galicia, specialising in defence, security and the aerospace sector, will start operating - Oficina Econ\u00f3mica de Galicia<\/title>\n<meta name=\"description\" content=\"New advisory service to be provided by the Economic Office of Galicia, specialising in defence and security projects and in the aerospace sector.\" \/>\n<meta name=\"robots\" content=\"index, follow, max-snippet:-1, max-image-preview:large, max-video-preview:-1\" \/>\n<link rel=\"canonical\" href=\"https:\/\/oficinaeconomicagalicia.xunta.gal\/lorenzana-anuncia-que-nas-vindeiras-semanas-entrara-en-funcionamento-o-novo-servizo-da-oficina-economica-de-galicia-especializado-en-defensa-seguridade-e-sector-aeroespacial\/\" \/>\n<meta property=\"og:locale\" content=\"en_US\" \/>\n<meta property=\"og:type\" content=\"article\" \/>\n<meta property=\"og:title\" content=\"Lorenzana announces that in the coming weeks the new service of the Economic Office of Galicia, specialising in defence, security and the aerospace sector, will start operating - Oficina Econ\u00f3mica de Galicia\" \/>\n<meta property=\"og:description\" content=\"New advisory service to be provided by the Economic Office of Galicia, specialising in defence and security projects and in the aerospace sector.\" \/>\n<meta property=\"og:url\" content=\"https:\/\/oficinaeconomicagalicia.xunta.gal\/lorenzana-anuncia-que-nas-vindeiras-semanas-entrara-en-funcionamento-o-novo-servizo-da-oficina-economica-de-galicia-especializado-en-defensa-seguridade-e-sector-aeroespacial\/\" \/>\n<meta property=\"og:site_name\" content=\"Oficina Econ\u00f3mica de Galicia\" \/>\n<meta property=\"article:publisher\" content=\"https:\/\/www.facebook.com\/OficinaEconomicadeGalicia\/\" \/>\n<meta property=\"article:published_time\" content=\"2025-06-11T18:06:58+00:00\" \/>\n<meta property=\"og:image\" content=\"https:\/\/oficinaeconomicagalicia.xunta.gal\/wp-content\/uploads\/2025\/06\/250611_EconomiaPleno_x-2_Xunta.jpg\" \/>\n\t<meta property=\"og:image:width\" content=\"900\" \/>\n\t<meta property=\"og:image:height\" content=\"506\" \/>\n\t<meta property=\"og:image:type\" content=\"image\/jpeg\" \/>\n<meta name=\"author\" content=\"Adm-Of-Eco\" \/>\n<meta name=\"twitter:card\" content=\"summary_large_image\" \/>\n<meta name=\"twitter:label1\" content=\"Written by\" \/>\n\t<meta name=\"twitter:data1\" content=\"Adm-Of-Eco\" \/>\n\t<meta name=\"twitter:label2\" content=\"Est. reading time\" \/>\n\t<meta name=\"twitter:data2\" content=\"1 minute\" \/>\n<script type=\"application\/ld+json\" class=\"yoast-schema-graph\">{\"@context\":\"https:\\\/\\\/schema.org\",\"@graph\":[{\"@type\":\"Article\",\"@id\":\"https:\\\/\\\/oficinaeconomicagalicia.xunta.gal\\\/lorenzana-anuncia-que-nas-vindeiras-semanas-entrara-en-funcionamento-o-novo-servizo-da-oficina-economica-de-galicia-especializado-en-defensa-seguridade-e-sector-aeroespacial\\\/#article\",\"isPartOf\":{\"@id\":\"https:\\\/\\\/oficinaeconomicagalicia.xunta.gal\\\/lorenzana-anuncia-que-nas-vindeiras-semanas-entrara-en-funcionamento-o-novo-servizo-da-oficina-economica-de-galicia-especializado-en-defensa-seguridade-e-sector-aeroespacial\\\/\"},\"author\":{\"name\":\"Adm-Of-Eco\",\"@id\":\"https:\\\/\\\/oficinaeconomicagalicia.xunta.gal\\\/#\\\/schema\\\/person\\\/4b919f684a33a00a0462301f82898687\"},\"headline\":\"Lorenzana announces that in the coming weeks the new service of the Economic Office of Galicia, specialising in defence, security and the aerospace sector, will start operating\",\"datePublished\":\"2025-06-11T18:06:58+00:00\",\"mainEntityOfPage\":{\"@id\":\"https:\\\/\\\/oficinaeconomicagalicia.xunta.gal\\\/lorenzana-anuncia-que-nas-vindeiras-semanas-entrara-en-funcionamento-o-novo-servizo-da-oficina-economica-de-galicia-especializado-en-defensa-seguridade-e-sector-aeroespacial\\\/\"},\"wordCount\":324,\"publisher\":{\"@id\":\"https:\\\/\\\/oficinaeconomicagalicia.xunta.gal\\\/#organization\"},\"image\":{\"@id\":\"https:\\\/\\\/oficinaeconomicagalicia.xunta.gal\\\/lorenzana-anuncia-que-nas-vindeiras-semanas-entrara-en-funcionamento-o-novo-servizo-da-oficina-economica-de-galicia-especializado-en-defensa-seguridade-e-sector-aeroespacial\\\/#primaryimage\"},\"thumbnailUrl\":\"https:\\\/\\\/oficinaeconomicagalicia.xunta.gal\\\/wp-content\\\/uploads\\\/2025\\\/06\\\/250611_EconomiaPleno_x-2_Xunta.jpg\",\"inLanguage\":\"en-US\"},{\"@type\":\"WebPage\",\"@id\":\"https:\\\/\\\/oficinaeconomicagalicia.xunta.gal\\\/lorenzana-anuncia-que-nas-vindeiras-semanas-entrara-en-funcionamento-o-novo-servizo-da-oficina-economica-de-galicia-especializado-en-defensa-seguridade-e-sector-aeroespacial\\\/\",\"url\":\"https:\\\/\\\/oficinaeconomicagalicia.xunta.gal\\\/lorenzana-anuncia-que-nas-vindeiras-semanas-entrara-en-funcionamento-o-novo-servizo-da-oficina-economica-de-galicia-especializado-en-defensa-seguridade-e-sector-aeroespacial\\\/\",\"name\":\"Lorenzana announces that in the coming weeks the new service of the Economic Office of Galicia, specialising in defence, security and the aerospace sector, will start operating - Oficina Econ\u00f3mica de Galicia\",\"isPartOf\":{\"@id\":\"https:\\\/\\\/oficinaeconomicagalicia.xunta.gal\\\/#website\"},\"primaryImageOfPage\":{\"@id\":\"https:\\\/\\\/oficinaeconomicagalicia.xunta.gal\\\/lorenzana-anuncia-que-nas-vindeiras-semanas-entrara-en-funcionamento-o-novo-servizo-da-oficina-economica-de-galicia-especializado-en-defensa-seguridade-e-sector-aeroespacial\\\/#primaryimage\"},\"image\":{\"@id\":\"https:\\\/\\\/oficinaeconomicagalicia.xunta.gal\\\/lorenzana-anuncia-que-nas-vindeiras-semanas-entrara-en-funcionamento-o-novo-servizo-da-oficina-economica-de-galicia-especializado-en-defensa-seguridade-e-sector-aeroespacial\\\/#primaryimage\"},\"thumbnailUrl\":\"https:\\\/\\\/oficinaeconomicagalicia.xunta.gal\\\/wp-content\\\/uploads\\\/2025\\\/06\\\/250611_EconomiaPleno_x-2_Xunta.jpg\",\"datePublished\":\"2025-06-11T18:06:58+00:00\",\"description\":\"New advisory service to be provided by the Economic Office of Galicia, specialising in defence and security projects and in the aerospace sector.\",\"breadcrumb\":{\"@id\":\"https:\\\/\\\/oficinaeconomicagalicia.xunta.gal\\\/lorenzana-anuncia-que-nas-vindeiras-semanas-entrara-en-funcionamento-o-novo-servizo-da-oficina-economica-de-galicia-especializado-en-defensa-seguridade-e-sector-aeroespacial\\\/#breadcrumb\"},\"inLanguage\":\"en-US\",\"potentialAction\":[{\"@type\":\"ReadAction\",\"target\":[\"https:\\\/\\\/oficinaeconomicagalicia.xunta.gal\\\/lorenzana-anuncia-que-nas-vindeiras-semanas-entrara-en-funcionamento-o-novo-servizo-da-oficina-economica-de-galicia-especializado-en-defensa-seguridade-e-sector-aeroespacial\\\/\"]}]},{\"@type\":\"ImageObject\",\"inLanguage\":\"en-US\",\"@id\":\"https:\\\/\\\/oficinaeconomicagalicia.xunta.gal\\\/lorenzana-anuncia-que-nas-vindeiras-semanas-entrara-en-funcionamento-o-novo-servizo-da-oficina-economica-de-galicia-especializado-en-defensa-seguridade-e-sector-aeroespacial\\\/#primaryimage\",\"url\":\"https:\\\/\\\/oficinaeconomicagalicia.xunta.gal\\\/wp-content\\\/uploads\\\/2025\\\/06\\\/250611_EconomiaPleno_x-2_Xunta.jpg\",\"contentUrl\":\"https:\\\/\\\/oficinaeconomicagalicia.xunta.gal\\\/wp-content\\\/uploads\\\/2025\\\/06\\\/250611_EconomiaPleno_x-2_Xunta.jpg\",\"width\":900,\"height\":506},{\"@type\":\"BreadcrumbList\",\"@id\":\"https:\\\/\\\/oficinaeconomicagalicia.xunta.gal\\\/lorenzana-anuncia-que-nas-vindeiras-semanas-entrara-en-funcionamento-o-novo-servizo-da-oficina-economica-de-galicia-especializado-en-defensa-seguridade-e-sector-aeroespacial\\\/#breadcrumb\",\"itemListElement\":[{\"@type\":\"ListItem\",\"position\":1,\"name\":\"Inicio\",\"item\":\"https:\\\/\\\/oficinaeconomicagalicia.xunta.gal\\\/\"},{\"@type\":\"ListItem\",\"position\":2,\"name\":\"Lorenzana announces that in the coming weeks the new service of the Economic Office of Galicia, specialising in defence, security and the aerospace sector, will start operating\"}]},{\"@type\":\"WebSite\",\"@id\":\"https:\\\/\\\/oficinaeconomicagalicia.xunta.gal\\\/#website\",\"url\":\"https:\\\/\\\/oficinaeconomicagalicia.xunta.gal\\\/\",\"name\":\"Oficina Econ\u00f3mica de Galicia\",\"description\":\"Convertir calquera tr\u00e1mite nun mero tr\u00e1mite\",\"publisher\":{\"@id\":\"https:\\\/\\\/oficinaeconomicagalicia.xunta.gal\\\/#organization\"},\"potentialAction\":[{\"@type\":\"SearchAction\",\"target\":{\"@type\":\"EntryPoint\",\"urlTemplate\":\"https:\\\/\\\/oficinaeconomicagalicia.xunta.gal\\\/?s={search_term_string}\"},\"query-input\":{\"@type\":\"PropertyValueSpecification\",\"valueRequired\":true,\"valueName\":\"search_term_string\"}}],\"inLanguage\":\"en-US\"},{\"@type\":\"Organization\",\"@id\":\"https:\\\/\\\/oficinaeconomicagalicia.xunta.gal\\\/#organization\",\"name\":\"Oficina Econ\u00f3mica de Galicia\",\"alternateName\":\"OEG\",\"url\":\"https:\\\/\\\/oficinaeconomicagalicia.xunta.gal\\\/\",\"logo\":{\"@type\":\"ImageObject\",\"inLanguage\":\"en-US\",\"@id\":\"https:\\\/\\\/oficinaeconomicagalicia.xunta.gal\\\/#\\\/schema\\\/logo\\\/image\\\/\",\"url\":\"https:\\\/\\\/oficinaeconomicagalicia.xunta.gal\\\/wp-content\\\/uploads\\\/2023\\\/04\\\/xunta.svg\",\"contentUrl\":\"https:\\\/\\\/oficinaeconomicagalicia.xunta.gal\\\/wp-content\\\/uploads\\\/2023\\\/04\\\/xunta.svg\",\"width\":5952.76,\"height\":1700.79,\"caption\":\"Oficina Econ\u00f3mica de Galicia\"},\"image\":{\"@id\":\"https:\\\/\\\/oficinaeconomicagalicia.xunta.gal\\\/#\\\/schema\\\/logo\\\/image\\\/\"},\"sameAs\":[\"https:\\\/\\\/www.facebook.com\\\/OficinaEconomicadeGalicia\\\/\",\"https:\\\/\\\/www.linkedin.com\\\/company\\\/oficina-economica-de-galicia\\\/\"]},{\"@type\":\"Person\",\"@id\":\"https:\\\/\\\/oficinaeconomicagalicia.xunta.gal\\\/#\\\/schema\\\/person\\\/4b919f684a33a00a0462301f82898687\",\"name\":\"Adm-Of-Eco\",\"image\":{\"@type\":\"ImageObject\",\"inLanguage\":\"en-US\",\"@id\":\"https:\\\/\\\/secure.gravatar.com\\\/avatar\\\/822d9b5d44712904254790eea11ee749fdd737058bfbfaadfa58d3ed306af81d?s=96&d=mm&r=g\",\"url\":\"https:\\\/\\\/secure.gravatar.com\\\/avatar\\\/822d9b5d44712904254790eea11ee749fdd737058bfbfaadfa58d3ed306af81d?s=96&d=mm&r=g\",\"contentUrl\":\"https:\\\/\\\/secure.gravatar.com\\\/avatar\\\/822d9b5d44712904254790eea11ee749fdd737058bfbfaadfa58d3ed306af81d?s=96&d=mm&r=g\",\"caption\":\"Adm-Of-Eco\"},\"url\":\"https:\\\/\\\/oficinaeconomicagalicia.xunta.gal\\\/en\\\/author\\\/adm-of-eco\\\/\"}]}<\/script>\n<!-- \/ Yoast SEO plugin. -->","yoast_head_json":{"title":"Lorenzana announces that in the coming weeks the new service of the Economic Office of Galicia, specialising in defence, security and the aerospace sector, will start operating - Oficina Econ\u00f3mica de Galicia","description":"New advisory service to be provided by the Economic Office of Galicia, specialising in defence and security projects and in the aerospace sector.","robots":{"index":"index","follow":"follow","max-snippet":"max-snippet:-1","max-image-preview":"max-image-preview:large","max-video-preview":"max-video-preview:-1"},"canonical":"https:\/\/oficinaeconomicagalicia.xunta.gal\/lorenzana-anuncia-que-nas-vindeiras-semanas-entrara-en-funcionamento-o-novo-servizo-da-oficina-economica-de-galicia-especializado-en-defensa-seguridade-e-sector-aeroespacial\/","og_locale":"en_US","og_type":"article","og_title":"Lorenzana announces that in the coming weeks the new service of the Economic Office of Galicia, specialising in defence, security and the aerospace sector, will start operating - Oficina Econ\u00f3mica de Galicia","og_description":"New advisory service to be provided by the Economic Office of Galicia, specialising in defence and security projects and in the aerospace sector.","og_url":"https:\/\/oficinaeconomicagalicia.xunta.gal\/lorenzana-anuncia-que-nas-vindeiras-semanas-entrara-en-funcionamento-o-novo-servizo-da-oficina-economica-de-galicia-especializado-en-defensa-seguridade-e-sector-aeroespacial\/","og_site_name":"Oficina Econ\u00f3mica de Galicia","article_publisher":"https:\/\/www.facebook.com\/OficinaEconomicadeGalicia\/","article_published_time":"2025-06-11T18:06:58+00:00","og_image":[{"width":900,"height":506,"url":"https:\/\/oficinaeconomicagalicia.xunta.gal\/wp-content\/uploads\/2025\/06\/250611_EconomiaPleno_x-2_Xunta.jpg","type":"image\/jpeg"}],"author":"Adm-Of-Eco","twitter_card":"summary_large_image","twitter_misc":{"Written by":"Adm-Of-Eco","Est. reading time":"1 minute"},"schema":{"@context":"https:\/\/schema.org","@graph":[{"@type":"Article","@id":"https:\/\/oficinaeconomicagalicia.xunta.gal\/lorenzana-anuncia-que-nas-vindeiras-semanas-entrara-en-funcionamento-o-novo-servizo-da-oficina-economica-de-galicia-especializado-en-defensa-seguridade-e-sector-aeroespacial\/#article","isPartOf":{"@id":"https:\/\/oficinaeconomicagalicia.xunta.gal\/lorenzana-anuncia-que-nas-vindeiras-semanas-entrara-en-funcionamento-o-novo-servizo-da-oficina-economica-de-galicia-especializado-en-defensa-seguridade-e-sector-aeroespacial\/"},"author":{"name":"Adm-Of-Eco","@id":"https:\/\/oficinaeconomicagalicia.xunta.gal\/#\/schema\/person\/4b919f684a33a00a0462301f82898687"},"headline":"Lorenzana announces that in the coming weeks the new service of the Economic Office of Galicia, specialising in defence, security and the aerospace sector, will start operating","datePublished":"2025-06-11T18:06:58+00:00","mainEntityOfPage":{"@id":"https:\/\/oficinaeconomicagalicia.xunta.gal\/lorenzana-anuncia-que-nas-vindeiras-semanas-entrara-en-funcionamento-o-novo-servizo-da-oficina-economica-de-galicia-especializado-en-defensa-seguridade-e-sector-aeroespacial\/"},"wordCount":324,"publisher":{"@id":"https:\/\/oficinaeconomicagalicia.xunta.gal\/#organization"},"image":{"@id":"https:\/\/oficinaeconomicagalicia.xunta.gal\/lorenzana-anuncia-que-nas-vindeiras-semanas-entrara-en-funcionamento-o-novo-servizo-da-oficina-economica-de-galicia-especializado-en-defensa-seguridade-e-sector-aeroespacial\/#primaryimage"},"thumbnailUrl":"https:\/\/oficinaeconomicagalicia.xunta.gal\/wp-content\/uploads\/2025\/06\/250611_EconomiaPleno_x-2_Xunta.jpg","inLanguage":"en-US"},{"@type":"WebPage","@id":"https:\/\/oficinaeconomicagalicia.xunta.gal\/lorenzana-anuncia-que-nas-vindeiras-semanas-entrara-en-funcionamento-o-novo-servizo-da-oficina-economica-de-galicia-especializado-en-defensa-seguridade-e-sector-aeroespacial\/","url":"https:\/\/oficinaeconomicagalicia.xunta.gal\/lorenzana-anuncia-que-nas-vindeiras-semanas-entrara-en-funcionamento-o-novo-servizo-da-oficina-economica-de-galicia-especializado-en-defensa-seguridade-e-sector-aeroespacial\/","name":"Lorenzana announces that in the coming weeks the new service of the Economic Office of Galicia, specialising in defence, security and the aerospace sector, will start operating - Oficina Econ\u00f3mica de Galicia","isPartOf":{"@id":"https:\/\/oficinaeconomicagalicia.xunta.gal\/#website"},"primaryImageOfPage":{"@id":"https:\/\/oficinaeconomicagalicia.xunta.gal\/lorenzana-anuncia-que-nas-vindeiras-semanas-entrara-en-funcionamento-o-novo-servizo-da-oficina-economica-de-galicia-especializado-en-defensa-seguridade-e-sector-aeroespacial\/#primaryimage"},"image":{"@id":"https:\/\/oficinaeconomicagalicia.xunta.gal\/lorenzana-anuncia-que-nas-vindeiras-semanas-entrara-en-funcionamento-o-novo-servizo-da-oficina-economica-de-galicia-especializado-en-defensa-seguridade-e-sector-aeroespacial\/#primaryimage"},"thumbnailUrl":"https:\/\/oficinaeconomicagalicia.xunta.gal\/wp-content\/uploads\/2025\/06\/250611_EconomiaPleno_x-2_Xunta.jpg","datePublished":"2025-06-11T18:06:58+00:00","description":"New advisory service to be provided by the Economic Office of Galicia, specialising in defence and security projects and in the aerospace sector.","breadcrumb":{"@id":"https:\/\/oficinaeconomicagalicia.xunta.gal\/lorenzana-anuncia-que-nas-vindeiras-semanas-entrara-en-funcionamento-o-novo-servizo-da-oficina-economica-de-galicia-especializado-en-defensa-seguridade-e-sector-aeroespacial\/#breadcrumb"},"inLanguage":"en-US","potentialAction":[{"@type":"ReadAction","target":["https:\/\/oficinaeconomicagalicia.xunta.gal\/lorenzana-anuncia-que-nas-vindeiras-semanas-entrara-en-funcionamento-o-novo-servizo-da-oficina-economica-de-galicia-especializado-en-defensa-seguridade-e-sector-aeroespacial\/"]}]},{"@type":"ImageObject","inLanguage":"en-US","@id":"https:\/\/oficinaeconomicagalicia.xunta.gal\/lorenzana-anuncia-que-nas-vindeiras-semanas-entrara-en-funcionamento-o-novo-servizo-da-oficina-economica-de-galicia-especializado-en-defensa-seguridade-e-sector-aeroespacial\/#primaryimage","url":"https:\/\/oficinaeconomicagalicia.xunta.gal\/wp-content\/uploads\/2025\/06\/250611_EconomiaPleno_x-2_Xunta.jpg","contentUrl":"https:\/\/oficinaeconomicagalicia.xunta.gal\/wp-content\/uploads\/2025\/06\/250611_EconomiaPleno_x-2_Xunta.jpg","width":900,"height":506},{"@type":"BreadcrumbList","@id":"https:\/\/oficinaeconomicagalicia.xunta.gal\/lorenzana-anuncia-que-nas-vindeiras-semanas-entrara-en-funcionamento-o-novo-servizo-da-oficina-economica-de-galicia-especializado-en-defensa-seguridade-e-sector-aeroespacial\/#breadcrumb","itemListElement":[{"@type":"ListItem","position":1,"name":"Inicio","item":"https:\/\/oficinaeconomicagalicia.xunta.gal\/"},{"@type":"ListItem","position":2,"name":"Lorenzana announces that in the coming weeks the new service of the Economic Office of Galicia, specialising in defence, security and the aerospace sector, will start operating"}]},{"@type":"WebSite","@id":"https:\/\/oficinaeconomicagalicia.xunta.gal\/#website","url":"https:\/\/oficinaeconomicagalicia.xunta.gal\/","name":"Oficina Econ\u00f3mica de Galicia","description":"Convertir calquera tr\u00e1mite nun mero tr\u00e1mite","publisher":{"@id":"https:\/\/oficinaeconomicagalicia.xunta.gal\/#organization"},"potentialAction":[{"@type":"SearchAction","target":{"@type":"EntryPoint","urlTemplate":"https:\/\/oficinaeconomicagalicia.xunta.gal\/?s={search_term_string}"},"query-input":{"@type":"PropertyValueSpecification","valueRequired":true,"valueName":"search_term_string"}}],"inLanguage":"en-US"},{"@type":"Organization","@id":"https:\/\/oficinaeconomicagalicia.xunta.gal\/#organization","name":"Oficina Econ\u00f3mica de Galicia","alternateName":"OEG","url":"https:\/\/oficinaeconomicagalicia.xunta.gal\/","logo":{"@type":"ImageObject","inLanguage":"en-US","@id":"https:\/\/oficinaeconomicagalicia.xunta.gal\/#\/schema\/logo\/image\/","url":"https:\/\/oficinaeconomicagalicia.xunta.gal\/wp-content\/uploads\/2023\/04\/xunta.svg","contentUrl":"https:\/\/oficinaeconomicagalicia.xunta.gal\/wp-content\/uploads\/2023\/04\/xunta.svg","width":5952.76,"height":1700.79,"caption":"Oficina Econ\u00f3mica de Galicia"},"image":{"@id":"https:\/\/oficinaeconomicagalicia.xunta.gal\/#\/schema\/logo\/image\/"},"sameAs":["https:\/\/www.facebook.com\/OficinaEconomicadeGalicia\/","https:\/\/www.linkedin.com\/company\/oficina-economica-de-galicia\/"]},{"@type":"Person","@id":"https:\/\/oficinaeconomicagalicia.xunta.gal\/#\/schema\/person\/4b919f684a33a00a0462301f82898687","name":"Adm-Of-Eco","image":{"@type":"ImageObject","inLanguage":"en-US","@id":"https:\/\/secure.gravatar.com\/avatar\/822d9b5d44712904254790eea11ee749fdd737058bfbfaadfa58d3ed306af81d?s=96&d=mm&r=g","url":"https:\/\/secure.gravatar.com\/avatar\/822d9b5d44712904254790eea11ee749fdd737058bfbfaadfa58d3ed306af81d?s=96&d=mm&r=g","contentUrl":"https:\/\/secure.gravatar.com\/avatar\/822d9b5d44712904254790eea11ee749fdd737058bfbfaadfa58d3ed306af81d?s=96&d=mm&r=g","caption":"Adm-Of-Eco"},"url":"https:\/\/oficinaeconomicagalicia.xunta.gal\/en\/author\/adm-of-eco\/"}]}},"_links":{"self":[{"href":"https:\/\/oficinaeconomicagalicia.xunta.gal\/en\/wp-json\/wp\/v2\/posts\/17148","targetHints":{"allow":["GET"]}}],"collection":[{"href":"https:\/\/oficinaeconomicagalicia.xunta.gal\/en\/wp-json\/wp\/v2\/posts"}],"about":[{"href":"https:\/\/oficinaeconomicagalicia.xunta.gal\/en\/wp-json\/wp\/v2\/types\/post"}],"author":[{"embeddable":true,"href":"https:\/\/oficinaeconomicagalicia.xunta.gal\/en\/wp-json\/wp\/v2\/users\/3"}],"replies":[{"embeddable":true,"href":"https:\/\/oficinaeconomicagalicia.xunta.gal\/en\/wp-json\/wp\/v2\/comments?post=17148"}],"version-history":[{"count":0,"href":"https:\/\/oficinaeconomicagalicia.xunta.gal\/en\/wp-json\/wp\/v2\/posts\/17148\/revisions"}],"wp:featuredmedia":[{"embeddable":true,"href":"https:\/\/oficinaeconomicagalicia.xunta.gal\/en\/wp-json\/wp\/v2\/media\/15399"}],"wp:attachment":[{"href":"https:\/\/oficinaeconomicagalicia.xunta.gal\/en\/wp-json\/wp\/v2\/media?parent=17148"}],"wp:term":[{"taxonomy":"category","embeddable":true,"href":"https:\/\/oficinaeconomicagalicia.xunta.gal\/en\/wp-json\/wp\/v2\/categories?post=17148"},{"taxonomy":"post_tag","embeddable":true,"href":"https:\/\/oficinaeconomicagalicia.xunta.gal\/en\/wp-json\/wp\/v2\/tags?post=17148"}],"curies":[{"name":"wp","href":"https:\/\/api.w.org\/{rel}","templated":true}]}}