{"id":17670,"date":"2025-11-26T09:00:40","date_gmt":"2025-11-26T07:00:40","guid":{"rendered":"https:\/\/oficinaeconomicagalicia.xunta.gal\/?p=17670"},"modified":"2025-11-26T09:00:40","modified_gmt":"2025-11-26T07:00:40","slug":"five-keys-to-positive-language-and-communication-at-work","status":"publish","type":"post","link":"https:\/\/oficinaeconomicagalicia.xunta.gal\/en\/five-keys-to-positive-language-and-communication-at-work\/","title":{"rendered":"Five keys to positive language and communication at work"},"content":{"rendered":"<p>In any professional environment, the way we communicate has a direct impact on the quality of relationships, the work atmosphere, and the results we achieve. The words we choose influence both how we perceive reality and how other people interpret our messages.<\/p>\n<p>For this reason, developing positive communication has become an essential skill for improving coexistence, fostering motivation, and strengthening teams.<\/p>\n<p>Speaking of positive communication does not mean hiding problems or avoiding conflicts, but rather learning to express ourselves in a more constructive way, focused on solutions and opportunities for improvement. Changing the focus of language can transform the way we think, feel, and act.<\/p>\n<p>Below are five practical keys for applying positive language in the workplace:<\/p>\n<ol>\n<li><strong>Indicate what you can do, instead of what you cannot do.<\/strong> Reframing a negative phrase in terms of possibility changes the perception of the message. An example: instead of saying &#8220;I can&#8217;t meet in the morning,&#8221; try &#8220;I can meet from two o&#8217;clock onwards.&#8221;<\/li>\n<li><strong>Say what you want, not what you don&#8217;t want.<\/strong> Requests in positive terms are clearer and generate less resistance. For example: instead of &#8220;Don&#8217;t leave anything on,&#8221; better &#8220;Please, turn everything off when you leave.&#8221;<\/li>\n<li><strong>Respond with specificity and consistency.<\/strong> When the answer is affirmative, use a clear &#8220;yes,&#8221; always seeking to convey confidence and empathy. An example would be: &#8220;Can I take tomorrow off?&#8221; \u2013 &#8220;Yes, of course, enjoy it.&#8221;<\/li>\n<li><strong>Frame your messages in a positive tone.<\/strong> Changing neutrality or negative focus to recognition or gratitude improves communicative relationships. Thus, instead of &#8220;I received the information,&#8221; you can say &#8220;Thank you for sending me the information.&#8221;<\/li>\n<li><strong>Look for solutions, not culprits.<\/strong> Language oriented towards problem-solving promotes collaboration and avoids unnecessary tensions. In this way, you&#8217;ll notice differences when you replace &#8220;You forgot to include this&#8221; with &#8220;To complete it, it would be necessary to add\u2026&#8221;<\/li>\n<\/ol>\n<p>These small transformations in the way we communicate have a multiplying effect, as they help create healthier work environments, increase trust among colleagues, and improve collective efficiency.<\/p>\n<p>Because, in the end, words not only communicate but also build an organization&#8217;s culture.<\/p>\n<p>Having professional support, such as that offered by the <a href=\"https:\/\/asesoramento-oficinaeconomica.igape.es\/inquiry\/gl\/stepper\/?axisId=2&amp;scopeId=5\">Economic Office of Galicia<\/a>, can be decisive for successful implementation. Take advantage of the specialized advice and free resources at your disposal to strengthen your business project.<\/p>\n","protected":false},"excerpt":{"rendered":"<p>In any professional environment, the way we communicate has a direct impact on the quality of relationships, the work atmosphere, and the results we achieve. The words we choose influence both how we perceive reality and how other people interpret our messages. For this reason, developing positive communication has become an essential skill for improving [&hellip;]<\/p>\n","protected":false},"author":3,"featured_media":17666,"comment_status":"closed","ping_status":"closed","sticky":false,"template":"","format":"standard","meta":{"inline_featured_image":false,"footnotes":""},"categories":[135,138],"tags":[],"class_list":["post-17670","post","type-post","status-publish","format-standard","has-post-thumbnail","hentry","category-competitiveness","category-people"],"yoast_head":"<!-- This site is optimized with the Yoast SEO plugin v27.5 - https:\/\/yoast.com\/product\/yoast-seo-wordpress\/ -->\n<title>Five keys to positive language and communication at work - Oficina Econ\u00f3mica de Galicia<\/title>\n<meta name=\"description\" content=\"In any professional environment, the way we communicate has a direct impact on the quality of relationships\" \/>\n<meta name=\"robots\" content=\"index, follow, max-snippet:-1, max-image-preview:large, max-video-preview:-1\" \/>\n<link rel=\"canonical\" href=\"https:\/\/oficinaeconomicagalicia.xunta.gal\/cinco-claves-para-unha-linguaxe-e-comunicacion-positiva-no-traballo\/\" \/>\n<meta property=\"og:locale\" content=\"en_US\" \/>\n<meta property=\"og:type\" content=\"article\" \/>\n<meta property=\"og:title\" content=\"Five keys to positive language and communication at work - Oficina Econ\u00f3mica de Galicia\" \/>\n<meta property=\"og:description\" content=\"In any professional environment, the way we communicate has a direct impact on the quality of relationships\" \/>\n<meta property=\"og:url\" content=\"https:\/\/oficinaeconomicagalicia.xunta.gal\/cinco-claves-para-unha-linguaxe-e-comunicacion-positiva-no-traballo\/\" \/>\n<meta property=\"og:site_name\" content=\"Oficina Econ\u00f3mica de Galicia\" \/>\n<meta property=\"article:publisher\" content=\"https:\/\/www.facebook.com\/OficinaEconomicadeGalicia\/\" \/>\n<meta property=\"article:published_time\" content=\"2025-11-26T07:00:40+00:00\" \/>\n<meta property=\"og:image\" content=\"https:\/\/oficinaeconomicagalicia.xunta.gal\/wp-content\/uploads\/2025\/11\/2149152686-1.webp\" \/>\n\t<meta property=\"og:image:width\" content=\"2000\" \/>\n\t<meta property=\"og:image:height\" content=\"1333\" \/>\n\t<meta property=\"og:image:type\" content=\"image\/webp\" \/>\n<meta name=\"author\" content=\"Adm-Of-Eco\" \/>\n<meta name=\"twitter:card\" content=\"summary_large_image\" \/>\n<meta name=\"twitter:label1\" content=\"Written by\" \/>\n\t<meta name=\"twitter:data1\" content=\"Adm-Of-Eco\" \/>\n\t<meta name=\"twitter:label2\" content=\"Est. reading time\" \/>\n\t<meta name=\"twitter:data2\" content=\"2 minutes\" \/>\n<script type=\"application\/ld+json\" class=\"yoast-schema-graph\">{\"@context\":\"https:\\\/\\\/schema.org\",\"@graph\":[{\"@type\":\"Article\",\"@id\":\"https:\\\/\\\/oficinaeconomicagalicia.xunta.gal\\\/cinco-claves-para-unha-linguaxe-e-comunicacion-positiva-no-traballo\\\/#article\",\"isPartOf\":{\"@id\":\"https:\\\/\\\/oficinaeconomicagalicia.xunta.gal\\\/cinco-claves-para-unha-linguaxe-e-comunicacion-positiva-no-traballo\\\/\"},\"author\":{\"name\":\"Adm-Of-Eco\",\"@id\":\"https:\\\/\\\/oficinaeconomicagalicia.xunta.gal\\\/#\\\/schema\\\/person\\\/4b919f684a33a00a0462301f82898687\"},\"headline\":\"Five keys to positive language and communication at work\",\"datePublished\":\"2025-11-26T07:00:40+00:00\",\"mainEntityOfPage\":{\"@id\":\"https:\\\/\\\/oficinaeconomicagalicia.xunta.gal\\\/cinco-claves-para-unha-linguaxe-e-comunicacion-positiva-no-traballo\\\/\"},\"wordCount\":392,\"publisher\":{\"@id\":\"https:\\\/\\\/oficinaeconomicagalicia.xunta.gal\\\/#organization\"},\"image\":{\"@id\":\"https:\\\/\\\/oficinaeconomicagalicia.xunta.gal\\\/cinco-claves-para-unha-linguaxe-e-comunicacion-positiva-no-traballo\\\/#primaryimage\"},\"thumbnailUrl\":\"https:\\\/\\\/oficinaeconomicagalicia.xunta.gal\\\/wp-content\\\/uploads\\\/2025\\\/11\\\/2149152686-1.webp\",\"articleSection\":[\"Competitiveness\",\"People\"],\"inLanguage\":\"en-US\"},{\"@type\":\"WebPage\",\"@id\":\"https:\\\/\\\/oficinaeconomicagalicia.xunta.gal\\\/cinco-claves-para-unha-linguaxe-e-comunicacion-positiva-no-traballo\\\/\",\"url\":\"https:\\\/\\\/oficinaeconomicagalicia.xunta.gal\\\/cinco-claves-para-unha-linguaxe-e-comunicacion-positiva-no-traballo\\\/\",\"name\":\"Five keys to positive language and communication at work - Oficina Econ\u00f3mica de Galicia\",\"isPartOf\":{\"@id\":\"https:\\\/\\\/oficinaeconomicagalicia.xunta.gal\\\/#website\"},\"primaryImageOfPage\":{\"@id\":\"https:\\\/\\\/oficinaeconomicagalicia.xunta.gal\\\/cinco-claves-para-unha-linguaxe-e-comunicacion-positiva-no-traballo\\\/#primaryimage\"},\"image\":{\"@id\":\"https:\\\/\\\/oficinaeconomicagalicia.xunta.gal\\\/cinco-claves-para-unha-linguaxe-e-comunicacion-positiva-no-traballo\\\/#primaryimage\"},\"thumbnailUrl\":\"https:\\\/\\\/oficinaeconomicagalicia.xunta.gal\\\/wp-content\\\/uploads\\\/2025\\\/11\\\/2149152686-1.webp\",\"datePublished\":\"2025-11-26T07:00:40+00:00\",\"description\":\"In any professional environment, the way we communicate has a direct impact on the quality of relationships\",\"breadcrumb\":{\"@id\":\"https:\\\/\\\/oficinaeconomicagalicia.xunta.gal\\\/cinco-claves-para-unha-linguaxe-e-comunicacion-positiva-no-traballo\\\/#breadcrumb\"},\"inLanguage\":\"en-US\",\"potentialAction\":[{\"@type\":\"ReadAction\",\"target\":[\"https:\\\/\\\/oficinaeconomicagalicia.xunta.gal\\\/cinco-claves-para-unha-linguaxe-e-comunicacion-positiva-no-traballo\\\/\"]}]},{\"@type\":\"ImageObject\",\"inLanguage\":\"en-US\",\"@id\":\"https:\\\/\\\/oficinaeconomicagalicia.xunta.gal\\\/cinco-claves-para-unha-linguaxe-e-comunicacion-positiva-no-traballo\\\/#primaryimage\",\"url\":\"https:\\\/\\\/oficinaeconomicagalicia.xunta.gal\\\/wp-content\\\/uploads\\\/2025\\\/11\\\/2149152686-1.webp\",\"contentUrl\":\"https:\\\/\\\/oficinaeconomicagalicia.xunta.gal\\\/wp-content\\\/uploads\\\/2025\\\/11\\\/2149152686-1.webp\",\"width\":2000,\"height\":1333},{\"@type\":\"BreadcrumbList\",\"@id\":\"https:\\\/\\\/oficinaeconomicagalicia.xunta.gal\\\/cinco-claves-para-unha-linguaxe-e-comunicacion-positiva-no-traballo\\\/#breadcrumb\",\"itemListElement\":[{\"@type\":\"ListItem\",\"position\":1,\"name\":\"Inicio\",\"item\":\"https:\\\/\\\/oficinaeconomicagalicia.xunta.gal\\\/\"},{\"@type\":\"ListItem\",\"position\":2,\"name\":\"Five keys to positive language and communication at work\"}]},{\"@type\":\"WebSite\",\"@id\":\"https:\\\/\\\/oficinaeconomicagalicia.xunta.gal\\\/#website\",\"url\":\"https:\\\/\\\/oficinaeconomicagalicia.xunta.gal\\\/\",\"name\":\"Oficina Econ\u00f3mica de Galicia\",\"description\":\"Convertir calquera tr\u00e1mite nun mero tr\u00e1mite\",\"publisher\":{\"@id\":\"https:\\\/\\\/oficinaeconomicagalicia.xunta.gal\\\/#organization\"},\"potentialAction\":[{\"@type\":\"SearchAction\",\"target\":{\"@type\":\"EntryPoint\",\"urlTemplate\":\"https:\\\/\\\/oficinaeconomicagalicia.xunta.gal\\\/?s={search_term_string}\"},\"query-input\":{\"@type\":\"PropertyValueSpecification\",\"valueRequired\":true,\"valueName\":\"search_term_string\"}}],\"inLanguage\":\"en-US\"},{\"@type\":\"Organization\",\"@id\":\"https:\\\/\\\/oficinaeconomicagalicia.xunta.gal\\\/#organization\",\"name\":\"Oficina Econ\u00f3mica de Galicia\",\"alternateName\":\"OEG\",\"url\":\"https:\\\/\\\/oficinaeconomicagalicia.xunta.gal\\\/\",\"logo\":{\"@type\":\"ImageObject\",\"inLanguage\":\"en-US\",\"@id\":\"https:\\\/\\\/oficinaeconomicagalicia.xunta.gal\\\/#\\\/schema\\\/logo\\\/image\\\/\",\"url\":\"https:\\\/\\\/oficinaeconomicagalicia.xunta.gal\\\/wp-content\\\/uploads\\\/2023\\\/04\\\/xunta.svg\",\"contentUrl\":\"https:\\\/\\\/oficinaeconomicagalicia.xunta.gal\\\/wp-content\\\/uploads\\\/2023\\\/04\\\/xunta.svg\",\"width\":5952.76,\"height\":1700.79,\"caption\":\"Oficina Econ\u00f3mica de Galicia\"},\"image\":{\"@id\":\"https:\\\/\\\/oficinaeconomicagalicia.xunta.gal\\\/#\\\/schema\\\/logo\\\/image\\\/\"},\"sameAs\":[\"https:\\\/\\\/www.facebook.com\\\/OficinaEconomicadeGalicia\\\/\",\"https:\\\/\\\/www.linkedin.com\\\/company\\\/oficina-economica-de-galicia\\\/\"]},{\"@type\":\"Person\",\"@id\":\"https:\\\/\\\/oficinaeconomicagalicia.xunta.gal\\\/#\\\/schema\\\/person\\\/4b919f684a33a00a0462301f82898687\",\"name\":\"Adm-Of-Eco\",\"image\":{\"@type\":\"ImageObject\",\"inLanguage\":\"en-US\",\"@id\":\"https:\\\/\\\/secure.gravatar.com\\\/avatar\\\/822d9b5d44712904254790eea11ee749fdd737058bfbfaadfa58d3ed306af81d?s=96&d=mm&r=g\",\"url\":\"https:\\\/\\\/secure.gravatar.com\\\/avatar\\\/822d9b5d44712904254790eea11ee749fdd737058bfbfaadfa58d3ed306af81d?s=96&d=mm&r=g\",\"contentUrl\":\"https:\\\/\\\/secure.gravatar.com\\\/avatar\\\/822d9b5d44712904254790eea11ee749fdd737058bfbfaadfa58d3ed306af81d?s=96&d=mm&r=g\",\"caption\":\"Adm-Of-Eco\"},\"url\":\"https:\\\/\\\/oficinaeconomicagalicia.xunta.gal\\\/en\\\/author\\\/adm-of-eco\\\/\"}]}<\/script>\n<!-- \/ Yoast SEO plugin. -->","yoast_head_json":{"title":"Five keys to positive language and communication at work - Oficina Econ\u00f3mica de Galicia","description":"In any professional environment, the way we communicate has a direct impact on the quality of relationships","robots":{"index":"index","follow":"follow","max-snippet":"max-snippet:-1","max-image-preview":"max-image-preview:large","max-video-preview":"max-video-preview:-1"},"canonical":"https:\/\/oficinaeconomicagalicia.xunta.gal\/cinco-claves-para-unha-linguaxe-e-comunicacion-positiva-no-traballo\/","og_locale":"en_US","og_type":"article","og_title":"Five keys to positive language and communication at work - Oficina Econ\u00f3mica de Galicia","og_description":"In any professional environment, the way we communicate has a direct impact on the quality of relationships","og_url":"https:\/\/oficinaeconomicagalicia.xunta.gal\/cinco-claves-para-unha-linguaxe-e-comunicacion-positiva-no-traballo\/","og_site_name":"Oficina Econ\u00f3mica de Galicia","article_publisher":"https:\/\/www.facebook.com\/OficinaEconomicadeGalicia\/","article_published_time":"2025-11-26T07:00:40+00:00","og_image":[{"width":2000,"height":1333,"url":"https:\/\/oficinaeconomicagalicia.xunta.gal\/wp-content\/uploads\/2025\/11\/2149152686-1.webp","type":"image\/webp"}],"author":"Adm-Of-Eco","twitter_card":"summary_large_image","twitter_misc":{"Written by":"Adm-Of-Eco","Est. reading time":"2 minutes"},"schema":{"@context":"https:\/\/schema.org","@graph":[{"@type":"Article","@id":"https:\/\/oficinaeconomicagalicia.xunta.gal\/cinco-claves-para-unha-linguaxe-e-comunicacion-positiva-no-traballo\/#article","isPartOf":{"@id":"https:\/\/oficinaeconomicagalicia.xunta.gal\/cinco-claves-para-unha-linguaxe-e-comunicacion-positiva-no-traballo\/"},"author":{"name":"Adm-Of-Eco","@id":"https:\/\/oficinaeconomicagalicia.xunta.gal\/#\/schema\/person\/4b919f684a33a00a0462301f82898687"},"headline":"Five keys to positive language and communication at work","datePublished":"2025-11-26T07:00:40+00:00","mainEntityOfPage":{"@id":"https:\/\/oficinaeconomicagalicia.xunta.gal\/cinco-claves-para-unha-linguaxe-e-comunicacion-positiva-no-traballo\/"},"wordCount":392,"publisher":{"@id":"https:\/\/oficinaeconomicagalicia.xunta.gal\/#organization"},"image":{"@id":"https:\/\/oficinaeconomicagalicia.xunta.gal\/cinco-claves-para-unha-linguaxe-e-comunicacion-positiva-no-traballo\/#primaryimage"},"thumbnailUrl":"https:\/\/oficinaeconomicagalicia.xunta.gal\/wp-content\/uploads\/2025\/11\/2149152686-1.webp","articleSection":["Competitiveness","People"],"inLanguage":"en-US"},{"@type":"WebPage","@id":"https:\/\/oficinaeconomicagalicia.xunta.gal\/cinco-claves-para-unha-linguaxe-e-comunicacion-positiva-no-traballo\/","url":"https:\/\/oficinaeconomicagalicia.xunta.gal\/cinco-claves-para-unha-linguaxe-e-comunicacion-positiva-no-traballo\/","name":"Five keys to positive language and communication at work - Oficina Econ\u00f3mica de Galicia","isPartOf":{"@id":"https:\/\/oficinaeconomicagalicia.xunta.gal\/#website"},"primaryImageOfPage":{"@id":"https:\/\/oficinaeconomicagalicia.xunta.gal\/cinco-claves-para-unha-linguaxe-e-comunicacion-positiva-no-traballo\/#primaryimage"},"image":{"@id":"https:\/\/oficinaeconomicagalicia.xunta.gal\/cinco-claves-para-unha-linguaxe-e-comunicacion-positiva-no-traballo\/#primaryimage"},"thumbnailUrl":"https:\/\/oficinaeconomicagalicia.xunta.gal\/wp-content\/uploads\/2025\/11\/2149152686-1.webp","datePublished":"2025-11-26T07:00:40+00:00","description":"In any professional environment, the way we communicate has a direct impact on the quality of relationships","breadcrumb":{"@id":"https:\/\/oficinaeconomicagalicia.xunta.gal\/cinco-claves-para-unha-linguaxe-e-comunicacion-positiva-no-traballo\/#breadcrumb"},"inLanguage":"en-US","potentialAction":[{"@type":"ReadAction","target":["https:\/\/oficinaeconomicagalicia.xunta.gal\/cinco-claves-para-unha-linguaxe-e-comunicacion-positiva-no-traballo\/"]}]},{"@type":"ImageObject","inLanguage":"en-US","@id":"https:\/\/oficinaeconomicagalicia.xunta.gal\/cinco-claves-para-unha-linguaxe-e-comunicacion-positiva-no-traballo\/#primaryimage","url":"https:\/\/oficinaeconomicagalicia.xunta.gal\/wp-content\/uploads\/2025\/11\/2149152686-1.webp","contentUrl":"https:\/\/oficinaeconomicagalicia.xunta.gal\/wp-content\/uploads\/2025\/11\/2149152686-1.webp","width":2000,"height":1333},{"@type":"BreadcrumbList","@id":"https:\/\/oficinaeconomicagalicia.xunta.gal\/cinco-claves-para-unha-linguaxe-e-comunicacion-positiva-no-traballo\/#breadcrumb","itemListElement":[{"@type":"ListItem","position":1,"name":"Inicio","item":"https:\/\/oficinaeconomicagalicia.xunta.gal\/"},{"@type":"ListItem","position":2,"name":"Five keys to positive language and communication at work"}]},{"@type":"WebSite","@id":"https:\/\/oficinaeconomicagalicia.xunta.gal\/#website","url":"https:\/\/oficinaeconomicagalicia.xunta.gal\/","name":"Oficina Econ\u00f3mica de Galicia","description":"Convertir calquera tr\u00e1mite nun mero tr\u00e1mite","publisher":{"@id":"https:\/\/oficinaeconomicagalicia.xunta.gal\/#organization"},"potentialAction":[{"@type":"SearchAction","target":{"@type":"EntryPoint","urlTemplate":"https:\/\/oficinaeconomicagalicia.xunta.gal\/?s={search_term_string}"},"query-input":{"@type":"PropertyValueSpecification","valueRequired":true,"valueName":"search_term_string"}}],"inLanguage":"en-US"},{"@type":"Organization","@id":"https:\/\/oficinaeconomicagalicia.xunta.gal\/#organization","name":"Oficina Econ\u00f3mica de Galicia","alternateName":"OEG","url":"https:\/\/oficinaeconomicagalicia.xunta.gal\/","logo":{"@type":"ImageObject","inLanguage":"en-US","@id":"https:\/\/oficinaeconomicagalicia.xunta.gal\/#\/schema\/logo\/image\/","url":"https:\/\/oficinaeconomicagalicia.xunta.gal\/wp-content\/uploads\/2023\/04\/xunta.svg","contentUrl":"https:\/\/oficinaeconomicagalicia.xunta.gal\/wp-content\/uploads\/2023\/04\/xunta.svg","width":5952.76,"height":1700.79,"caption":"Oficina Econ\u00f3mica de Galicia"},"image":{"@id":"https:\/\/oficinaeconomicagalicia.xunta.gal\/#\/schema\/logo\/image\/"},"sameAs":["https:\/\/www.facebook.com\/OficinaEconomicadeGalicia\/","https:\/\/www.linkedin.com\/company\/oficina-economica-de-galicia\/"]},{"@type":"Person","@id":"https:\/\/oficinaeconomicagalicia.xunta.gal\/#\/schema\/person\/4b919f684a33a00a0462301f82898687","name":"Adm-Of-Eco","image":{"@type":"ImageObject","inLanguage":"en-US","@id":"https:\/\/secure.gravatar.com\/avatar\/822d9b5d44712904254790eea11ee749fdd737058bfbfaadfa58d3ed306af81d?s=96&d=mm&r=g","url":"https:\/\/secure.gravatar.com\/avatar\/822d9b5d44712904254790eea11ee749fdd737058bfbfaadfa58d3ed306af81d?s=96&d=mm&r=g","contentUrl":"https:\/\/secure.gravatar.com\/avatar\/822d9b5d44712904254790eea11ee749fdd737058bfbfaadfa58d3ed306af81d?s=96&d=mm&r=g","caption":"Adm-Of-Eco"},"url":"https:\/\/oficinaeconomicagalicia.xunta.gal\/en\/author\/adm-of-eco\/"}]}},"_links":{"self":[{"href":"https:\/\/oficinaeconomicagalicia.xunta.gal\/en\/wp-json\/wp\/v2\/posts\/17670","targetHints":{"allow":["GET"]}}],"collection":[{"href":"https:\/\/oficinaeconomicagalicia.xunta.gal\/en\/wp-json\/wp\/v2\/posts"}],"about":[{"href":"https:\/\/oficinaeconomicagalicia.xunta.gal\/en\/wp-json\/wp\/v2\/types\/post"}],"author":[{"embeddable":true,"href":"https:\/\/oficinaeconomicagalicia.xunta.gal\/en\/wp-json\/wp\/v2\/users\/3"}],"replies":[{"embeddable":true,"href":"https:\/\/oficinaeconomicagalicia.xunta.gal\/en\/wp-json\/wp\/v2\/comments?post=17670"}],"version-history":[{"count":1,"href":"https:\/\/oficinaeconomicagalicia.xunta.gal\/en\/wp-json\/wp\/v2\/posts\/17670\/revisions"}],"predecessor-version":[{"id":17717,"href":"https:\/\/oficinaeconomicagalicia.xunta.gal\/en\/wp-json\/wp\/v2\/posts\/17670\/revisions\/17717"}],"wp:featuredmedia":[{"embeddable":true,"href":"https:\/\/oficinaeconomicagalicia.xunta.gal\/en\/wp-json\/wp\/v2\/media\/17666"}],"wp:attachment":[{"href":"https:\/\/oficinaeconomicagalicia.xunta.gal\/en\/wp-json\/wp\/v2\/media?parent=17670"}],"wp:term":[{"taxonomy":"category","embeddable":true,"href":"https:\/\/oficinaeconomicagalicia.xunta.gal\/en\/wp-json\/wp\/v2\/categories?post=17670"},{"taxonomy":"post_tag","embeddable":true,"href":"https:\/\/oficinaeconomicagalicia.xunta.gal\/en\/wp-json\/wp\/v2\/tags?post=17670"}],"curies":[{"name":"wp","href":"https:\/\/api.w.org\/{rel}","templated":true}]}}