{"id":18152,"date":"2025-12-29T16:36:04","date_gmt":"2025-12-29T14:36:04","guid":{"rendered":"https:\/\/oficinaeconomicagalicia.xunta.gal\/rueda-announces-galicias-first-business-innovation-strategy-through-which-the-xunta-will-mobilise-over-e400-million-in-three-years\/"},"modified":"2025-12-29T16:36:04","modified_gmt":"2025-12-29T14:36:04","slug":"rueda-announces-galicias-first-business-innovation-strategy-through-which-the-xunta-will-mobilise-over-e400-million-in-three-years","status":"publish","type":"post","link":"https:\/\/oficinaeconomicagalicia.xunta.gal\/en\/rueda-announces-galicias-first-business-innovation-strategy-through-which-the-xunta-will-mobilise-over-e400-million-in-three-years\/","title":{"rendered":"Rueda announces Galicia\u2019s first Business Innovation Strategy, through which the Xunta will mobilise over \u20ac400 million in three years"},"content":{"rendered":"<ul>\n<li>The investment represents an increase of nearly 60% compared with the previous scenario in order to equip high-tech companies, attract talent and strategic projects, and create experimentation spaces<\/li>\n<li>\u201cIf we want a modern and competitive productive fabric, innovation must be an inseparable part of its daily life,\u201d he states<\/li>\n<li>He highlights that the goal is \u201cto increase by 25% the number of companies that innovate in the region\u201d and that private investment in this field \u201cshould reach \u20ac1.5 billion.\u201d<\/li>\n<li>The Regional Minister for Economy and Industry emphasises that innovation will make it possible to move towards \u201csustainable competitiveness and the creation of quality employment.\u201d<\/li>\n<li>As part of the strategy, in January the Xunta will allocate \u20ac40 million in aid through the\u00a0<em>Industria Innova<\/em>\u00a0and\u00a0<em>IA360<\/em> programmes<\/li>\n<li>Business innovation expenditure in Galicia exceeded the national average by 17 percentage points in 2024, reaching a total of \u20ac1.073 billion, a 30% increase in one year<\/li>\n<\/ul>\n<p class=\"my-2 [&amp;+p]:mt-4 [&amp;_strong:has(+br)]:inline-block [&amp;_strong:has(+br)]:pb-2\"><strong>Santiago de Compostela, 29 December 2025<\/strong><\/p>\n<p class=\"my-2 [&amp;+p]:mt-4 [&amp;_strong:has(+br)]:inline-block [&amp;_strong:has(+br)]:pb-2\">The President of the Xunta, Alfonso Rueda, announced that the Council today agreed to begin the procedures for launching Galicia\u2019s first\u00a0<em>Business Innovation Strategy 2026\u20132028<\/em>, which is expected to mobilise more than \u20ac400 million. The goal is to boost the competitiveness of the productive fabric and place innovation at the heart of the region\u2019s economic development.<\/p>\n<p class=\"my-2 [&amp;+p]:mt-4 [&amp;_strong:has(+br)]:inline-block [&amp;_strong:has(+br)]:pb-2\">As the President explained, this initiative is part of the Xunta\u2019s commitment to promoting innovation among Galician companies. \u201cIf we want a modern and competitive productive fabric, innovation must be an inseparable part of its daily life,\u201d he stressed.<\/p>\n<p class=\"my-2 [&amp;+p]:mt-4 [&amp;_strong:has(+br)]:inline-block [&amp;_strong:has(+br)]:pb-2\">Rueda stated that the aim is to approve the strategy \u201cin the first half of 2026\u201d and, prior to this, according to the Regional Minister for Economy and Industry, Mar\u00eda Jes\u00fas Lorenzana, meetings will be held with social agents and sectoral entities to gather their contributions. The goal is to consolidate Galicia as a factory of innovation capable of transforming talent and knowledge into real-impact solutions for the economy and society.<\/p>\n<p class=\"my-2 [&amp;+p]:mt-4 [&amp;_strong:has(+br)]:inline-block [&amp;_strong:has(+br)]:pb-2\">In short, the idea is to make innovation a daily practice within Galician business rather than a trend or an exception. To achieve this, the Xunta will seek the involvement of companies, knowledge centres, clusters and various public administrations. \u201cWe want more and better innovation, which will translate into sustainable competitiveness and quality jobs,\u201d said the Regional Minister.<\/p>\n<p class=\"my-2 [&amp;+p]:mt-4 [&amp;_strong:has(+br)]:inline-block [&amp;_strong:has(+br)]:pb-2\">Strengthening public\u2013private cooperation by integrating SMEs into transformation processes in an increasingly competitive and globalised world is one of the initiative\u2019s objectives. It will focus heavily on small and medium-sized enterprises, since, in today\u2019s globalised, technological and competitive environment, most companies that do not innovate are doomed to disappear.<\/p>\n<p class=\"my-2 [&amp;+p]:mt-4 [&amp;_strong:has(+br)]:inline-block [&amp;_strong:has(+br)]:pb-2\">Thus, the 2026\u20132028 roadmap will mobilise \u201cmore than \u20ac400 million in own funds, representing an increase of almost 60% compared with the previous scenario,\u201d according to Lorenzana. This investment will make it possible to attract talent and anchor projects, create experimentation spaces, foster innovation, and equip high-tech companies based on artificial intelligence.<\/p>\n<p class=\"my-2 [&amp;+p]:mt-4 [&amp;_strong:has(+br)]:inline-block [&amp;_strong:has(+br)]:pb-2\">Rueda explained that the strategy aims \u201cto increase by 25% the number of companies that innovate in Galicia,\u201d currently more than 1,750 according to the latest figures, \u201cand ensure that private expenditure in this field grows to \u20ac1.5 billion.\u201d It also seeks to attract, retain and mobilise qualified talent, and to promote support networks that accompany companies.<\/p>\n<h2 class=\"my-2 [&amp;+p]:mt-4 [&amp;_strong:has(+br)]:inline-block [&amp;_strong:has(+br)]:pb-2\"><strong>Background: the Innovation Area<\/strong><\/h2>\n<p class=\"my-2 [&amp;+p]:mt-4 [&amp;_strong:has(+br)]:inline-block [&amp;_strong:has(+br)]:pb-2\">The launch of Galicia\u2019s Business Innovation Strategy follows the creation in 2024 of the\u00a0<em>Business Innovation Area<\/em>\u00a0within the Department of Economy and Industry, through Igape, with the aim of promoting innovation as an essential lever of business competitiveness.<\/p>\n<p class=\"my-2 [&amp;+p]:mt-4 [&amp;_strong:has(+br)]:inline-block [&amp;_strong:has(+br)]:pb-2\">The Galician Government believes that innovation within companies is only consolidated when it translates into greater productivity, sustainability, export capacity and employment. For this reason, facilitating access to financing for companies investing in innovation, promoting technological autonomy, providing public instruments and support networks to accompany companies, and attracting and mobilising talent are among the pillars of the strategy, the draft of which should be ready in the first quarter of 2026.<\/p>\n<h2 class=\"my-2 [&amp;+p]:mt-4 [&amp;_strong:has(+br)]:inline-block [&amp;_strong:has(+br)]:pb-2\"><strong>Four pillars: challenges, structuring, financing and cross-sectorality<\/strong><\/h2>\n<p class=\"my-2 [&amp;+p]:mt-4 [&amp;_strong:has(+br)]:inline-block [&amp;_strong:has(+br)]:pb-2\">The Strategy will be developed through four main pillars: Innovative Enterprise Challenges, Structuring, Financing and Cross-Sectorality, which will include different types of support. The first will feature the activation of two programmes:\u00a0<em>Industria Innova<\/em>\u00a0and\u00a0<em>IA360<\/em>. Rueda highlighted that the Council agreed today to allocate \u201c\u20ac40 million\u201d to these two lines of aid to \u201cboost industrial research projects or implement artificial intelligence tools.\u201d<\/p>\n<p class=\"my-2 [&amp;+p]:mt-4 [&amp;_strong:has(+br)]:inline-block [&amp;_strong:has(+br)]:pb-2\"><em>Industria Innova<\/em>, endowed with \u20ac30 million, is aimed at supporting industrial research, experimental development, and process and organisational innovation projects within Galician companies.\u00a0<em>IA360<\/em>\u00a0(\u20ac10 million) will focus on industry, giving priority to projects linked to Galicia\u2019s strategic sectors and offering two types of aid: the first for developing AI-based technologies and the second for implementing and applying commercial services and solutions based on this technology.<\/p>\n<p class=\"my-2 [&amp;+p]:mt-4 [&amp;_strong:has(+br)]:inline-block [&amp;_strong:has(+br)]:pb-2\">In 2024, business innovation expenditure in Galicia reached \u20ac1.0736 billion, recording an annual growth rate of 30.4%, 17 percentage points above the national rate (13%). As the Regional Minister explained, Galicia \u201cis the fourth region with the highest increase in investment.\u201d These figures demonstrate the region\u2019s strong commitment to incorporating innovation as a lever for growth across all areas and production processes.<\/p>\n<p class=\"my-2 [&amp;+p]:mt-4 [&amp;_strong:has(+br)]:inline-block [&amp;_strong:has(+br)]:pb-2\">Following the Council\u2019s approval today to initiate the procedures for Galicia\u2019s\u00a0<em>Business Innovation Strategy 2026\u20132028<\/em>, a schedule of meetings will be developed, including sessions with the Social Dialogue and the establishment of a\u00a0<em>Business\u2013Innovation Round Table<\/em>, as well as the collection of contributions from innovation-related entities and agents.<\/p>\n","protected":false},"excerpt":{"rendered":"<p>The investment represents an increase of nearly 60% compared with the previous scenario in order to equip high-tech companies, attract talent and strategic projects, and create experimentation spaces \u201cIf we want a modern and competitive productive fabric, innovation must be an inseparable part of its daily life,\u201d he states He highlights that the goal is [&hellip;]<\/p>\n","protected":false},"author":3,"featured_media":18148,"comment_status":"closed","ping_status":"closed","sticky":false,"template":"","format":"standard","meta":{"inline_featured_image":false,"footnotes":""},"categories":[37],"tags":[],"class_list":["post-18152","post","type-post","status-publish","format-standard","has-post-thumbnail","hentry","category-uncategorized"],"yoast_head":"<!-- This site is optimized with the Yoast SEO plugin v27.5 - https:\/\/yoast.com\/product\/yoast-seo-wordpress\/ -->\n<title>Rueda announces Galicia\u2019s first Business Innovation Strategy, through which the Xunta will mobilise over \u20ac400 million in three years - Oficina Econ\u00f3mica de Galicia<\/title>\n<meta name=\"description\" content=\"The first Business Innovation Strategy of Galicia 2026\u20132028 is being launched, with more than \u20ac400 million expected to be mobilised.\" \/>\n<meta name=\"robots\" content=\"index, follow, max-snippet:-1, max-image-preview:large, max-video-preview:-1\" \/>\n<link rel=\"canonical\" href=\"https:\/\/oficinaeconomicagalicia.xunta.gal\/rueda-anuncia-a-primeira-estratexia-de-innovacion-empresarial-de-galicia-coa-que-a-xunta-mobilizara-mais-de-400-me-en-tres-anos\/\" \/>\n<meta property=\"og:locale\" content=\"en_US\" \/>\n<meta property=\"og:type\" content=\"article\" \/>\n<meta property=\"og:title\" content=\"Rueda announces Galicia\u2019s first Business Innovation Strategy, through which the Xunta will mobilise over \u20ac400 million in three years - Oficina Econ\u00f3mica de Galicia\" \/>\n<meta property=\"og:description\" content=\"The first Business Innovation Strategy of Galicia 2026\u20132028 is being launched, with more than \u20ac400 million expected to be mobilised.\" \/>\n<meta property=\"og:url\" content=\"https:\/\/oficinaeconomicagalicia.xunta.gal\/rueda-anuncia-a-primeira-estratexia-de-innovacion-empresarial-de-galicia-coa-que-a-xunta-mobilizara-mais-de-400-me-en-tres-anos\/\" \/>\n<meta property=\"og:site_name\" content=\"Oficina Econ\u00f3mica de Galicia\" \/>\n<meta property=\"article:publisher\" content=\"https:\/\/www.facebook.com\/OficinaEconomicadeGalicia\/\" \/>\n<meta property=\"article:published_time\" content=\"2025-12-29T14:36:04+00:00\" \/>\n<meta property=\"og:image\" content=\"https:\/\/oficinaeconomicagalicia.xunta.gal\/wp-content\/uploads\/2025\/12\/251229_Pte_Eco_Consello_RP_DCS_02-2_Web.jpg\" \/>\n\t<meta property=\"og:image:width\" content=\"900\" \/>\n\t<meta property=\"og:image:height\" content=\"515\" \/>\n\t<meta property=\"og:image:type\" content=\"image\/jpeg\" \/>\n<meta name=\"author\" content=\"Adm-Of-Eco\" \/>\n<meta name=\"twitter:card\" content=\"summary_large_image\" \/>\n<meta name=\"twitter:label1\" content=\"Written by\" \/>\n\t<meta name=\"twitter:data1\" content=\"Adm-Of-Eco\" \/>\n\t<meta name=\"twitter:label2\" content=\"Est. reading time\" \/>\n\t<meta name=\"twitter:data2\" content=\"4 minutes\" \/>\n<script type=\"application\/ld+json\" class=\"yoast-schema-graph\">{\"@context\":\"https:\\\/\\\/schema.org\",\"@graph\":[{\"@type\":\"Article\",\"@id\":\"https:\\\/\\\/oficinaeconomicagalicia.xunta.gal\\\/rueda-anuncia-a-primeira-estratexia-de-innovacion-empresarial-de-galicia-coa-que-a-xunta-mobilizara-mais-de-400-me-en-tres-anos\\\/#article\",\"isPartOf\":{\"@id\":\"https:\\\/\\\/oficinaeconomicagalicia.xunta.gal\\\/rueda-anuncia-a-primeira-estratexia-de-innovacion-empresarial-de-galicia-coa-que-a-xunta-mobilizara-mais-de-400-me-en-tres-anos\\\/\"},\"author\":{\"name\":\"Adm-Of-Eco\",\"@id\":\"https:\\\/\\\/oficinaeconomicagalicia.xunta.gal\\\/#\\\/schema\\\/person\\\/4b919f684a33a00a0462301f82898687\"},\"headline\":\"Rueda announces Galicia\u2019s first Business Innovation Strategy, through which the Xunta will mobilise over \u20ac400 million in three years\",\"datePublished\":\"2025-12-29T14:36:04+00:00\",\"mainEntityOfPage\":{\"@id\":\"https:\\\/\\\/oficinaeconomicagalicia.xunta.gal\\\/rueda-anuncia-a-primeira-estratexia-de-innovacion-empresarial-de-galicia-coa-que-a-xunta-mobilizara-mais-de-400-me-en-tres-anos\\\/\"},\"wordCount\":904,\"publisher\":{\"@id\":\"https:\\\/\\\/oficinaeconomicagalicia.xunta.gal\\\/#organization\"},\"image\":{\"@id\":\"https:\\\/\\\/oficinaeconomicagalicia.xunta.gal\\\/rueda-anuncia-a-primeira-estratexia-de-innovacion-empresarial-de-galicia-coa-que-a-xunta-mobilizara-mais-de-400-me-en-tres-anos\\\/#primaryimage\"},\"thumbnailUrl\":\"https:\\\/\\\/oficinaeconomicagalicia.xunta.gal\\\/wp-content\\\/uploads\\\/2025\\\/12\\\/251229_Pte_Eco_Consello_RP_DCS_02-2_Web.jpg\",\"inLanguage\":\"en-US\"},{\"@type\":\"WebPage\",\"@id\":\"https:\\\/\\\/oficinaeconomicagalicia.xunta.gal\\\/rueda-anuncia-a-primeira-estratexia-de-innovacion-empresarial-de-galicia-coa-que-a-xunta-mobilizara-mais-de-400-me-en-tres-anos\\\/\",\"url\":\"https:\\\/\\\/oficinaeconomicagalicia.xunta.gal\\\/rueda-anuncia-a-primeira-estratexia-de-innovacion-empresarial-de-galicia-coa-que-a-xunta-mobilizara-mais-de-400-me-en-tres-anos\\\/\",\"name\":\"Rueda announces Galicia\u2019s first Business Innovation Strategy, through which the Xunta will mobilise over \u20ac400 million in three years - Oficina Econ\u00f3mica de Galicia\",\"isPartOf\":{\"@id\":\"https:\\\/\\\/oficinaeconomicagalicia.xunta.gal\\\/#website\"},\"primaryImageOfPage\":{\"@id\":\"https:\\\/\\\/oficinaeconomicagalicia.xunta.gal\\\/rueda-anuncia-a-primeira-estratexia-de-innovacion-empresarial-de-galicia-coa-que-a-xunta-mobilizara-mais-de-400-me-en-tres-anos\\\/#primaryimage\"},\"image\":{\"@id\":\"https:\\\/\\\/oficinaeconomicagalicia.xunta.gal\\\/rueda-anuncia-a-primeira-estratexia-de-innovacion-empresarial-de-galicia-coa-que-a-xunta-mobilizara-mais-de-400-me-en-tres-anos\\\/#primaryimage\"},\"thumbnailUrl\":\"https:\\\/\\\/oficinaeconomicagalicia.xunta.gal\\\/wp-content\\\/uploads\\\/2025\\\/12\\\/251229_Pte_Eco_Consello_RP_DCS_02-2_Web.jpg\",\"datePublished\":\"2025-12-29T14:36:04+00:00\",\"description\":\"The first Business Innovation Strategy of Galicia 2026\u20132028 is being launched, with more than \u20ac400 million expected to be mobilised.\",\"breadcrumb\":{\"@id\":\"https:\\\/\\\/oficinaeconomicagalicia.xunta.gal\\\/rueda-anuncia-a-primeira-estratexia-de-innovacion-empresarial-de-galicia-coa-que-a-xunta-mobilizara-mais-de-400-me-en-tres-anos\\\/#breadcrumb\"},\"inLanguage\":\"en-US\",\"potentialAction\":[{\"@type\":\"ReadAction\",\"target\":[\"https:\\\/\\\/oficinaeconomicagalicia.xunta.gal\\\/rueda-anuncia-a-primeira-estratexia-de-innovacion-empresarial-de-galicia-coa-que-a-xunta-mobilizara-mais-de-400-me-en-tres-anos\\\/\"]}]},{\"@type\":\"ImageObject\",\"inLanguage\":\"en-US\",\"@id\":\"https:\\\/\\\/oficinaeconomicagalicia.xunta.gal\\\/rueda-anuncia-a-primeira-estratexia-de-innovacion-empresarial-de-galicia-coa-que-a-xunta-mobilizara-mais-de-400-me-en-tres-anos\\\/#primaryimage\",\"url\":\"https:\\\/\\\/oficinaeconomicagalicia.xunta.gal\\\/wp-content\\\/uploads\\\/2025\\\/12\\\/251229_Pte_Eco_Consello_RP_DCS_02-2_Web.jpg\",\"contentUrl\":\"https:\\\/\\\/oficinaeconomicagalicia.xunta.gal\\\/wp-content\\\/uploads\\\/2025\\\/12\\\/251229_Pte_Eco_Consello_RP_DCS_02-2_Web.jpg\",\"width\":900,\"height\":515},{\"@type\":\"BreadcrumbList\",\"@id\":\"https:\\\/\\\/oficinaeconomicagalicia.xunta.gal\\\/rueda-anuncia-a-primeira-estratexia-de-innovacion-empresarial-de-galicia-coa-que-a-xunta-mobilizara-mais-de-400-me-en-tres-anos\\\/#breadcrumb\",\"itemListElement\":[{\"@type\":\"ListItem\",\"position\":1,\"name\":\"Inicio\",\"item\":\"https:\\\/\\\/oficinaeconomicagalicia.xunta.gal\\\/\"},{\"@type\":\"ListItem\",\"position\":2,\"name\":\"Rueda announces Galicia\u2019s first Business Innovation Strategy, through which the Xunta will mobilise over \u20ac400 million in three years\"}]},{\"@type\":\"WebSite\",\"@id\":\"https:\\\/\\\/oficinaeconomicagalicia.xunta.gal\\\/#website\",\"url\":\"https:\\\/\\\/oficinaeconomicagalicia.xunta.gal\\\/\",\"name\":\"Oficina Econ\u00f3mica de Galicia\",\"description\":\"Convertir calquera tr\u00e1mite nun mero tr\u00e1mite\",\"publisher\":{\"@id\":\"https:\\\/\\\/oficinaeconomicagalicia.xunta.gal\\\/#organization\"},\"potentialAction\":[{\"@type\":\"SearchAction\",\"target\":{\"@type\":\"EntryPoint\",\"urlTemplate\":\"https:\\\/\\\/oficinaeconomicagalicia.xunta.gal\\\/?s={search_term_string}\"},\"query-input\":{\"@type\":\"PropertyValueSpecification\",\"valueRequired\":true,\"valueName\":\"search_term_string\"}}],\"inLanguage\":\"en-US\"},{\"@type\":\"Organization\",\"@id\":\"https:\\\/\\\/oficinaeconomicagalicia.xunta.gal\\\/#organization\",\"name\":\"Oficina Econ\u00f3mica de Galicia\",\"alternateName\":\"OEG\",\"url\":\"https:\\\/\\\/oficinaeconomicagalicia.xunta.gal\\\/\",\"logo\":{\"@type\":\"ImageObject\",\"inLanguage\":\"en-US\",\"@id\":\"https:\\\/\\\/oficinaeconomicagalicia.xunta.gal\\\/#\\\/schema\\\/logo\\\/image\\\/\",\"url\":\"https:\\\/\\\/oficinaeconomicagalicia.xunta.gal\\\/wp-content\\\/uploads\\\/2023\\\/04\\\/xunta.svg\",\"contentUrl\":\"https:\\\/\\\/oficinaeconomicagalicia.xunta.gal\\\/wp-content\\\/uploads\\\/2023\\\/04\\\/xunta.svg\",\"width\":5952.76,\"height\":1700.79,\"caption\":\"Oficina Econ\u00f3mica de Galicia\"},\"image\":{\"@id\":\"https:\\\/\\\/oficinaeconomicagalicia.xunta.gal\\\/#\\\/schema\\\/logo\\\/image\\\/\"},\"sameAs\":[\"https:\\\/\\\/www.facebook.com\\\/OficinaEconomicadeGalicia\\\/\",\"https:\\\/\\\/www.linkedin.com\\\/company\\\/oficina-economica-de-galicia\\\/\"]},{\"@type\":\"Person\",\"@id\":\"https:\\\/\\\/oficinaeconomicagalicia.xunta.gal\\\/#\\\/schema\\\/person\\\/4b919f684a33a00a0462301f82898687\",\"name\":\"Adm-Of-Eco\",\"image\":{\"@type\":\"ImageObject\",\"inLanguage\":\"en-US\",\"@id\":\"https:\\\/\\\/secure.gravatar.com\\\/avatar\\\/822d9b5d44712904254790eea11ee749fdd737058bfbfaadfa58d3ed306af81d?s=96&d=mm&r=g\",\"url\":\"https:\\\/\\\/secure.gravatar.com\\\/avatar\\\/822d9b5d44712904254790eea11ee749fdd737058bfbfaadfa58d3ed306af81d?s=96&d=mm&r=g\",\"contentUrl\":\"https:\\\/\\\/secure.gravatar.com\\\/avatar\\\/822d9b5d44712904254790eea11ee749fdd737058bfbfaadfa58d3ed306af81d?s=96&d=mm&r=g\",\"caption\":\"Adm-Of-Eco\"},\"url\":\"https:\\\/\\\/oficinaeconomicagalicia.xunta.gal\\\/en\\\/author\\\/adm-of-eco\\\/\"}]}<\/script>\n<!-- \/ Yoast SEO plugin. -->","yoast_head_json":{"title":"Rueda announces Galicia\u2019s first Business Innovation Strategy, through which the Xunta will mobilise over \u20ac400 million in three years - Oficina Econ\u00f3mica de Galicia","description":"The first Business Innovation Strategy of Galicia 2026\u20132028 is being launched, with more than \u20ac400 million expected to be mobilised.","robots":{"index":"index","follow":"follow","max-snippet":"max-snippet:-1","max-image-preview":"max-image-preview:large","max-video-preview":"max-video-preview:-1"},"canonical":"https:\/\/oficinaeconomicagalicia.xunta.gal\/rueda-anuncia-a-primeira-estratexia-de-innovacion-empresarial-de-galicia-coa-que-a-xunta-mobilizara-mais-de-400-me-en-tres-anos\/","og_locale":"en_US","og_type":"article","og_title":"Rueda announces Galicia\u2019s first Business Innovation Strategy, through which the Xunta will mobilise over \u20ac400 million in three years - Oficina Econ\u00f3mica de Galicia","og_description":"The first Business Innovation Strategy of Galicia 2026\u20132028 is being launched, with more than \u20ac400 million expected to be mobilised.","og_url":"https:\/\/oficinaeconomicagalicia.xunta.gal\/rueda-anuncia-a-primeira-estratexia-de-innovacion-empresarial-de-galicia-coa-que-a-xunta-mobilizara-mais-de-400-me-en-tres-anos\/","og_site_name":"Oficina Econ\u00f3mica de Galicia","article_publisher":"https:\/\/www.facebook.com\/OficinaEconomicadeGalicia\/","article_published_time":"2025-12-29T14:36:04+00:00","og_image":[{"width":900,"height":515,"url":"https:\/\/oficinaeconomicagalicia.xunta.gal\/wp-content\/uploads\/2025\/12\/251229_Pte_Eco_Consello_RP_DCS_02-2_Web.jpg","type":"image\/jpeg"}],"author":"Adm-Of-Eco","twitter_card":"summary_large_image","twitter_misc":{"Written by":"Adm-Of-Eco","Est. reading time":"4 minutes"},"schema":{"@context":"https:\/\/schema.org","@graph":[{"@type":"Article","@id":"https:\/\/oficinaeconomicagalicia.xunta.gal\/rueda-anuncia-a-primeira-estratexia-de-innovacion-empresarial-de-galicia-coa-que-a-xunta-mobilizara-mais-de-400-me-en-tres-anos\/#article","isPartOf":{"@id":"https:\/\/oficinaeconomicagalicia.xunta.gal\/rueda-anuncia-a-primeira-estratexia-de-innovacion-empresarial-de-galicia-coa-que-a-xunta-mobilizara-mais-de-400-me-en-tres-anos\/"},"author":{"name":"Adm-Of-Eco","@id":"https:\/\/oficinaeconomicagalicia.xunta.gal\/#\/schema\/person\/4b919f684a33a00a0462301f82898687"},"headline":"Rueda announces Galicia\u2019s first Business Innovation Strategy, through which the Xunta will mobilise over \u20ac400 million in three years","datePublished":"2025-12-29T14:36:04+00:00","mainEntityOfPage":{"@id":"https:\/\/oficinaeconomicagalicia.xunta.gal\/rueda-anuncia-a-primeira-estratexia-de-innovacion-empresarial-de-galicia-coa-que-a-xunta-mobilizara-mais-de-400-me-en-tres-anos\/"},"wordCount":904,"publisher":{"@id":"https:\/\/oficinaeconomicagalicia.xunta.gal\/#organization"},"image":{"@id":"https:\/\/oficinaeconomicagalicia.xunta.gal\/rueda-anuncia-a-primeira-estratexia-de-innovacion-empresarial-de-galicia-coa-que-a-xunta-mobilizara-mais-de-400-me-en-tres-anos\/#primaryimage"},"thumbnailUrl":"https:\/\/oficinaeconomicagalicia.xunta.gal\/wp-content\/uploads\/2025\/12\/251229_Pte_Eco_Consello_RP_DCS_02-2_Web.jpg","inLanguage":"en-US"},{"@type":"WebPage","@id":"https:\/\/oficinaeconomicagalicia.xunta.gal\/rueda-anuncia-a-primeira-estratexia-de-innovacion-empresarial-de-galicia-coa-que-a-xunta-mobilizara-mais-de-400-me-en-tres-anos\/","url":"https:\/\/oficinaeconomicagalicia.xunta.gal\/rueda-anuncia-a-primeira-estratexia-de-innovacion-empresarial-de-galicia-coa-que-a-xunta-mobilizara-mais-de-400-me-en-tres-anos\/","name":"Rueda announces Galicia\u2019s first Business Innovation Strategy, through which the Xunta will mobilise over \u20ac400 million in three years - Oficina Econ\u00f3mica de Galicia","isPartOf":{"@id":"https:\/\/oficinaeconomicagalicia.xunta.gal\/#website"},"primaryImageOfPage":{"@id":"https:\/\/oficinaeconomicagalicia.xunta.gal\/rueda-anuncia-a-primeira-estratexia-de-innovacion-empresarial-de-galicia-coa-que-a-xunta-mobilizara-mais-de-400-me-en-tres-anos\/#primaryimage"},"image":{"@id":"https:\/\/oficinaeconomicagalicia.xunta.gal\/rueda-anuncia-a-primeira-estratexia-de-innovacion-empresarial-de-galicia-coa-que-a-xunta-mobilizara-mais-de-400-me-en-tres-anos\/#primaryimage"},"thumbnailUrl":"https:\/\/oficinaeconomicagalicia.xunta.gal\/wp-content\/uploads\/2025\/12\/251229_Pte_Eco_Consello_RP_DCS_02-2_Web.jpg","datePublished":"2025-12-29T14:36:04+00:00","description":"The first Business Innovation Strategy of Galicia 2026\u20132028 is being launched, with more than \u20ac400 million expected to be mobilised.","breadcrumb":{"@id":"https:\/\/oficinaeconomicagalicia.xunta.gal\/rueda-anuncia-a-primeira-estratexia-de-innovacion-empresarial-de-galicia-coa-que-a-xunta-mobilizara-mais-de-400-me-en-tres-anos\/#breadcrumb"},"inLanguage":"en-US","potentialAction":[{"@type":"ReadAction","target":["https:\/\/oficinaeconomicagalicia.xunta.gal\/rueda-anuncia-a-primeira-estratexia-de-innovacion-empresarial-de-galicia-coa-que-a-xunta-mobilizara-mais-de-400-me-en-tres-anos\/"]}]},{"@type":"ImageObject","inLanguage":"en-US","@id":"https:\/\/oficinaeconomicagalicia.xunta.gal\/rueda-anuncia-a-primeira-estratexia-de-innovacion-empresarial-de-galicia-coa-que-a-xunta-mobilizara-mais-de-400-me-en-tres-anos\/#primaryimage","url":"https:\/\/oficinaeconomicagalicia.xunta.gal\/wp-content\/uploads\/2025\/12\/251229_Pte_Eco_Consello_RP_DCS_02-2_Web.jpg","contentUrl":"https:\/\/oficinaeconomicagalicia.xunta.gal\/wp-content\/uploads\/2025\/12\/251229_Pte_Eco_Consello_RP_DCS_02-2_Web.jpg","width":900,"height":515},{"@type":"BreadcrumbList","@id":"https:\/\/oficinaeconomicagalicia.xunta.gal\/rueda-anuncia-a-primeira-estratexia-de-innovacion-empresarial-de-galicia-coa-que-a-xunta-mobilizara-mais-de-400-me-en-tres-anos\/#breadcrumb","itemListElement":[{"@type":"ListItem","position":1,"name":"Inicio","item":"https:\/\/oficinaeconomicagalicia.xunta.gal\/"},{"@type":"ListItem","position":2,"name":"Rueda announces Galicia\u2019s first Business Innovation Strategy, through which the Xunta will mobilise over \u20ac400 million in three years"}]},{"@type":"WebSite","@id":"https:\/\/oficinaeconomicagalicia.xunta.gal\/#website","url":"https:\/\/oficinaeconomicagalicia.xunta.gal\/","name":"Oficina Econ\u00f3mica de Galicia","description":"Convertir calquera tr\u00e1mite nun mero tr\u00e1mite","publisher":{"@id":"https:\/\/oficinaeconomicagalicia.xunta.gal\/#organization"},"potentialAction":[{"@type":"SearchAction","target":{"@type":"EntryPoint","urlTemplate":"https:\/\/oficinaeconomicagalicia.xunta.gal\/?s={search_term_string}"},"query-input":{"@type":"PropertyValueSpecification","valueRequired":true,"valueName":"search_term_string"}}],"inLanguage":"en-US"},{"@type":"Organization","@id":"https:\/\/oficinaeconomicagalicia.xunta.gal\/#organization","name":"Oficina Econ\u00f3mica de Galicia","alternateName":"OEG","url":"https:\/\/oficinaeconomicagalicia.xunta.gal\/","logo":{"@type":"ImageObject","inLanguage":"en-US","@id":"https:\/\/oficinaeconomicagalicia.xunta.gal\/#\/schema\/logo\/image\/","url":"https:\/\/oficinaeconomicagalicia.xunta.gal\/wp-content\/uploads\/2023\/04\/xunta.svg","contentUrl":"https:\/\/oficinaeconomicagalicia.xunta.gal\/wp-content\/uploads\/2023\/04\/xunta.svg","width":5952.76,"height":1700.79,"caption":"Oficina Econ\u00f3mica de Galicia"},"image":{"@id":"https:\/\/oficinaeconomicagalicia.xunta.gal\/#\/schema\/logo\/image\/"},"sameAs":["https:\/\/www.facebook.com\/OficinaEconomicadeGalicia\/","https:\/\/www.linkedin.com\/company\/oficina-economica-de-galicia\/"]},{"@type":"Person","@id":"https:\/\/oficinaeconomicagalicia.xunta.gal\/#\/schema\/person\/4b919f684a33a00a0462301f82898687","name":"Adm-Of-Eco","image":{"@type":"ImageObject","inLanguage":"en-US","@id":"https:\/\/secure.gravatar.com\/avatar\/822d9b5d44712904254790eea11ee749fdd737058bfbfaadfa58d3ed306af81d?s=96&d=mm&r=g","url":"https:\/\/secure.gravatar.com\/avatar\/822d9b5d44712904254790eea11ee749fdd737058bfbfaadfa58d3ed306af81d?s=96&d=mm&r=g","contentUrl":"https:\/\/secure.gravatar.com\/avatar\/822d9b5d44712904254790eea11ee749fdd737058bfbfaadfa58d3ed306af81d?s=96&d=mm&r=g","caption":"Adm-Of-Eco"},"url":"https:\/\/oficinaeconomicagalicia.xunta.gal\/en\/author\/adm-of-eco\/"}]}},"_links":{"self":[{"href":"https:\/\/oficinaeconomicagalicia.xunta.gal\/en\/wp-json\/wp\/v2\/posts\/18152","targetHints":{"allow":["GET"]}}],"collection":[{"href":"https:\/\/oficinaeconomicagalicia.xunta.gal\/en\/wp-json\/wp\/v2\/posts"}],"about":[{"href":"https:\/\/oficinaeconomicagalicia.xunta.gal\/en\/wp-json\/wp\/v2\/types\/post"}],"author":[{"embeddable":true,"href":"https:\/\/oficinaeconomicagalicia.xunta.gal\/en\/wp-json\/wp\/v2\/users\/3"}],"replies":[{"embeddable":true,"href":"https:\/\/oficinaeconomicagalicia.xunta.gal\/en\/wp-json\/wp\/v2\/comments?post=18152"}],"version-history":[{"count":0,"href":"https:\/\/oficinaeconomicagalicia.xunta.gal\/en\/wp-json\/wp\/v2\/posts\/18152\/revisions"}],"wp:featuredmedia":[{"embeddable":true,"href":"https:\/\/oficinaeconomicagalicia.xunta.gal\/en\/wp-json\/wp\/v2\/media\/18148"}],"wp:attachment":[{"href":"https:\/\/oficinaeconomicagalicia.xunta.gal\/en\/wp-json\/wp\/v2\/media?parent=18152"}],"wp:term":[{"taxonomy":"category","embeddable":true,"href":"https:\/\/oficinaeconomicagalicia.xunta.gal\/en\/wp-json\/wp\/v2\/categories?post=18152"},{"taxonomy":"post_tag","embeddable":true,"href":"https:\/\/oficinaeconomicagalicia.xunta.gal\/en\/wp-json\/wp\/v2\/tags?post=18152"}],"curies":[{"name":"wp","href":"https:\/\/api.w.org\/{rel}","templated":true}]}}