{"id":22175,"date":"2026-08-31T17:07:17","date_gmt":"2026-08-31T15:07:17","guid":{"rendered":"https:\/\/oficinaeconomicagalicia.xunta.gal\/lorenzana-convida-a-thune-eureka-a-sumarse-a-iniciativa-estratexica-de-seguridade-defensa-e-aeroespazo\/"},"modified":"2026-09-01T09:15:57","modified_gmt":"2026-09-01T07:15:57","slug":"lorenzana-convida-a-thune-eureka-a-sumarse-a-iniciativa-estratexica-de-seguridade-defensa-e-aeroespazo","status":"publish","type":"post","link":"https:\/\/oficinaeconomicagalicia.xunta.gal\/en\/lorenzana-convida-a-thune-eureka-a-sumarse-a-iniciativa-estratexica-de-seguridade-defensa-e-aeroespazo\/","title":{"rendered":"Lorenzana invites Thune Eureka to join the strategic initiative for security, defence and aerospace"},"content":{"rendered":"<ul>\n<li>She offers them the opportunity to participate in the call for partnership agreements; \u201cthe most powerful instrument the strategy has\u201d, she says, with a budget of 40 million euros<\/li>\n<li>She points out that Thune Eureka has already benefited from the line of support also included in the Iesda for certifications<\/li>\n<li>She considers the company \u201canother example of those family businesses that, from Galicia, are able to reach the whole world\u201d<\/li>\n<\/ul>\n<p><strong>Vilagarc\u00eda de Arousa (Pontevedra), 31 August 2026<\/strong><\/p>\n<p>The Minister for Economy and Industry, Mar\u00eda Jes\u00fas Lorenzana, today invited Thune Eureka to join the Strategic Initiative for Security, Defence and Aerospace (Iesda), which currently has an open call for partnership agreements with a budget of 40 million euros to form business consortia that develop and manufacture products or services in this field in Galicia.<\/p>\n<p>\u201cWe are working with Galician companies that have the capacity to join this sector,\u201d Lorenzana explained during a visit to the company&#8217;s premises to explore the possibilities of its participation in this call; \u201cthe most powerful instrument the strategy has,\u201d she said, with the deadline open until next 30 September.<\/p>\n<p>The minister pointed out that Thune Eureka has already benefited from the line of support also included in the Iesda for certifications, which had a budget of 1.5 million euros. With this, she added, the Xunta seeks \u201cto support Galician businesses so that, little by little, they enter this world, which is sometimes complicated for companies in the civil sphere\u201d.<\/p>\n<p>With more than 50 years of history, Thune Eureka specialises in the manufacture of equipment and components for various sectors such as shipbuilding, offshore, the refrigeration industry or the defence sector, among others. It is, said Lorenzana, \u201canother example of those family businesses that, from Galicia, are able to reach the whole world\u201d.<\/p>\n","protected":false},"excerpt":{"rendered":"<p>She offers them the opportunity to participate in the call for partnership agreements; \u201cthe most powerful instrument the strategy has\u201d, she says, with a budget of 40 million euros She points out that Thune Eureka has already benefited from the line of support also included in the Iesda for certifications She considers the company \u201canother [&hellip;]<\/p>\n","protected":false},"author":3,"featured_media":22167,"comment_status":"closed","ping_status":"closed","sticky":false,"template":"","format":"standard","meta":{"footnotes":""},"categories":[37],"tags":[],"class_list":["post-22175","post","type-post","status-publish","format-standard","has-post-thumbnail","hentry","category-uncategorized"],"yoast_head":"<!-- This site is optimized with the Yoast SEO plugin v28.3 - https:\/\/yoast.com\/product\/yoast-seo-wordpress\/ -->\n<title>Lorenzana invites Thune Eureka to join the strategic initiative for security, defence and aerospace - Oficina Econ\u00f3mica de Galicia<\/title>\n<meta name=\"description\" content=\"She offers them the opportunity to participate in the call for partnership agreements; \u201cthe most powerful instrument the strategy has\u201d, she says, with a budget of 40 million euros.\" \/>\n<meta name=\"robots\" content=\"index, follow, max-snippet:-1, max-image-preview:large, max-video-preview:-1\" \/>\n<link rel=\"canonical\" href=\"https:\/\/oficinaeconomicagalicia.xunta.gal\/en\/lorenzana-convida-a-thune-eureka-a-sumarse-a-iniciativa-estratexica-de-seguridade-defensa-e-aeroespazo\/\" \/>\n<meta property=\"og:locale\" content=\"en_US\" \/>\n<meta property=\"og:type\" content=\"article\" \/>\n<meta property=\"og:title\" content=\"Lorenzana invites Thune Eureka to join the strategic initiative for security, defence and aerospace - Oficina Econ\u00f3mica de Galicia\" \/>\n<meta property=\"og:description\" content=\"She offers them the opportunity to participate in the call for partnership agreements; \u201cthe most powerful instrument the strategy has\u201d, she says, with a budget of 40 million euros.\" \/>\n<meta property=\"og:url\" content=\"https:\/\/oficinaeconomicagalicia.xunta.gal\/en\/lorenzana-convida-a-thune-eureka-a-sumarse-a-iniciativa-estratexica-de-seguridade-defensa-e-aeroespazo\/\" \/>\n<meta property=\"og:site_name\" content=\"Oficina Econ\u00f3mica de Galicia\" \/>\n<meta property=\"article:publisher\" content=\"https:\/\/www.facebook.com\/OficinaEconomicadeGalicia\/\" \/>\n<meta property=\"article:published_time\" content=\"2026-08-31T15:07:17+00:00\" \/>\n<meta property=\"article:modified_time\" content=\"2026-09-01T07:15:57+00:00\" \/>\n<meta property=\"og:image\" content=\"https:\/\/oficinaeconomicagalicia.xunta.gal\/wp-content\/uploads\/2026\/09\/31082026-LorenzanaThuneEureka5_web.webp\" \/>\n\t<meta property=\"og:image:width\" content=\"900\" \/>\n\t<meta property=\"og:image:height\" content=\"515\" \/>\n\t<meta property=\"og:image:type\" content=\"image\/webp\" \/>\n<meta name=\"author\" content=\"Adm-Of-Eco\" \/>\n<meta name=\"twitter:card\" content=\"summary_large_image\" \/>\n<meta name=\"twitter:label1\" content=\"Written by\" \/>\n\t<meta name=\"twitter:data1\" content=\"Adm-Of-Eco\" \/>\n\t<meta name=\"twitter:label2\" content=\"Est. reading time\" \/>\n\t<meta name=\"twitter:data2\" content=\"2 minutes\" \/>\n<script type=\"application\/ld+json\" class=\"yoast-schema-graph\">{\"@context\":\"https:\\\/\\\/schema.org\",\"@graph\":[{\"@type\":\"Article\",\"@id\":\"https:\\\/\\\/oficinaeconomicagalicia.xunta.gal\\\/en\\\/lorenzana-convida-a-thune-eureka-a-sumarse-a-iniciativa-estratexica-de-seguridade-defensa-e-aeroespazo\\\/#article\",\"isPartOf\":{\"@id\":\"https:\\\/\\\/oficinaeconomicagalicia.xunta.gal\\\/en\\\/lorenzana-convida-a-thune-eureka-a-sumarse-a-iniciativa-estratexica-de-seguridade-defensa-e-aeroespazo\\\/\"},\"author\":{\"name\":\"Adm-Of-Eco\",\"@id\":\"https:\\\/\\\/oficinaeconomicagalicia.xunta.gal\\\/#\\\/schema\\\/person\\\/4b919f684a33a00a0462301f82898687\"},\"headline\":\"Lorenzana invites Thune Eureka to join the strategic initiative for security, defence and aerospace\",\"datePublished\":\"2026-08-31T15:07:17+00:00\",\"dateModified\":\"2026-09-01T07:15:57+00:00\",\"mainEntityOfPage\":{\"@id\":\"https:\\\/\\\/oficinaeconomicagalicia.xunta.gal\\\/en\\\/lorenzana-convida-a-thune-eureka-a-sumarse-a-iniciativa-estratexica-de-seguridade-defensa-e-aeroespazo\\\/\"},\"wordCount\":306,\"publisher\":{\"@id\":\"https:\\\/\\\/oficinaeconomicagalicia.xunta.gal\\\/#organization\"},\"image\":{\"@id\":\"https:\\\/\\\/oficinaeconomicagalicia.xunta.gal\\\/en\\\/lorenzana-convida-a-thune-eureka-a-sumarse-a-iniciativa-estratexica-de-seguridade-defensa-e-aeroespazo\\\/#primaryimage\"},\"thumbnailUrl\":\"https:\\\/\\\/oficinaeconomicagalicia.xunta.gal\\\/wp-content\\\/uploads\\\/2026\\\/09\\\/31082026-LorenzanaThuneEureka5_web.webp\",\"inLanguage\":\"en-US\"},{\"@type\":\"WebPage\",\"@id\":\"https:\\\/\\\/oficinaeconomicagalicia.xunta.gal\\\/en\\\/lorenzana-convida-a-thune-eureka-a-sumarse-a-iniciativa-estratexica-de-seguridade-defensa-e-aeroespazo\\\/\",\"url\":\"https:\\\/\\\/oficinaeconomicagalicia.xunta.gal\\\/en\\\/lorenzana-convida-a-thune-eureka-a-sumarse-a-iniciativa-estratexica-de-seguridade-defensa-e-aeroespazo\\\/\",\"name\":\"Lorenzana invites Thune Eureka to join the strategic initiative for security, defence and aerospace - Oficina Econ\u00f3mica de Galicia\",\"isPartOf\":{\"@id\":\"https:\\\/\\\/oficinaeconomicagalicia.xunta.gal\\\/#website\"},\"primaryImageOfPage\":{\"@id\":\"https:\\\/\\\/oficinaeconomicagalicia.xunta.gal\\\/en\\\/lorenzana-convida-a-thune-eureka-a-sumarse-a-iniciativa-estratexica-de-seguridade-defensa-e-aeroespazo\\\/#primaryimage\"},\"image\":{\"@id\":\"https:\\\/\\\/oficinaeconomicagalicia.xunta.gal\\\/en\\\/lorenzana-convida-a-thune-eureka-a-sumarse-a-iniciativa-estratexica-de-seguridade-defensa-e-aeroespazo\\\/#primaryimage\"},\"thumbnailUrl\":\"https:\\\/\\\/oficinaeconomicagalicia.xunta.gal\\\/wp-content\\\/uploads\\\/2026\\\/09\\\/31082026-LorenzanaThuneEureka5_web.webp\",\"datePublished\":\"2026-08-31T15:07:17+00:00\",\"dateModified\":\"2026-09-01T07:15:57+00:00\",\"description\":\"She offers them the opportunity to participate in the call for partnership agreements; \u201cthe most powerful instrument the strategy has\u201d, she says, with a budget of 40 million euros.\",\"breadcrumb\":{\"@id\":\"https:\\\/\\\/oficinaeconomicagalicia.xunta.gal\\\/en\\\/lorenzana-convida-a-thune-eureka-a-sumarse-a-iniciativa-estratexica-de-seguridade-defensa-e-aeroespazo\\\/#breadcrumb\"},\"inLanguage\":\"en-US\",\"potentialAction\":[{\"@type\":\"ReadAction\",\"target\":[\"https:\\\/\\\/oficinaeconomicagalicia.xunta.gal\\\/en\\\/lorenzana-convida-a-thune-eureka-a-sumarse-a-iniciativa-estratexica-de-seguridade-defensa-e-aeroespazo\\\/\"]}]},{\"@type\":\"ImageObject\",\"inLanguage\":\"en-US\",\"@id\":\"https:\\\/\\\/oficinaeconomicagalicia.xunta.gal\\\/en\\\/lorenzana-convida-a-thune-eureka-a-sumarse-a-iniciativa-estratexica-de-seguridade-defensa-e-aeroespazo\\\/#primaryimage\",\"url\":\"https:\\\/\\\/oficinaeconomicagalicia.xunta.gal\\\/wp-content\\\/uploads\\\/2026\\\/09\\\/31082026-LorenzanaThuneEureka5_web.webp\",\"contentUrl\":\"https:\\\/\\\/oficinaeconomicagalicia.xunta.gal\\\/wp-content\\\/uploads\\\/2026\\\/09\\\/31082026-LorenzanaThuneEureka5_web.webp\",\"width\":900,\"height\":515},{\"@type\":\"BreadcrumbList\",\"@id\":\"https:\\\/\\\/oficinaeconomicagalicia.xunta.gal\\\/en\\\/lorenzana-convida-a-thune-eureka-a-sumarse-a-iniciativa-estratexica-de-seguridade-defensa-e-aeroespazo\\\/#breadcrumb\",\"itemListElement\":[{\"@type\":\"ListItem\",\"position\":1,\"name\":\"Inicio\",\"item\":\"https:\\\/\\\/oficinaeconomicagalicia.xunta.gal\\\/\"},{\"@type\":\"ListItem\",\"position\":2,\"name\":\"Lorenzana invites Thune Eureka to join the strategic initiative for security, defence and aerospace\"}]},{\"@type\":\"WebSite\",\"@id\":\"https:\\\/\\\/oficinaeconomicagalicia.xunta.gal\\\/#website\",\"url\":\"https:\\\/\\\/oficinaeconomicagalicia.xunta.gal\\\/\",\"name\":\"Oficina Econ\u00f3mica de Galicia\",\"description\":\"Convertir calquera tr\u00e1mite nun mero tr\u00e1mite\",\"publisher\":{\"@id\":\"https:\\\/\\\/oficinaeconomicagalicia.xunta.gal\\\/#organization\"},\"potentialAction\":[{\"@type\":\"SearchAction\",\"target\":{\"@type\":\"EntryPoint\",\"urlTemplate\":\"https:\\\/\\\/oficinaeconomicagalicia.xunta.gal\\\/?s={search_term_string}\"},\"query-input\":{\"@type\":\"PropertyValueSpecification\",\"valueRequired\":true,\"valueName\":\"search_term_string\"}}],\"inLanguage\":\"en-US\"},{\"@type\":\"Organization\",\"@id\":\"https:\\\/\\\/oficinaeconomicagalicia.xunta.gal\\\/#organization\",\"name\":\"Oficina Econ\u00f3mica de Galicia\",\"alternateName\":\"OEG\",\"url\":\"https:\\\/\\\/oficinaeconomicagalicia.xunta.gal\\\/\",\"logo\":{\"@type\":\"ImageObject\",\"inLanguage\":\"en-US\",\"@id\":\"https:\\\/\\\/oficinaeconomicagalicia.xunta.gal\\\/#\\\/schema\\\/logo\\\/image\\\/\",\"url\":\"https:\\\/\\\/oficinaeconomicagalicia.xunta.gal\\\/wp-content\\\/uploads\\\/2023\\\/04\\\/xunta.svg\",\"contentUrl\":\"https:\\\/\\\/oficinaeconomicagalicia.xunta.gal\\\/wp-content\\\/uploads\\\/2023\\\/04\\\/xunta.svg\",\"width\":5952.76,\"height\":1700.79,\"caption\":\"Oficina Econ\u00f3mica de Galicia\"},\"image\":{\"@id\":\"https:\\\/\\\/oficinaeconomicagalicia.xunta.gal\\\/#\\\/schema\\\/logo\\\/image\\\/\"},\"sameAs\":[\"https:\\\/\\\/www.facebook.com\\\/OficinaEconomicadeGalicia\\\/\",\"https:\\\/\\\/www.linkedin.com\\\/company\\\/oficina-economica-de-galicia\\\/\"]},{\"@type\":\"Person\",\"@id\":\"https:\\\/\\\/oficinaeconomicagalicia.xunta.gal\\\/#\\\/schema\\\/person\\\/4b919f684a33a00a0462301f82898687\",\"name\":\"Adm-Of-Eco\",\"image\":{\"@type\":\"ImageObject\",\"inLanguage\":\"en-US\",\"@id\":\"https:\\\/\\\/secure.gravatar.com\\\/avatar\\\/822d9b5d44712904254790eea11ee749fdd737058bfbfaadfa58d3ed306af81d?s=96&d=mm&r=g\",\"url\":\"https:\\\/\\\/secure.gravatar.com\\\/avatar\\\/822d9b5d44712904254790eea11ee749fdd737058bfbfaadfa58d3ed306af81d?s=96&d=mm&r=g\",\"contentUrl\":\"https:\\\/\\\/secure.gravatar.com\\\/avatar\\\/822d9b5d44712904254790eea11ee749fdd737058bfbfaadfa58d3ed306af81d?s=96&d=mm&r=g\",\"caption\":\"Adm-Of-Eco\"},\"url\":\"https:\\\/\\\/oficinaeconomicagalicia.xunta.gal\\\/en\\\/author\\\/adm-of-eco\\\/\"}]}<\/script>\n<!-- \/ Yoast SEO plugin. -->","yoast_head_json":{"title":"Lorenzana invites Thune Eureka to join the strategic initiative for security, defence and aerospace - Oficina Econ\u00f3mica de Galicia","description":"She offers them the opportunity to participate in the call for partnership agreements; \u201cthe most powerful instrument the strategy has\u201d, she says, with a budget of 40 million euros.","robots":{"index":"index","follow":"follow","max-snippet":"max-snippet:-1","max-image-preview":"max-image-preview:large","max-video-preview":"max-video-preview:-1"},"canonical":"https:\/\/oficinaeconomicagalicia.xunta.gal\/en\/lorenzana-convida-a-thune-eureka-a-sumarse-a-iniciativa-estratexica-de-seguridade-defensa-e-aeroespazo\/","og_locale":"en_US","og_type":"article","og_title":"Lorenzana invites Thune Eureka to join the strategic initiative for security, defence and aerospace - Oficina Econ\u00f3mica de Galicia","og_description":"She offers them the opportunity to participate in the call for partnership agreements; \u201cthe most powerful instrument the strategy has\u201d, she says, with a budget of 40 million euros.","og_url":"https:\/\/oficinaeconomicagalicia.xunta.gal\/en\/lorenzana-convida-a-thune-eureka-a-sumarse-a-iniciativa-estratexica-de-seguridade-defensa-e-aeroespazo\/","og_site_name":"Oficina Econ\u00f3mica de Galicia","article_publisher":"https:\/\/www.facebook.com\/OficinaEconomicadeGalicia\/","article_published_time":"2026-08-31T15:07:17+00:00","article_modified_time":"2026-09-01T07:15:57+00:00","og_image":[{"width":900,"height":515,"url":"https:\/\/oficinaeconomicagalicia.xunta.gal\/wp-content\/uploads\/2026\/09\/31082026-LorenzanaThuneEureka5_web.webp","type":"image\/webp"}],"author":"Adm-Of-Eco","twitter_card":"summary_large_image","twitter_misc":{"Written by":"Adm-Of-Eco","Est. reading time":"2 minutes"},"schema":{"@context":"https:\/\/schema.org","@graph":[{"@type":"Article","@id":"https:\/\/oficinaeconomicagalicia.xunta.gal\/en\/lorenzana-convida-a-thune-eureka-a-sumarse-a-iniciativa-estratexica-de-seguridade-defensa-e-aeroespazo\/#article","isPartOf":{"@id":"https:\/\/oficinaeconomicagalicia.xunta.gal\/en\/lorenzana-convida-a-thune-eureka-a-sumarse-a-iniciativa-estratexica-de-seguridade-defensa-e-aeroespazo\/"},"author":{"name":"Adm-Of-Eco","@id":"https:\/\/oficinaeconomicagalicia.xunta.gal\/#\/schema\/person\/4b919f684a33a00a0462301f82898687"},"headline":"Lorenzana invites Thune Eureka to join the strategic initiative for security, defence and aerospace","datePublished":"2026-08-31T15:07:17+00:00","dateModified":"2026-09-01T07:15:57+00:00","mainEntityOfPage":{"@id":"https:\/\/oficinaeconomicagalicia.xunta.gal\/en\/lorenzana-convida-a-thune-eureka-a-sumarse-a-iniciativa-estratexica-de-seguridade-defensa-e-aeroespazo\/"},"wordCount":306,"publisher":{"@id":"https:\/\/oficinaeconomicagalicia.xunta.gal\/#organization"},"image":{"@id":"https:\/\/oficinaeconomicagalicia.xunta.gal\/en\/lorenzana-convida-a-thune-eureka-a-sumarse-a-iniciativa-estratexica-de-seguridade-defensa-e-aeroespazo\/#primaryimage"},"thumbnailUrl":"https:\/\/oficinaeconomicagalicia.xunta.gal\/wp-content\/uploads\/2026\/09\/31082026-LorenzanaThuneEureka5_web.webp","inLanguage":"en-US"},{"@type":"WebPage","@id":"https:\/\/oficinaeconomicagalicia.xunta.gal\/en\/lorenzana-convida-a-thune-eureka-a-sumarse-a-iniciativa-estratexica-de-seguridade-defensa-e-aeroespazo\/","url":"https:\/\/oficinaeconomicagalicia.xunta.gal\/en\/lorenzana-convida-a-thune-eureka-a-sumarse-a-iniciativa-estratexica-de-seguridade-defensa-e-aeroespazo\/","name":"Lorenzana invites Thune Eureka to join the strategic initiative for security, defence and aerospace - Oficina Econ\u00f3mica de Galicia","isPartOf":{"@id":"https:\/\/oficinaeconomicagalicia.xunta.gal\/#website"},"primaryImageOfPage":{"@id":"https:\/\/oficinaeconomicagalicia.xunta.gal\/en\/lorenzana-convida-a-thune-eureka-a-sumarse-a-iniciativa-estratexica-de-seguridade-defensa-e-aeroespazo\/#primaryimage"},"image":{"@id":"https:\/\/oficinaeconomicagalicia.xunta.gal\/en\/lorenzana-convida-a-thune-eureka-a-sumarse-a-iniciativa-estratexica-de-seguridade-defensa-e-aeroespazo\/#primaryimage"},"thumbnailUrl":"https:\/\/oficinaeconomicagalicia.xunta.gal\/wp-content\/uploads\/2026\/09\/31082026-LorenzanaThuneEureka5_web.webp","datePublished":"2026-08-31T15:07:17+00:00","dateModified":"2026-09-01T07:15:57+00:00","description":"She offers them the opportunity to participate in the call for partnership agreements; \u201cthe most powerful instrument the strategy has\u201d, she says, with a budget of 40 million euros.","breadcrumb":{"@id":"https:\/\/oficinaeconomicagalicia.xunta.gal\/en\/lorenzana-convida-a-thune-eureka-a-sumarse-a-iniciativa-estratexica-de-seguridade-defensa-e-aeroespazo\/#breadcrumb"},"inLanguage":"en-US","potentialAction":[{"@type":"ReadAction","target":["https:\/\/oficinaeconomicagalicia.xunta.gal\/en\/lorenzana-convida-a-thune-eureka-a-sumarse-a-iniciativa-estratexica-de-seguridade-defensa-e-aeroespazo\/"]}]},{"@type":"ImageObject","inLanguage":"en-US","@id":"https:\/\/oficinaeconomicagalicia.xunta.gal\/en\/lorenzana-convida-a-thune-eureka-a-sumarse-a-iniciativa-estratexica-de-seguridade-defensa-e-aeroespazo\/#primaryimage","url":"https:\/\/oficinaeconomicagalicia.xunta.gal\/wp-content\/uploads\/2026\/09\/31082026-LorenzanaThuneEureka5_web.webp","contentUrl":"https:\/\/oficinaeconomicagalicia.xunta.gal\/wp-content\/uploads\/2026\/09\/31082026-LorenzanaThuneEureka5_web.webp","width":900,"height":515},{"@type":"BreadcrumbList","@id":"https:\/\/oficinaeconomicagalicia.xunta.gal\/en\/lorenzana-convida-a-thune-eureka-a-sumarse-a-iniciativa-estratexica-de-seguridade-defensa-e-aeroespazo\/#breadcrumb","itemListElement":[{"@type":"ListItem","position":1,"name":"Inicio","item":"https:\/\/oficinaeconomicagalicia.xunta.gal\/"},{"@type":"ListItem","position":2,"name":"Lorenzana invites Thune Eureka to join the strategic initiative for security, defence and aerospace"}]},{"@type":"WebSite","@id":"https:\/\/oficinaeconomicagalicia.xunta.gal\/#website","url":"https:\/\/oficinaeconomicagalicia.xunta.gal\/","name":"Oficina Econ\u00f3mica de Galicia","description":"Convertir calquera tr\u00e1mite nun mero tr\u00e1mite","publisher":{"@id":"https:\/\/oficinaeconomicagalicia.xunta.gal\/#organization"},"potentialAction":[{"@type":"SearchAction","target":{"@type":"EntryPoint","urlTemplate":"https:\/\/oficinaeconomicagalicia.xunta.gal\/?s={search_term_string}"},"query-input":{"@type":"PropertyValueSpecification","valueRequired":true,"valueName":"search_term_string"}}],"inLanguage":"en-US"},{"@type":"Organization","@id":"https:\/\/oficinaeconomicagalicia.xunta.gal\/#organization","name":"Oficina Econ\u00f3mica de Galicia","alternateName":"OEG","url":"https:\/\/oficinaeconomicagalicia.xunta.gal\/","logo":{"@type":"ImageObject","inLanguage":"en-US","@id":"https:\/\/oficinaeconomicagalicia.xunta.gal\/#\/schema\/logo\/image\/","url":"https:\/\/oficinaeconomicagalicia.xunta.gal\/wp-content\/uploads\/2023\/04\/xunta.svg","contentUrl":"https:\/\/oficinaeconomicagalicia.xunta.gal\/wp-content\/uploads\/2023\/04\/xunta.svg","width":5952.76,"height":1700.79,"caption":"Oficina Econ\u00f3mica de Galicia"},"image":{"@id":"https:\/\/oficinaeconomicagalicia.xunta.gal\/#\/schema\/logo\/image\/"},"sameAs":["https:\/\/www.facebook.com\/OficinaEconomicadeGalicia\/","https:\/\/www.linkedin.com\/company\/oficina-economica-de-galicia\/"]},{"@type":"Person","@id":"https:\/\/oficinaeconomicagalicia.xunta.gal\/#\/schema\/person\/4b919f684a33a00a0462301f82898687","name":"Adm-Of-Eco","image":{"@type":"ImageObject","inLanguage":"en-US","@id":"https:\/\/secure.gravatar.com\/avatar\/822d9b5d44712904254790eea11ee749fdd737058bfbfaadfa58d3ed306af81d?s=96&d=mm&r=g","url":"https:\/\/secure.gravatar.com\/avatar\/822d9b5d44712904254790eea11ee749fdd737058bfbfaadfa58d3ed306af81d?s=96&d=mm&r=g","contentUrl":"https:\/\/secure.gravatar.com\/avatar\/822d9b5d44712904254790eea11ee749fdd737058bfbfaadfa58d3ed306af81d?s=96&d=mm&r=g","caption":"Adm-Of-Eco"},"url":"https:\/\/oficinaeconomicagalicia.xunta.gal\/en\/author\/adm-of-eco\/"}]}},"_links":{"self":[{"href":"https:\/\/oficinaeconomicagalicia.xunta.gal\/en\/wp-json\/wp\/v2\/posts\/22175","targetHints":{"allow":["GET"]}}],"collection":[{"href":"https:\/\/oficinaeconomicagalicia.xunta.gal\/en\/wp-json\/wp\/v2\/posts"}],"about":[{"href":"https:\/\/oficinaeconomicagalicia.xunta.gal\/en\/wp-json\/wp\/v2\/types\/post"}],"author":[{"embeddable":true,"href":"https:\/\/oficinaeconomicagalicia.xunta.gal\/en\/wp-json\/wp\/v2\/users\/3"}],"replies":[{"embeddable":true,"href":"https:\/\/oficinaeconomicagalicia.xunta.gal\/en\/wp-json\/wp\/v2\/comments?post=22175"}],"version-history":[{"count":2,"href":"https:\/\/oficinaeconomicagalicia.xunta.gal\/en\/wp-json\/wp\/v2\/posts\/22175\/revisions"}],"predecessor-version":[{"id":22177,"href":"https:\/\/oficinaeconomicagalicia.xunta.gal\/en\/wp-json\/wp\/v2\/posts\/22175\/revisions\/22177"}],"wp:featuredmedia":[{"embeddable":true,"href":"https:\/\/oficinaeconomicagalicia.xunta.gal\/en\/wp-json\/wp\/v2\/media\/22167"}],"wp:attachment":[{"href":"https:\/\/oficinaeconomicagalicia.xunta.gal\/en\/wp-json\/wp\/v2\/media?parent=22175"}],"wp:term":[{"taxonomy":"category","embeddable":true,"href":"https:\/\/oficinaeconomicagalicia.xunta.gal\/en\/wp-json\/wp\/v2\/categories?post=22175"},{"taxonomy":"post_tag","embeddable":true,"href":"https:\/\/oficinaeconomicagalicia.xunta.gal\/en\/wp-json\/wp\/v2\/tags?post=22175"}],"curies":[{"name":"wp","href":"https:\/\/api.w.org\/{rel}","templated":true}]}}