{"id":22241,"date":"2026-09-02T17:18:13","date_gmt":"2026-09-02T15:18:13","guid":{"rendered":"https:\/\/oficinaeconomicagalicia.xunta.gal\/lorenzana-felicita-a-vig-sec-drone-por-ser-unha-das-15-empresas-seleccionadas-a-nivel-mundial-para-formar-parte-dunha-aceleradora-impulsada-pola-otan\/"},"modified":"2026-09-02T17:21:50","modified_gmt":"2026-09-02T15:21:50","slug":"lorenzana-felicita-a-vig-sec-drone-por-ser-unha-das-15-empresas-seleccionadas-a-nivel-mundial-para-formar-parte-dunha-aceleradora-impulsada-pola-otan","status":"publish","type":"post","link":"https:\/\/oficinaeconomicagalicia.xunta.gal\/en\/lorenzana-felicita-a-vig-sec-drone-por-ser-unha-das-15-empresas-seleccionadas-a-nivel-mundial-para-formar-parte-dunha-aceleradora-impulsada-pola-otan\/","title":{"rendered":"Lorenzana congratulates VIG-Sec Drone on being one of the 15 companies selected worldwide to take part in an accelerator driven by NATO"},"content":{"rendered":"<p class=\"my-2 [&amp;+p]:mt-4 [&amp;_strong:has(+br)]:inline-block [&amp;_strong:has(+br)]:align-top\"><strong>Santiago de Compostela, 2 September 2026<\/strong><\/p>\n<p class=\"my-2 [&amp;+p]:mt-4 [&amp;_strong:has(+br)]:inline-block [&amp;_strong:has(+br)]:align-top\">The Minister for Economy and Industry, Mar\u00eda Jes\u00fas Lorenzana, this morning congratulated the Galician company Vig-Sec Drone after it was selected to take part in the DIANA (Defence Innovation Accelerator for the North Atlantic) acceleration programme driven by NATO. It will do so with the mid- and low-altitude air space management and tactical coordination platform called the ACRE Suite, within the framework of the Mission Track phase.<\/p>\n<p class=\"my-2 [&amp;+p]:mt-4 [&amp;_strong:has(+br)]:inline-block [&amp;_strong:has(+br)]:align-top\">Lorenzana, who last week visited the premises that this Pontevedra-based firm has in the municipality of Nigr\u00e1n, welcomed the fact that the Galician technology company, which specialises in aeronautical services, training and the development of air space management software, is part of a select group of 15 companies worldwide whose innovative solutions are considered to be of high added value for the countries that make up NATO. Precisely, participation in this phase of the technology accelerator will give them the opportunity to present their technology to the Defence departments of the countries that make up the Alliance.<\/p>\n<p class=\"my-2 [&amp;+p]:mt-4 [&amp;_strong:has(+br)]:inline-block [&amp;_strong:has(+br)]:align-top\">Finally, the head of Economy and Industry recalled that Vig-Sec Drone has grown with the support of the Xunta de Galicia through accelerators such as BFAero or ViaGalicia, as well as with the direct participation of Xesgalicia in its capital.<\/p>\n","protected":false},"excerpt":{"rendered":"<p>Santiago de Compostela, 2 September 2026 The Minister for Economy and Industry, Mar\u00eda Jes\u00fas Lorenzana, this morning congratulated the Galician company Vig-Sec Drone after it was selected to take part in the DIANA (Defence Innovation Accelerator for the North Atlantic) acceleration programme driven by NATO. It will do so with the mid- and low-altitude air [&hellip;]<\/p>\n","protected":false},"author":3,"featured_media":22234,"comment_status":"closed","ping_status":"closed","sticky":false,"template":"","format":"standard","meta":{"footnotes":""},"categories":[37],"tags":[],"class_list":["post-22241","post","type-post","status-publish","format-standard","has-post-thumbnail","hentry","category-uncategorized"],"yoast_head":"<!-- This site is optimized with the Yoast SEO plugin v28.3 - https:\/\/yoast.com\/product\/yoast-seo-wordpress\/ -->\n<title>Lorenzana congratulates VIG-Sec Drone on being one of the 15 companies selected worldwide to take part in an accelerator driven by NATO - Oficina Econ\u00f3mica de Galicia<\/title>\n<meta name=\"description\" content=\"Vig-Sec Drone has been selected to take part in the DIANA (Defence Innovation Accelerator for the North Atlantic) programme driven by NATO.\" \/>\n<meta name=\"robots\" content=\"index, follow, max-snippet:-1, max-image-preview:large, max-video-preview:-1\" \/>\n<link rel=\"canonical\" href=\"https:\/\/oficinaeconomicagalicia.xunta.gal\/en\/lorenzana-felicita-a-vig-sec-drone-por-ser-unha-das-15-empresas-seleccionadas-a-nivel-mundial-para-formar-parte-dunha-aceleradora-impulsada-pola-otan\/\" \/>\n<meta property=\"og:locale\" content=\"en_US\" \/>\n<meta property=\"og:type\" content=\"article\" \/>\n<meta property=\"og:title\" content=\"Lorenzana congratulates VIG-Sec Drone on being one of the 15 companies selected worldwide to take part in an accelerator driven by NATO - Oficina Econ\u00f3mica de Galicia\" \/>\n<meta property=\"og:description\" content=\"Vig-Sec Drone has been selected to take part in the DIANA (Defence Innovation Accelerator for the North Atlantic) programme driven by NATO.\" \/>\n<meta property=\"og:url\" content=\"https:\/\/oficinaeconomicagalicia.xunta.gal\/en\/lorenzana-felicita-a-vig-sec-drone-por-ser-unha-das-15-empresas-seleccionadas-a-nivel-mundial-para-formar-parte-dunha-aceleradora-impulsada-pola-otan\/\" \/>\n<meta property=\"og:site_name\" content=\"Oficina Econ\u00f3mica de Galicia\" \/>\n<meta property=\"article:publisher\" content=\"https:\/\/www.facebook.com\/OficinaEconomicadeGalicia\/\" \/>\n<meta property=\"article:published_time\" content=\"2026-09-02T15:18:13+00:00\" \/>\n<meta property=\"article:modified_time\" content=\"2026-09-02T15:21:50+00:00\" \/>\n<meta property=\"og:image\" content=\"https:\/\/oficinaeconomicagalicia.xunta.gal\/wp-content\/uploads\/2026\/09\/26082026-LorenzanaVigSecDrone_web.webp\" \/>\n\t<meta property=\"og:image:width\" content=\"900\" \/>\n\t<meta property=\"og:image:height\" content=\"515\" \/>\n\t<meta property=\"og:image:type\" content=\"image\/webp\" \/>\n<meta name=\"author\" content=\"Adm-Of-Eco\" \/>\n<meta name=\"twitter:card\" content=\"summary_large_image\" \/>\n<meta name=\"twitter:label1\" content=\"Written by\" \/>\n\t<meta name=\"twitter:data1\" content=\"Adm-Of-Eco\" \/>\n\t<meta name=\"twitter:label2\" content=\"Est. reading time\" \/>\n\t<meta name=\"twitter:data2\" content=\"2 minutes\" \/>\n<script type=\"application\/ld+json\" class=\"yoast-schema-graph\">{\"@context\":\"https:\\\/\\\/schema.org\",\"@graph\":[{\"@type\":\"Article\",\"@id\":\"https:\\\/\\\/oficinaeconomicagalicia.xunta.gal\\\/en\\\/lorenzana-felicita-a-vig-sec-drone-por-ser-unha-das-15-empresas-seleccionadas-a-nivel-mundial-para-formar-parte-dunha-aceleradora-impulsada-pola-otan\\\/#article\",\"isPartOf\":{\"@id\":\"https:\\\/\\\/oficinaeconomicagalicia.xunta.gal\\\/en\\\/lorenzana-felicita-a-vig-sec-drone-por-ser-unha-das-15-empresas-seleccionadas-a-nivel-mundial-para-formar-parte-dunha-aceleradora-impulsada-pola-otan\\\/\"},\"author\":{\"name\":\"Adm-Of-Eco\",\"@id\":\"https:\\\/\\\/oficinaeconomicagalicia.xunta.gal\\\/#\\\/schema\\\/person\\\/4b919f684a33a00a0462301f82898687\"},\"headline\":\"Lorenzana congratulates VIG-Sec Drone on being one of the 15 companies selected worldwide to take part in an accelerator driven by NATO\",\"datePublished\":\"2026-09-02T15:18:13+00:00\",\"dateModified\":\"2026-09-02T15:21:50+00:00\",\"mainEntityOfPage\":{\"@id\":\"https:\\\/\\\/oficinaeconomicagalicia.xunta.gal\\\/en\\\/lorenzana-felicita-a-vig-sec-drone-por-ser-unha-das-15-empresas-seleccionadas-a-nivel-mundial-para-formar-parte-dunha-aceleradora-impulsada-pola-otan\\\/\"},\"wordCount\":231,\"publisher\":{\"@id\":\"https:\\\/\\\/oficinaeconomicagalicia.xunta.gal\\\/#organization\"},\"image\":{\"@id\":\"https:\\\/\\\/oficinaeconomicagalicia.xunta.gal\\\/en\\\/lorenzana-felicita-a-vig-sec-drone-por-ser-unha-das-15-empresas-seleccionadas-a-nivel-mundial-para-formar-parte-dunha-aceleradora-impulsada-pola-otan\\\/#primaryimage\"},\"thumbnailUrl\":\"https:\\\/\\\/oficinaeconomicagalicia.xunta.gal\\\/wp-content\\\/uploads\\\/2026\\\/09\\\/26082026-LorenzanaVigSecDrone_web.webp\",\"inLanguage\":\"en-US\"},{\"@type\":\"WebPage\",\"@id\":\"https:\\\/\\\/oficinaeconomicagalicia.xunta.gal\\\/en\\\/lorenzana-felicita-a-vig-sec-drone-por-ser-unha-das-15-empresas-seleccionadas-a-nivel-mundial-para-formar-parte-dunha-aceleradora-impulsada-pola-otan\\\/\",\"url\":\"https:\\\/\\\/oficinaeconomicagalicia.xunta.gal\\\/en\\\/lorenzana-felicita-a-vig-sec-drone-por-ser-unha-das-15-empresas-seleccionadas-a-nivel-mundial-para-formar-parte-dunha-aceleradora-impulsada-pola-otan\\\/\",\"name\":\"Lorenzana congratulates VIG-Sec Drone on being one of the 15 companies selected worldwide to take part in an accelerator driven by NATO - Oficina Econ\u00f3mica de Galicia\",\"isPartOf\":{\"@id\":\"https:\\\/\\\/oficinaeconomicagalicia.xunta.gal\\\/#website\"},\"primaryImageOfPage\":{\"@id\":\"https:\\\/\\\/oficinaeconomicagalicia.xunta.gal\\\/en\\\/lorenzana-felicita-a-vig-sec-drone-por-ser-unha-das-15-empresas-seleccionadas-a-nivel-mundial-para-formar-parte-dunha-aceleradora-impulsada-pola-otan\\\/#primaryimage\"},\"image\":{\"@id\":\"https:\\\/\\\/oficinaeconomicagalicia.xunta.gal\\\/en\\\/lorenzana-felicita-a-vig-sec-drone-por-ser-unha-das-15-empresas-seleccionadas-a-nivel-mundial-para-formar-parte-dunha-aceleradora-impulsada-pola-otan\\\/#primaryimage\"},\"thumbnailUrl\":\"https:\\\/\\\/oficinaeconomicagalicia.xunta.gal\\\/wp-content\\\/uploads\\\/2026\\\/09\\\/26082026-LorenzanaVigSecDrone_web.webp\",\"datePublished\":\"2026-09-02T15:18:13+00:00\",\"dateModified\":\"2026-09-02T15:21:50+00:00\",\"description\":\"Vig-Sec Drone has been selected to take part in the DIANA (Defence Innovation Accelerator for the North Atlantic) programme driven by NATO.\",\"breadcrumb\":{\"@id\":\"https:\\\/\\\/oficinaeconomicagalicia.xunta.gal\\\/en\\\/lorenzana-felicita-a-vig-sec-drone-por-ser-unha-das-15-empresas-seleccionadas-a-nivel-mundial-para-formar-parte-dunha-aceleradora-impulsada-pola-otan\\\/#breadcrumb\"},\"inLanguage\":\"en-US\",\"potentialAction\":[{\"@type\":\"ReadAction\",\"target\":[\"https:\\\/\\\/oficinaeconomicagalicia.xunta.gal\\\/en\\\/lorenzana-felicita-a-vig-sec-drone-por-ser-unha-das-15-empresas-seleccionadas-a-nivel-mundial-para-formar-parte-dunha-aceleradora-impulsada-pola-otan\\\/\"]}]},{\"@type\":\"ImageObject\",\"inLanguage\":\"en-US\",\"@id\":\"https:\\\/\\\/oficinaeconomicagalicia.xunta.gal\\\/en\\\/lorenzana-felicita-a-vig-sec-drone-por-ser-unha-das-15-empresas-seleccionadas-a-nivel-mundial-para-formar-parte-dunha-aceleradora-impulsada-pola-otan\\\/#primaryimage\",\"url\":\"https:\\\/\\\/oficinaeconomicagalicia.xunta.gal\\\/wp-content\\\/uploads\\\/2026\\\/09\\\/26082026-LorenzanaVigSecDrone_web.webp\",\"contentUrl\":\"https:\\\/\\\/oficinaeconomicagalicia.xunta.gal\\\/wp-content\\\/uploads\\\/2026\\\/09\\\/26082026-LorenzanaVigSecDrone_web.webp\",\"width\":900,\"height\":515},{\"@type\":\"BreadcrumbList\",\"@id\":\"https:\\\/\\\/oficinaeconomicagalicia.xunta.gal\\\/en\\\/lorenzana-felicita-a-vig-sec-drone-por-ser-unha-das-15-empresas-seleccionadas-a-nivel-mundial-para-formar-parte-dunha-aceleradora-impulsada-pola-otan\\\/#breadcrumb\",\"itemListElement\":[{\"@type\":\"ListItem\",\"position\":1,\"name\":\"Inicio\",\"item\":\"https:\\\/\\\/oficinaeconomicagalicia.xunta.gal\\\/\"},{\"@type\":\"ListItem\",\"position\":2,\"name\":\"Lorenzana congratulates VIG-Sec Drone on being one of the 15 companies selected worldwide to take part in an accelerator driven by NATO\"}]},{\"@type\":\"WebSite\",\"@id\":\"https:\\\/\\\/oficinaeconomicagalicia.xunta.gal\\\/#website\",\"url\":\"https:\\\/\\\/oficinaeconomicagalicia.xunta.gal\\\/\",\"name\":\"Oficina Econ\u00f3mica de Galicia\",\"description\":\"Convertir calquera tr\u00e1mite nun mero tr\u00e1mite\",\"publisher\":{\"@id\":\"https:\\\/\\\/oficinaeconomicagalicia.xunta.gal\\\/#organization\"},\"potentialAction\":[{\"@type\":\"SearchAction\",\"target\":{\"@type\":\"EntryPoint\",\"urlTemplate\":\"https:\\\/\\\/oficinaeconomicagalicia.xunta.gal\\\/?s={search_term_string}\"},\"query-input\":{\"@type\":\"PropertyValueSpecification\",\"valueRequired\":true,\"valueName\":\"search_term_string\"}}],\"inLanguage\":\"en-US\"},{\"@type\":\"Organization\",\"@id\":\"https:\\\/\\\/oficinaeconomicagalicia.xunta.gal\\\/#organization\",\"name\":\"Oficina Econ\u00f3mica de Galicia\",\"alternateName\":\"OEG\",\"url\":\"https:\\\/\\\/oficinaeconomicagalicia.xunta.gal\\\/\",\"logo\":{\"@type\":\"ImageObject\",\"inLanguage\":\"en-US\",\"@id\":\"https:\\\/\\\/oficinaeconomicagalicia.xunta.gal\\\/#\\\/schema\\\/logo\\\/image\\\/\",\"url\":\"https:\\\/\\\/oficinaeconomicagalicia.xunta.gal\\\/wp-content\\\/uploads\\\/2023\\\/04\\\/xunta.svg\",\"contentUrl\":\"https:\\\/\\\/oficinaeconomicagalicia.xunta.gal\\\/wp-content\\\/uploads\\\/2023\\\/04\\\/xunta.svg\",\"width\":5952.76,\"height\":1700.79,\"caption\":\"Oficina Econ\u00f3mica de Galicia\"},\"image\":{\"@id\":\"https:\\\/\\\/oficinaeconomicagalicia.xunta.gal\\\/#\\\/schema\\\/logo\\\/image\\\/\"},\"sameAs\":[\"https:\\\/\\\/www.facebook.com\\\/OficinaEconomicadeGalicia\\\/\",\"https:\\\/\\\/www.linkedin.com\\\/company\\\/oficina-economica-de-galicia\\\/\"]},{\"@type\":\"Person\",\"@id\":\"https:\\\/\\\/oficinaeconomicagalicia.xunta.gal\\\/#\\\/schema\\\/person\\\/4b919f684a33a00a0462301f82898687\",\"name\":\"Adm-Of-Eco\",\"image\":{\"@type\":\"ImageObject\",\"inLanguage\":\"en-US\",\"@id\":\"https:\\\/\\\/secure.gravatar.com\\\/avatar\\\/822d9b5d44712904254790eea11ee749fdd737058bfbfaadfa58d3ed306af81d?s=96&d=mm&r=g\",\"url\":\"https:\\\/\\\/secure.gravatar.com\\\/avatar\\\/822d9b5d44712904254790eea11ee749fdd737058bfbfaadfa58d3ed306af81d?s=96&d=mm&r=g\",\"contentUrl\":\"https:\\\/\\\/secure.gravatar.com\\\/avatar\\\/822d9b5d44712904254790eea11ee749fdd737058bfbfaadfa58d3ed306af81d?s=96&d=mm&r=g\",\"caption\":\"Adm-Of-Eco\"},\"url\":\"https:\\\/\\\/oficinaeconomicagalicia.xunta.gal\\\/en\\\/author\\\/adm-of-eco\\\/\"}]}<\/script>\n<!-- \/ Yoast SEO plugin. -->","yoast_head_json":{"title":"Lorenzana congratulates VIG-Sec Drone on being one of the 15 companies selected worldwide to take part in an accelerator driven by NATO - Oficina Econ\u00f3mica de Galicia","description":"Vig-Sec Drone has been selected to take part in the DIANA (Defence Innovation Accelerator for the North Atlantic) programme driven by NATO.","robots":{"index":"index","follow":"follow","max-snippet":"max-snippet:-1","max-image-preview":"max-image-preview:large","max-video-preview":"max-video-preview:-1"},"canonical":"https:\/\/oficinaeconomicagalicia.xunta.gal\/en\/lorenzana-felicita-a-vig-sec-drone-por-ser-unha-das-15-empresas-seleccionadas-a-nivel-mundial-para-formar-parte-dunha-aceleradora-impulsada-pola-otan\/","og_locale":"en_US","og_type":"article","og_title":"Lorenzana congratulates VIG-Sec Drone on being one of the 15 companies selected worldwide to take part in an accelerator driven by NATO - Oficina Econ\u00f3mica de Galicia","og_description":"Vig-Sec Drone has been selected to take part in the DIANA (Defence Innovation Accelerator for the North Atlantic) programme driven by NATO.","og_url":"https:\/\/oficinaeconomicagalicia.xunta.gal\/en\/lorenzana-felicita-a-vig-sec-drone-por-ser-unha-das-15-empresas-seleccionadas-a-nivel-mundial-para-formar-parte-dunha-aceleradora-impulsada-pola-otan\/","og_site_name":"Oficina Econ\u00f3mica de Galicia","article_publisher":"https:\/\/www.facebook.com\/OficinaEconomicadeGalicia\/","article_published_time":"2026-09-02T15:18:13+00:00","article_modified_time":"2026-09-02T15:21:50+00:00","og_image":[{"width":900,"height":515,"url":"https:\/\/oficinaeconomicagalicia.xunta.gal\/wp-content\/uploads\/2026\/09\/26082026-LorenzanaVigSecDrone_web.webp","type":"image\/webp"}],"author":"Adm-Of-Eco","twitter_card":"summary_large_image","twitter_misc":{"Written by":"Adm-Of-Eco","Est. reading time":"2 minutes"},"schema":{"@context":"https:\/\/schema.org","@graph":[{"@type":"Article","@id":"https:\/\/oficinaeconomicagalicia.xunta.gal\/en\/lorenzana-felicita-a-vig-sec-drone-por-ser-unha-das-15-empresas-seleccionadas-a-nivel-mundial-para-formar-parte-dunha-aceleradora-impulsada-pola-otan\/#article","isPartOf":{"@id":"https:\/\/oficinaeconomicagalicia.xunta.gal\/en\/lorenzana-felicita-a-vig-sec-drone-por-ser-unha-das-15-empresas-seleccionadas-a-nivel-mundial-para-formar-parte-dunha-aceleradora-impulsada-pola-otan\/"},"author":{"name":"Adm-Of-Eco","@id":"https:\/\/oficinaeconomicagalicia.xunta.gal\/#\/schema\/person\/4b919f684a33a00a0462301f82898687"},"headline":"Lorenzana congratulates VIG-Sec Drone on being one of the 15 companies selected worldwide to take part in an accelerator driven by NATO","datePublished":"2026-09-02T15:18:13+00:00","dateModified":"2026-09-02T15:21:50+00:00","mainEntityOfPage":{"@id":"https:\/\/oficinaeconomicagalicia.xunta.gal\/en\/lorenzana-felicita-a-vig-sec-drone-por-ser-unha-das-15-empresas-seleccionadas-a-nivel-mundial-para-formar-parte-dunha-aceleradora-impulsada-pola-otan\/"},"wordCount":231,"publisher":{"@id":"https:\/\/oficinaeconomicagalicia.xunta.gal\/#organization"},"image":{"@id":"https:\/\/oficinaeconomicagalicia.xunta.gal\/en\/lorenzana-felicita-a-vig-sec-drone-por-ser-unha-das-15-empresas-seleccionadas-a-nivel-mundial-para-formar-parte-dunha-aceleradora-impulsada-pola-otan\/#primaryimage"},"thumbnailUrl":"https:\/\/oficinaeconomicagalicia.xunta.gal\/wp-content\/uploads\/2026\/09\/26082026-LorenzanaVigSecDrone_web.webp","inLanguage":"en-US"},{"@type":"WebPage","@id":"https:\/\/oficinaeconomicagalicia.xunta.gal\/en\/lorenzana-felicita-a-vig-sec-drone-por-ser-unha-das-15-empresas-seleccionadas-a-nivel-mundial-para-formar-parte-dunha-aceleradora-impulsada-pola-otan\/","url":"https:\/\/oficinaeconomicagalicia.xunta.gal\/en\/lorenzana-felicita-a-vig-sec-drone-por-ser-unha-das-15-empresas-seleccionadas-a-nivel-mundial-para-formar-parte-dunha-aceleradora-impulsada-pola-otan\/","name":"Lorenzana congratulates VIG-Sec Drone on being one of the 15 companies selected worldwide to take part in an accelerator driven by NATO - Oficina Econ\u00f3mica de Galicia","isPartOf":{"@id":"https:\/\/oficinaeconomicagalicia.xunta.gal\/#website"},"primaryImageOfPage":{"@id":"https:\/\/oficinaeconomicagalicia.xunta.gal\/en\/lorenzana-felicita-a-vig-sec-drone-por-ser-unha-das-15-empresas-seleccionadas-a-nivel-mundial-para-formar-parte-dunha-aceleradora-impulsada-pola-otan\/#primaryimage"},"image":{"@id":"https:\/\/oficinaeconomicagalicia.xunta.gal\/en\/lorenzana-felicita-a-vig-sec-drone-por-ser-unha-das-15-empresas-seleccionadas-a-nivel-mundial-para-formar-parte-dunha-aceleradora-impulsada-pola-otan\/#primaryimage"},"thumbnailUrl":"https:\/\/oficinaeconomicagalicia.xunta.gal\/wp-content\/uploads\/2026\/09\/26082026-LorenzanaVigSecDrone_web.webp","datePublished":"2026-09-02T15:18:13+00:00","dateModified":"2026-09-02T15:21:50+00:00","description":"Vig-Sec Drone has been selected to take part in the DIANA (Defence Innovation Accelerator for the North Atlantic) programme driven by NATO.","breadcrumb":{"@id":"https:\/\/oficinaeconomicagalicia.xunta.gal\/en\/lorenzana-felicita-a-vig-sec-drone-por-ser-unha-das-15-empresas-seleccionadas-a-nivel-mundial-para-formar-parte-dunha-aceleradora-impulsada-pola-otan\/#breadcrumb"},"inLanguage":"en-US","potentialAction":[{"@type":"ReadAction","target":["https:\/\/oficinaeconomicagalicia.xunta.gal\/en\/lorenzana-felicita-a-vig-sec-drone-por-ser-unha-das-15-empresas-seleccionadas-a-nivel-mundial-para-formar-parte-dunha-aceleradora-impulsada-pola-otan\/"]}]},{"@type":"ImageObject","inLanguage":"en-US","@id":"https:\/\/oficinaeconomicagalicia.xunta.gal\/en\/lorenzana-felicita-a-vig-sec-drone-por-ser-unha-das-15-empresas-seleccionadas-a-nivel-mundial-para-formar-parte-dunha-aceleradora-impulsada-pola-otan\/#primaryimage","url":"https:\/\/oficinaeconomicagalicia.xunta.gal\/wp-content\/uploads\/2026\/09\/26082026-LorenzanaVigSecDrone_web.webp","contentUrl":"https:\/\/oficinaeconomicagalicia.xunta.gal\/wp-content\/uploads\/2026\/09\/26082026-LorenzanaVigSecDrone_web.webp","width":900,"height":515},{"@type":"BreadcrumbList","@id":"https:\/\/oficinaeconomicagalicia.xunta.gal\/en\/lorenzana-felicita-a-vig-sec-drone-por-ser-unha-das-15-empresas-seleccionadas-a-nivel-mundial-para-formar-parte-dunha-aceleradora-impulsada-pola-otan\/#breadcrumb","itemListElement":[{"@type":"ListItem","position":1,"name":"Inicio","item":"https:\/\/oficinaeconomicagalicia.xunta.gal\/"},{"@type":"ListItem","position":2,"name":"Lorenzana congratulates VIG-Sec Drone on being one of the 15 companies selected worldwide to take part in an accelerator driven by NATO"}]},{"@type":"WebSite","@id":"https:\/\/oficinaeconomicagalicia.xunta.gal\/#website","url":"https:\/\/oficinaeconomicagalicia.xunta.gal\/","name":"Oficina Econ\u00f3mica de Galicia","description":"Convertir calquera tr\u00e1mite nun mero tr\u00e1mite","publisher":{"@id":"https:\/\/oficinaeconomicagalicia.xunta.gal\/#organization"},"potentialAction":[{"@type":"SearchAction","target":{"@type":"EntryPoint","urlTemplate":"https:\/\/oficinaeconomicagalicia.xunta.gal\/?s={search_term_string}"},"query-input":{"@type":"PropertyValueSpecification","valueRequired":true,"valueName":"search_term_string"}}],"inLanguage":"en-US"},{"@type":"Organization","@id":"https:\/\/oficinaeconomicagalicia.xunta.gal\/#organization","name":"Oficina Econ\u00f3mica de Galicia","alternateName":"OEG","url":"https:\/\/oficinaeconomicagalicia.xunta.gal\/","logo":{"@type":"ImageObject","inLanguage":"en-US","@id":"https:\/\/oficinaeconomicagalicia.xunta.gal\/#\/schema\/logo\/image\/","url":"https:\/\/oficinaeconomicagalicia.xunta.gal\/wp-content\/uploads\/2023\/04\/xunta.svg","contentUrl":"https:\/\/oficinaeconomicagalicia.xunta.gal\/wp-content\/uploads\/2023\/04\/xunta.svg","width":5952.76,"height":1700.79,"caption":"Oficina Econ\u00f3mica de Galicia"},"image":{"@id":"https:\/\/oficinaeconomicagalicia.xunta.gal\/#\/schema\/logo\/image\/"},"sameAs":["https:\/\/www.facebook.com\/OficinaEconomicadeGalicia\/","https:\/\/www.linkedin.com\/company\/oficina-economica-de-galicia\/"]},{"@type":"Person","@id":"https:\/\/oficinaeconomicagalicia.xunta.gal\/#\/schema\/person\/4b919f684a33a00a0462301f82898687","name":"Adm-Of-Eco","image":{"@type":"ImageObject","inLanguage":"en-US","@id":"https:\/\/secure.gravatar.com\/avatar\/822d9b5d44712904254790eea11ee749fdd737058bfbfaadfa58d3ed306af81d?s=96&d=mm&r=g","url":"https:\/\/secure.gravatar.com\/avatar\/822d9b5d44712904254790eea11ee749fdd737058bfbfaadfa58d3ed306af81d?s=96&d=mm&r=g","contentUrl":"https:\/\/secure.gravatar.com\/avatar\/822d9b5d44712904254790eea11ee749fdd737058bfbfaadfa58d3ed306af81d?s=96&d=mm&r=g","caption":"Adm-Of-Eco"},"url":"https:\/\/oficinaeconomicagalicia.xunta.gal\/en\/author\/adm-of-eco\/"}]}},"_links":{"self":[{"href":"https:\/\/oficinaeconomicagalicia.xunta.gal\/en\/wp-json\/wp\/v2\/posts\/22241","targetHints":{"allow":["GET"]}}],"collection":[{"href":"https:\/\/oficinaeconomicagalicia.xunta.gal\/en\/wp-json\/wp\/v2\/posts"}],"about":[{"href":"https:\/\/oficinaeconomicagalicia.xunta.gal\/en\/wp-json\/wp\/v2\/types\/post"}],"author":[{"embeddable":true,"href":"https:\/\/oficinaeconomicagalicia.xunta.gal\/en\/wp-json\/wp\/v2\/users\/3"}],"replies":[{"embeddable":true,"href":"https:\/\/oficinaeconomicagalicia.xunta.gal\/en\/wp-json\/wp\/v2\/comments?post=22241"}],"version-history":[{"count":2,"href":"https:\/\/oficinaeconomicagalicia.xunta.gal\/en\/wp-json\/wp\/v2\/posts\/22241\/revisions"}],"predecessor-version":[{"id":22243,"href":"https:\/\/oficinaeconomicagalicia.xunta.gal\/en\/wp-json\/wp\/v2\/posts\/22241\/revisions\/22243"}],"wp:featuredmedia":[{"embeddable":true,"href":"https:\/\/oficinaeconomicagalicia.xunta.gal\/en\/wp-json\/wp\/v2\/media\/22234"}],"wp:attachment":[{"href":"https:\/\/oficinaeconomicagalicia.xunta.gal\/en\/wp-json\/wp\/v2\/media?parent=22241"}],"wp:term":[{"taxonomy":"category","embeddable":true,"href":"https:\/\/oficinaeconomicagalicia.xunta.gal\/en\/wp-json\/wp\/v2\/categories?post=22241"},{"taxonomy":"post_tag","embeddable":true,"href":"https:\/\/oficinaeconomicagalicia.xunta.gal\/en\/wp-json\/wp\/v2\/tags?post=22241"}],"curies":[{"name":"wp","href":"https:\/\/api.w.org\/{rel}","templated":true}]}}