{"id":12020,"date":"2024-11-15T15:32:08","date_gmt":"2024-11-15T13:32:08","guid":{"rendered":"https:\/\/oficinaeconomicagalicia.xunta.gal\/la-xunta-evalua-con-cointega-estrategias-de-modernizacion-e-innovacion-en-el-sector-textil\/"},"modified":"2024-11-15T15:32:08","modified_gmt":"2024-11-15T13:32:08","slug":"la-xunta-evalua-con-cointega-estrategias-de-modernizacion-e-innovacion-en-el-sector-textil","status":"publish","type":"post","link":"https:\/\/oficinaeconomicagalicia.xunta.gal\/es\/la-xunta-evalua-con-cointega-estrategias-de-modernizacion-e-innovacion-en-el-sector-textil\/","title":{"rendered":"La Xunta eval\u00faa con Cointega estrategias de modernizaci\u00f3n e innovaci\u00f3n en el sector textil"},"content":{"rendered":"<ul>\n<li>\n<div class=\"contedor__ext__entradilla col-sm-12 texto-tam-sm texto-color-xunta-primario mb-3\">\n<p>La conselleira de Econom\u00eda e Industria, Mar\u00eda Jes\u00fas Lorenzana, se reuni\u00f3 con representantes de la Confederaci\u00f3n de Industrias Textiles de Galicia para abordar los retos de esta industria en la Comunidad<\/p>\n<\/div>\n<div id=\"carruselContainer0\" class=\"contedor__ext__carrusel col-sm-12 mb-3 contedor-ext\">\n<div class=\"carrusel modelo1 tipo6\" data-ipecos-carrusel=\"\">\n<div class=\"react-carrousel-hoc\">\n<div class=\"ipecos-component-fillo owl-loaded owl-drag\"><\/div>\n<\/div>\n<\/div>\n<\/div>\n<\/li>\n<\/ul>\n<p class=\"contedor__ext__entradilla col-sm-12 texto-tam-sm texto-color-xunta-primario mb-3\"><strong>Vigo, 15 de noviembre de 2024<\/strong><\/p>\n<p class=\"contedor__ext__entradilla col-sm-12 texto-tam-sm texto-color-xunta-primario mb-3\">La conselleira de Econom\u00eda e Industria, Mar\u00eda Jes\u00fas Lorenzana, se reuni\u00f3 con representantes de la Confederaci\u00f3n de Industrias Textiles de Galicia (Cointega), con el objetivo de evaluar estrategias de modernizaci\u00f3n e innovaci\u00f3n en el sector textil en la Comunidad y abordar sus retos de futuro.<\/p>\n<p class=\"contedor__ext__entradilla col-sm-12 texto-tam-sm texto-color-xunta-primario mb-3\">La conselleira y los representantes de Cointega coincidieron en la importancia de seguir apoyando esta industria estrat\u00e9gica para Galicia que en el a\u00f1o 2023 constituy\u00f3 el principal sector exportador de la Comunidad con un 23,1 % de las exportaciones gallegas.<\/p>\n<p class=\"contedor__ext__entradilla col-sm-12 texto-tam-sm texto-color-xunta-primario mb-3\">En este contexto, el objetivo es lo de impulsar la competitividad y las nuevas oportunidades de negocio; y tambi\u00e9n buscar nuevas f\u00f3rmulas para revitalizar la moda gallega y visualizar la calidad de sus productos y el buen hacer de las empresas y trabajadores y trabajadoras vinculadas la esta industria.<\/p>\n<p>En el encuentro, se abordaron adem\u00e1s las necesidades que el sector tiene para hacer frente a los futuros retos en el \u00e1mbito de la formaci\u00f3n de directivos, retenci\u00f3n de talento, modernizaci\u00f3n, digitalizaci\u00f3n o sostenibilidad.<\/p>\n<p>Asimismo, la titular de Econom\u00eda e Industria, puso en valor el compromiso de la Xunta con los emprendedores y con las pymes gallegas y resalt\u00f3 el papel de la Oficina Econ\u00f3mica de Galicia que desde su puesta en marcha en abril de este a\u00f1o ya atendi\u00f3 m\u00e1s de 10.000 consultas. Esta oficina act\u00faa como punto centralizado de atenci\u00f3n a empresas, personas aut\u00f3nomas y emprendedores y ofrece un sistema de informaci\u00f3n, asesoramiento y acompa\u00f1amiento personalizado y especializado.<\/p>\n","protected":false},"excerpt":{"rendered":"<p>La conselleira de Econom\u00eda e Industria, Mar\u00eda Jes\u00fas Lorenzana, se reuni\u00f3 con representantes de la Confederaci\u00f3n de Industrias Textiles de Galicia para abordar los retos de esta industria en la Comunidad Vigo, 15 de noviembre de 2024 La conselleira de Econom\u00eda e Industria, Mar\u00eda Jes\u00fas Lorenzana, se reuni\u00f3 con representantes de la Confederaci\u00f3n de Industrias [&hellip;]<\/p>\n","protected":false},"author":3,"featured_media":12017,"comment_status":"closed","ping_status":"closed","sticky":false,"template":"","format":"standard","meta":{"inline_featured_image":false,"footnotes":""},"categories":[36],"tags":[],"class_list":["post-12020","post","type-post","status-publish","format-standard","has-post-thumbnail","hentry","category-sin-categorizar"],"yoast_head":"<!-- This site is optimized with the Yoast SEO plugin v27.5 - https:\/\/yoast.com\/product\/yoast-seo-wordpress\/ -->\n<title>La Xunta eval\u00faa con Cointega estrategias de modernizaci\u00f3n e innovaci\u00f3n en el sector textil - Oficina Econ\u00f3mica de Galicia<\/title>\n<meta name=\"description\" content=\"La conselleira de Econom\u00eda e Industria, Mar\u00eda Jes\u00fas Lorenzana, se reuni\u00f3 con representantes de Cointega para evaluar estrategias de modernizaci\u00f3n e innovaci\u00f3n en el sector textil.\" \/>\n<meta name=\"robots\" content=\"index, follow, max-snippet:-1, max-image-preview:large, max-video-preview:-1\" \/>\n<link rel=\"canonical\" href=\"https:\/\/oficinaeconomicagalicia.xunta.gal\/a-xunta-avalia-con-cointega-estratexias-de-modernizacion-e-innovacion-no-sector-textil\/\" \/>\n<meta property=\"og:locale\" content=\"es_ES\" \/>\n<meta property=\"og:type\" content=\"article\" \/>\n<meta property=\"og:title\" content=\"La Xunta eval\u00faa con Cointega estrategias de modernizaci\u00f3n e innovaci\u00f3n en el sector textil - Oficina Econ\u00f3mica de Galicia\" \/>\n<meta property=\"og:description\" content=\"La conselleira de Econom\u00eda e Industria, Mar\u00eda Jes\u00fas Lorenzana, se reuni\u00f3 con representantes de Cointega para evaluar estrategias de modernizaci\u00f3n e innovaci\u00f3n en el sector textil.\" \/>\n<meta property=\"og:url\" content=\"https:\/\/oficinaeconomicagalicia.xunta.gal\/a-xunta-avalia-con-cointega-estratexias-de-modernizacion-e-innovacion-no-sector-textil\/\" \/>\n<meta property=\"og:site_name\" content=\"Oficina Econ\u00f3mica de Galicia\" \/>\n<meta property=\"article:publisher\" content=\"https:\/\/www.facebook.com\/OficinaEconomicadeGalicia\/\" \/>\n<meta property=\"article:published_time\" content=\"2024-11-15T13:32:08+00:00\" \/>\n<meta property=\"og:image\" content=\"https:\/\/oficinaeconomicagalicia.xunta.gal\/wp-content\/uploads\/2024\/11\/NP_LorenzanaCointega.jpg\" \/>\n\t<meta property=\"og:image:width\" content=\"900\" \/>\n\t<meta property=\"og:image:height\" content=\"506\" \/>\n\t<meta property=\"og:image:type\" content=\"image\/jpeg\" \/>\n<meta name=\"author\" content=\"Adm-Of-Eco\" \/>\n<meta name=\"twitter:card\" content=\"summary_large_image\" \/>\n<meta name=\"twitter:label1\" content=\"Escrito por\" \/>\n\t<meta name=\"twitter:data1\" content=\"Adm-Of-Eco\" \/>\n\t<meta name=\"twitter:label2\" content=\"Tiempo de lectura\" \/>\n\t<meta name=\"twitter:data2\" content=\"2 minutos\" \/>\n<script type=\"application\/ld+json\" class=\"yoast-schema-graph\">{\"@context\":\"https:\\\/\\\/schema.org\",\"@graph\":[{\"@type\":\"Article\",\"@id\":\"https:\\\/\\\/oficinaeconomicagalicia.xunta.gal\\\/a-xunta-avalia-con-cointega-estratexias-de-modernizacion-e-innovacion-no-sector-textil\\\/#article\",\"isPartOf\":{\"@id\":\"https:\\\/\\\/oficinaeconomicagalicia.xunta.gal\\\/a-xunta-avalia-con-cointega-estratexias-de-modernizacion-e-innovacion-no-sector-textil\\\/\"},\"author\":{\"name\":\"Adm-Of-Eco\",\"@id\":\"https:\\\/\\\/oficinaeconomicagalicia.xunta.gal\\\/#\\\/schema\\\/person\\\/4b919f684a33a00a0462301f82898687\"},\"headline\":\"La Xunta eval\u00faa con Cointega estrategias de modernizaci\u00f3n e innovaci\u00f3n en el sector textil\",\"datePublished\":\"2024-11-15T13:32:08+00:00\",\"mainEntityOfPage\":{\"@id\":\"https:\\\/\\\/oficinaeconomicagalicia.xunta.gal\\\/a-xunta-avalia-con-cointega-estratexias-de-modernizacion-e-innovacion-no-sector-textil\\\/\"},\"wordCount\":320,\"publisher\":{\"@id\":\"https:\\\/\\\/oficinaeconomicagalicia.xunta.gal\\\/#organization\"},\"image\":{\"@id\":\"https:\\\/\\\/oficinaeconomicagalicia.xunta.gal\\\/a-xunta-avalia-con-cointega-estratexias-de-modernizacion-e-innovacion-no-sector-textil\\\/#primaryimage\"},\"thumbnailUrl\":\"https:\\\/\\\/oficinaeconomicagalicia.xunta.gal\\\/wp-content\\\/uploads\\\/2024\\\/11\\\/NP_LorenzanaCointega.jpg\",\"articleSection\":[\"Sin categorizar\"],\"inLanguage\":\"es\"},{\"@type\":\"WebPage\",\"@id\":\"https:\\\/\\\/oficinaeconomicagalicia.xunta.gal\\\/a-xunta-avalia-con-cointega-estratexias-de-modernizacion-e-innovacion-no-sector-textil\\\/\",\"url\":\"https:\\\/\\\/oficinaeconomicagalicia.xunta.gal\\\/a-xunta-avalia-con-cointega-estratexias-de-modernizacion-e-innovacion-no-sector-textil\\\/\",\"name\":\"La Xunta eval\u00faa con Cointega estrategias de modernizaci\u00f3n e innovaci\u00f3n en el sector textil - Oficina Econ\u00f3mica de Galicia\",\"isPartOf\":{\"@id\":\"https:\\\/\\\/oficinaeconomicagalicia.xunta.gal\\\/#website\"},\"primaryImageOfPage\":{\"@id\":\"https:\\\/\\\/oficinaeconomicagalicia.xunta.gal\\\/a-xunta-avalia-con-cointega-estratexias-de-modernizacion-e-innovacion-no-sector-textil\\\/#primaryimage\"},\"image\":{\"@id\":\"https:\\\/\\\/oficinaeconomicagalicia.xunta.gal\\\/a-xunta-avalia-con-cointega-estratexias-de-modernizacion-e-innovacion-no-sector-textil\\\/#primaryimage\"},\"thumbnailUrl\":\"https:\\\/\\\/oficinaeconomicagalicia.xunta.gal\\\/wp-content\\\/uploads\\\/2024\\\/11\\\/NP_LorenzanaCointega.jpg\",\"datePublished\":\"2024-11-15T13:32:08+00:00\",\"description\":\"La conselleira de Econom\u00eda e Industria, Mar\u00eda Jes\u00fas Lorenzana, se reuni\u00f3 con representantes de Cointega para evaluar estrategias de modernizaci\u00f3n e innovaci\u00f3n en el sector textil.\",\"breadcrumb\":{\"@id\":\"https:\\\/\\\/oficinaeconomicagalicia.xunta.gal\\\/a-xunta-avalia-con-cointega-estratexias-de-modernizacion-e-innovacion-no-sector-textil\\\/#breadcrumb\"},\"inLanguage\":\"es\",\"potentialAction\":[{\"@type\":\"ReadAction\",\"target\":[\"https:\\\/\\\/oficinaeconomicagalicia.xunta.gal\\\/a-xunta-avalia-con-cointega-estratexias-de-modernizacion-e-innovacion-no-sector-textil\\\/\"]}]},{\"@type\":\"ImageObject\",\"inLanguage\":\"es\",\"@id\":\"https:\\\/\\\/oficinaeconomicagalicia.xunta.gal\\\/a-xunta-avalia-con-cointega-estratexias-de-modernizacion-e-innovacion-no-sector-textil\\\/#primaryimage\",\"url\":\"https:\\\/\\\/oficinaeconomicagalicia.xunta.gal\\\/wp-content\\\/uploads\\\/2024\\\/11\\\/NP_LorenzanaCointega.jpg\",\"contentUrl\":\"https:\\\/\\\/oficinaeconomicagalicia.xunta.gal\\\/wp-content\\\/uploads\\\/2024\\\/11\\\/NP_LorenzanaCointega.jpg\",\"width\":900,\"height\":506},{\"@type\":\"BreadcrumbList\",\"@id\":\"https:\\\/\\\/oficinaeconomicagalicia.xunta.gal\\\/a-xunta-avalia-con-cointega-estratexias-de-modernizacion-e-innovacion-no-sector-textil\\\/#breadcrumb\",\"itemListElement\":[{\"@type\":\"ListItem\",\"position\":1,\"name\":\"Inicio\",\"item\":\"https:\\\/\\\/oficinaeconomicagalicia.xunta.gal\\\/\"},{\"@type\":\"ListItem\",\"position\":2,\"name\":\"La Xunta eval\u00faa con Cointega estrategias de modernizaci\u00f3n e innovaci\u00f3n en el sector textil\"}]},{\"@type\":\"WebSite\",\"@id\":\"https:\\\/\\\/oficinaeconomicagalicia.xunta.gal\\\/#website\",\"url\":\"https:\\\/\\\/oficinaeconomicagalicia.xunta.gal\\\/\",\"name\":\"Oficina Econ\u00f3mica de Galicia\",\"description\":\"Convertir calquera tr\u00e1mite nun mero tr\u00e1mite\",\"publisher\":{\"@id\":\"https:\\\/\\\/oficinaeconomicagalicia.xunta.gal\\\/#organization\"},\"potentialAction\":[{\"@type\":\"SearchAction\",\"target\":{\"@type\":\"EntryPoint\",\"urlTemplate\":\"https:\\\/\\\/oficinaeconomicagalicia.xunta.gal\\\/?s={search_term_string}\"},\"query-input\":{\"@type\":\"PropertyValueSpecification\",\"valueRequired\":true,\"valueName\":\"search_term_string\"}}],\"inLanguage\":\"es\"},{\"@type\":\"Organization\",\"@id\":\"https:\\\/\\\/oficinaeconomicagalicia.xunta.gal\\\/#organization\",\"name\":\"Oficina Econ\u00f3mica de Galicia\",\"alternateName\":\"OEG\",\"url\":\"https:\\\/\\\/oficinaeconomicagalicia.xunta.gal\\\/\",\"logo\":{\"@type\":\"ImageObject\",\"inLanguage\":\"es\",\"@id\":\"https:\\\/\\\/oficinaeconomicagalicia.xunta.gal\\\/#\\\/schema\\\/logo\\\/image\\\/\",\"url\":\"https:\\\/\\\/oficinaeconomicagalicia.xunta.gal\\\/wp-content\\\/uploads\\\/2023\\\/04\\\/xunta.svg\",\"contentUrl\":\"https:\\\/\\\/oficinaeconomicagalicia.xunta.gal\\\/wp-content\\\/uploads\\\/2023\\\/04\\\/xunta.svg\",\"width\":5952.76,\"height\":1700.79,\"caption\":\"Oficina Econ\u00f3mica de Galicia\"},\"image\":{\"@id\":\"https:\\\/\\\/oficinaeconomicagalicia.xunta.gal\\\/#\\\/schema\\\/logo\\\/image\\\/\"},\"sameAs\":[\"https:\\\/\\\/www.facebook.com\\\/OficinaEconomicadeGalicia\\\/\",\"https:\\\/\\\/www.linkedin.com\\\/company\\\/oficina-economica-de-galicia\\\/\"]},{\"@type\":\"Person\",\"@id\":\"https:\\\/\\\/oficinaeconomicagalicia.xunta.gal\\\/#\\\/schema\\\/person\\\/4b919f684a33a00a0462301f82898687\",\"name\":\"Adm-Of-Eco\",\"image\":{\"@type\":\"ImageObject\",\"inLanguage\":\"es\",\"@id\":\"https:\\\/\\\/secure.gravatar.com\\\/avatar\\\/822d9b5d44712904254790eea11ee749fdd737058bfbfaadfa58d3ed306af81d?s=96&d=mm&r=g\",\"url\":\"https:\\\/\\\/secure.gravatar.com\\\/avatar\\\/822d9b5d44712904254790eea11ee749fdd737058bfbfaadfa58d3ed306af81d?s=96&d=mm&r=g\",\"contentUrl\":\"https:\\\/\\\/secure.gravatar.com\\\/avatar\\\/822d9b5d44712904254790eea11ee749fdd737058bfbfaadfa58d3ed306af81d?s=96&d=mm&r=g\",\"caption\":\"Adm-Of-Eco\"},\"url\":\"https:\\\/\\\/oficinaeconomicagalicia.xunta.gal\\\/es\\\/author\\\/adm-of-eco\\\/\"}]}<\/script>\n<!-- \/ Yoast SEO plugin. -->","yoast_head_json":{"title":"La Xunta eval\u00faa con Cointega estrategias de modernizaci\u00f3n e innovaci\u00f3n en el sector textil - Oficina Econ\u00f3mica de Galicia","description":"La conselleira de Econom\u00eda e Industria, Mar\u00eda Jes\u00fas Lorenzana, se reuni\u00f3 con representantes de Cointega para evaluar estrategias de modernizaci\u00f3n e innovaci\u00f3n en el sector textil.","robots":{"index":"index","follow":"follow","max-snippet":"max-snippet:-1","max-image-preview":"max-image-preview:large","max-video-preview":"max-video-preview:-1"},"canonical":"https:\/\/oficinaeconomicagalicia.xunta.gal\/a-xunta-avalia-con-cointega-estratexias-de-modernizacion-e-innovacion-no-sector-textil\/","og_locale":"es_ES","og_type":"article","og_title":"La Xunta eval\u00faa con Cointega estrategias de modernizaci\u00f3n e innovaci\u00f3n en el sector textil - Oficina Econ\u00f3mica de Galicia","og_description":"La conselleira de Econom\u00eda e Industria, Mar\u00eda Jes\u00fas Lorenzana, se reuni\u00f3 con representantes de Cointega para evaluar estrategias de modernizaci\u00f3n e innovaci\u00f3n en el sector textil.","og_url":"https:\/\/oficinaeconomicagalicia.xunta.gal\/a-xunta-avalia-con-cointega-estratexias-de-modernizacion-e-innovacion-no-sector-textil\/","og_site_name":"Oficina Econ\u00f3mica de Galicia","article_publisher":"https:\/\/www.facebook.com\/OficinaEconomicadeGalicia\/","article_published_time":"2024-11-15T13:32:08+00:00","og_image":[{"width":900,"height":506,"url":"https:\/\/oficinaeconomicagalicia.xunta.gal\/wp-content\/uploads\/2024\/11\/NP_LorenzanaCointega.jpg","type":"image\/jpeg"}],"author":"Adm-Of-Eco","twitter_card":"summary_large_image","twitter_misc":{"Escrito por":"Adm-Of-Eco","Tiempo de lectura":"2 minutos"},"schema":{"@context":"https:\/\/schema.org","@graph":[{"@type":"Article","@id":"https:\/\/oficinaeconomicagalicia.xunta.gal\/a-xunta-avalia-con-cointega-estratexias-de-modernizacion-e-innovacion-no-sector-textil\/#article","isPartOf":{"@id":"https:\/\/oficinaeconomicagalicia.xunta.gal\/a-xunta-avalia-con-cointega-estratexias-de-modernizacion-e-innovacion-no-sector-textil\/"},"author":{"name":"Adm-Of-Eco","@id":"https:\/\/oficinaeconomicagalicia.xunta.gal\/#\/schema\/person\/4b919f684a33a00a0462301f82898687"},"headline":"La Xunta eval\u00faa con Cointega estrategias de modernizaci\u00f3n e innovaci\u00f3n en el sector textil","datePublished":"2024-11-15T13:32:08+00:00","mainEntityOfPage":{"@id":"https:\/\/oficinaeconomicagalicia.xunta.gal\/a-xunta-avalia-con-cointega-estratexias-de-modernizacion-e-innovacion-no-sector-textil\/"},"wordCount":320,"publisher":{"@id":"https:\/\/oficinaeconomicagalicia.xunta.gal\/#organization"},"image":{"@id":"https:\/\/oficinaeconomicagalicia.xunta.gal\/a-xunta-avalia-con-cointega-estratexias-de-modernizacion-e-innovacion-no-sector-textil\/#primaryimage"},"thumbnailUrl":"https:\/\/oficinaeconomicagalicia.xunta.gal\/wp-content\/uploads\/2024\/11\/NP_LorenzanaCointega.jpg","articleSection":["Sin categorizar"],"inLanguage":"es"},{"@type":"WebPage","@id":"https:\/\/oficinaeconomicagalicia.xunta.gal\/a-xunta-avalia-con-cointega-estratexias-de-modernizacion-e-innovacion-no-sector-textil\/","url":"https:\/\/oficinaeconomicagalicia.xunta.gal\/a-xunta-avalia-con-cointega-estratexias-de-modernizacion-e-innovacion-no-sector-textil\/","name":"La Xunta eval\u00faa con Cointega estrategias de modernizaci\u00f3n e innovaci\u00f3n en el sector textil - Oficina Econ\u00f3mica de Galicia","isPartOf":{"@id":"https:\/\/oficinaeconomicagalicia.xunta.gal\/#website"},"primaryImageOfPage":{"@id":"https:\/\/oficinaeconomicagalicia.xunta.gal\/a-xunta-avalia-con-cointega-estratexias-de-modernizacion-e-innovacion-no-sector-textil\/#primaryimage"},"image":{"@id":"https:\/\/oficinaeconomicagalicia.xunta.gal\/a-xunta-avalia-con-cointega-estratexias-de-modernizacion-e-innovacion-no-sector-textil\/#primaryimage"},"thumbnailUrl":"https:\/\/oficinaeconomicagalicia.xunta.gal\/wp-content\/uploads\/2024\/11\/NP_LorenzanaCointega.jpg","datePublished":"2024-11-15T13:32:08+00:00","description":"La conselleira de Econom\u00eda e Industria, Mar\u00eda Jes\u00fas Lorenzana, se reuni\u00f3 con representantes de Cointega para evaluar estrategias de modernizaci\u00f3n e innovaci\u00f3n en el sector textil.","breadcrumb":{"@id":"https:\/\/oficinaeconomicagalicia.xunta.gal\/a-xunta-avalia-con-cointega-estratexias-de-modernizacion-e-innovacion-no-sector-textil\/#breadcrumb"},"inLanguage":"es","potentialAction":[{"@type":"ReadAction","target":["https:\/\/oficinaeconomicagalicia.xunta.gal\/a-xunta-avalia-con-cointega-estratexias-de-modernizacion-e-innovacion-no-sector-textil\/"]}]},{"@type":"ImageObject","inLanguage":"es","@id":"https:\/\/oficinaeconomicagalicia.xunta.gal\/a-xunta-avalia-con-cointega-estratexias-de-modernizacion-e-innovacion-no-sector-textil\/#primaryimage","url":"https:\/\/oficinaeconomicagalicia.xunta.gal\/wp-content\/uploads\/2024\/11\/NP_LorenzanaCointega.jpg","contentUrl":"https:\/\/oficinaeconomicagalicia.xunta.gal\/wp-content\/uploads\/2024\/11\/NP_LorenzanaCointega.jpg","width":900,"height":506},{"@type":"BreadcrumbList","@id":"https:\/\/oficinaeconomicagalicia.xunta.gal\/a-xunta-avalia-con-cointega-estratexias-de-modernizacion-e-innovacion-no-sector-textil\/#breadcrumb","itemListElement":[{"@type":"ListItem","position":1,"name":"Inicio","item":"https:\/\/oficinaeconomicagalicia.xunta.gal\/"},{"@type":"ListItem","position":2,"name":"La Xunta eval\u00faa con Cointega estrategias de modernizaci\u00f3n e innovaci\u00f3n en el sector textil"}]},{"@type":"WebSite","@id":"https:\/\/oficinaeconomicagalicia.xunta.gal\/#website","url":"https:\/\/oficinaeconomicagalicia.xunta.gal\/","name":"Oficina Econ\u00f3mica de Galicia","description":"Convertir calquera tr\u00e1mite nun mero tr\u00e1mite","publisher":{"@id":"https:\/\/oficinaeconomicagalicia.xunta.gal\/#organization"},"potentialAction":[{"@type":"SearchAction","target":{"@type":"EntryPoint","urlTemplate":"https:\/\/oficinaeconomicagalicia.xunta.gal\/?s={search_term_string}"},"query-input":{"@type":"PropertyValueSpecification","valueRequired":true,"valueName":"search_term_string"}}],"inLanguage":"es"},{"@type":"Organization","@id":"https:\/\/oficinaeconomicagalicia.xunta.gal\/#organization","name":"Oficina Econ\u00f3mica de Galicia","alternateName":"OEG","url":"https:\/\/oficinaeconomicagalicia.xunta.gal\/","logo":{"@type":"ImageObject","inLanguage":"es","@id":"https:\/\/oficinaeconomicagalicia.xunta.gal\/#\/schema\/logo\/image\/","url":"https:\/\/oficinaeconomicagalicia.xunta.gal\/wp-content\/uploads\/2023\/04\/xunta.svg","contentUrl":"https:\/\/oficinaeconomicagalicia.xunta.gal\/wp-content\/uploads\/2023\/04\/xunta.svg","width":5952.76,"height":1700.79,"caption":"Oficina Econ\u00f3mica de Galicia"},"image":{"@id":"https:\/\/oficinaeconomicagalicia.xunta.gal\/#\/schema\/logo\/image\/"},"sameAs":["https:\/\/www.facebook.com\/OficinaEconomicadeGalicia\/","https:\/\/www.linkedin.com\/company\/oficina-economica-de-galicia\/"]},{"@type":"Person","@id":"https:\/\/oficinaeconomicagalicia.xunta.gal\/#\/schema\/person\/4b919f684a33a00a0462301f82898687","name":"Adm-Of-Eco","image":{"@type":"ImageObject","inLanguage":"es","@id":"https:\/\/secure.gravatar.com\/avatar\/822d9b5d44712904254790eea11ee749fdd737058bfbfaadfa58d3ed306af81d?s=96&d=mm&r=g","url":"https:\/\/secure.gravatar.com\/avatar\/822d9b5d44712904254790eea11ee749fdd737058bfbfaadfa58d3ed306af81d?s=96&d=mm&r=g","contentUrl":"https:\/\/secure.gravatar.com\/avatar\/822d9b5d44712904254790eea11ee749fdd737058bfbfaadfa58d3ed306af81d?s=96&d=mm&r=g","caption":"Adm-Of-Eco"},"url":"https:\/\/oficinaeconomicagalicia.xunta.gal\/es\/author\/adm-of-eco\/"}]}},"_links":{"self":[{"href":"https:\/\/oficinaeconomicagalicia.xunta.gal\/es\/wp-json\/wp\/v2\/posts\/12020","targetHints":{"allow":["GET"]}}],"collection":[{"href":"https:\/\/oficinaeconomicagalicia.xunta.gal\/es\/wp-json\/wp\/v2\/posts"}],"about":[{"href":"https:\/\/oficinaeconomicagalicia.xunta.gal\/es\/wp-json\/wp\/v2\/types\/post"}],"author":[{"embeddable":true,"href":"https:\/\/oficinaeconomicagalicia.xunta.gal\/es\/wp-json\/wp\/v2\/users\/3"}],"replies":[{"embeddable":true,"href":"https:\/\/oficinaeconomicagalicia.xunta.gal\/es\/wp-json\/wp\/v2\/comments?post=12020"}],"version-history":[{"count":0,"href":"https:\/\/oficinaeconomicagalicia.xunta.gal\/es\/wp-json\/wp\/v2\/posts\/12020\/revisions"}],"wp:featuredmedia":[{"embeddable":true,"href":"https:\/\/oficinaeconomicagalicia.xunta.gal\/es\/wp-json\/wp\/v2\/media\/12017"}],"wp:attachment":[{"href":"https:\/\/oficinaeconomicagalicia.xunta.gal\/es\/wp-json\/wp\/v2\/media?parent=12020"}],"wp:term":[{"taxonomy":"category","embeddable":true,"href":"https:\/\/oficinaeconomicagalicia.xunta.gal\/es\/wp-json\/wp\/v2\/categories?post=12020"},{"taxonomy":"post_tag","embeddable":true,"href":"https:\/\/oficinaeconomicagalicia.xunta.gal\/es\/wp-json\/wp\/v2\/tags?post=12020"}],"curies":[{"name":"wp","href":"https:\/\/api.w.org\/{rel}","templated":true}]}}