{"id":14519,"date":"2025-03-31T18:39:39","date_gmt":"2025-03-31T16:39:39","guid":{"rendered":"https:\/\/oficinaeconomicagalicia.xunta.gal\/la-xunta-defiende-en-madrid-el-modelo-gallego-de-impulso-a-la-competitividad-industrial-y-de-captacion-de-inversiones\/"},"modified":"2025-03-31T18:39:39","modified_gmt":"2025-03-31T16:39:39","slug":"la-xunta-defiende-en-madrid-el-modelo-gallego-de-impulso-a-la-competitividad-industrial-y-de-captacion-de-inversiones","status":"publish","type":"post","link":"https:\/\/oficinaeconomicagalicia.xunta.gal\/es\/la-xunta-defiende-en-madrid-el-modelo-gallego-de-impulso-a-la-competitividad-industrial-y-de-captacion-de-inversiones\/","title":{"rendered":"La Xunta defiende en Madrid el modelo gallego de impulso a la competitividad industrial y de captaci\u00f3n de inversiones"},"content":{"rendered":"<ul>\n<li>La directora del Igape, Covadonga Toca, participa en la reuni\u00f3n del grupo de buenas pr\u00e1cticas del Consejo Interterritorial Internacionalizaci\u00f3n del ICEX e interviene en la mesa redonda \u00abCompetitividad industrial: \u00bfC\u00f3mo financiar el futuro?\u00bb, en el marco del evento Wake Up Spain<\/li>\n<li>Presenta la Oficina Econ\u00f3mica de Galicia como ejemplo de nueva gobernanza orientada a la empresa y destaca las herramientas de la Xunta para atraer inversiones y agilizar proyectos estrat\u00e9gicos<\/li>\n<\/ul>\n<p><strong>Madrid, 31 de marzo de 2025<\/strong><\/p>\n<p>La directora del Igape, Covadonga Toca, represent\u00f3 hoy a la Xunta de Galicia en la reuni\u00f3n del grupo de trabajo de buenas pr\u00e1cticas del Consejo Interterritorial de Internacionalizaci\u00f3n del ICEX. Un encuentro al que asisti\u00f3 antes de participar en la mesa redonda \u00abCompetitividad industrial: \u00bfC\u00f3mo financiar el futuro?\u00bb, celebrada en el marco del foro econ\u00f3mico Wake Up Spain, en Madrid.<\/p>\n<p>Durante ambas intervenciones, Toca Car\u00fas expuso las l\u00edneas maestras de la Oficina Econ\u00f3mica de Galicia, un nuevo modelo de relaci\u00f3n con el tejido empresarial que ponen a la empresa en el centro de las pol\u00edticas p\u00fablicas y que simplifica y agiliza los procesos para emprender, crecer e invertir en Galicia.<\/p>\n<p>La Oficina Econ\u00f3mica de Galicia, expuso, en funcionamiento desde abril de 2024, ofrece un plan individualizado de apoyos y asesoramiento especializado para cada proyecto, mediante un equipo de 100 asesores expertos en las \u00e1reas de industria, energ\u00eda, innovaci\u00f3n, financiaci\u00f3n y sostenibilidad.<\/p>\n<p>Desde su puesta en marcha, record\u00f3 la directora, ya atendi\u00f3 m\u00e1s de 18.700 consultas y prest\u00f3 asesoramiento directo a 865 iniciativas empresariales, de las cuales 193 fueron calificadas como de especial relevancia.<\/p>\n<p>Asimismo, Toca Car\u00fas destac\u00f3 tambi\u00e9n las medidas de la Xunta para atraer inversiones y activar proyectos industriales estrat\u00e9gicos, como la declaraci\u00f3n de Proyectos de Inter\u00e9s Auton\u00f3mico (PIA) o Proyectos Industriales Estrat\u00e9gicos (PIE), que permiten reducir a la mitad los plazos administrativos, adjudicar suelo empresarial de forma directa y conceder subvenciones sin concurrencia competitiva.<\/p>\n<p>En su intervenci\u00f3n en Wake Up Spain, la directora del Igape reivindic\u00f3 la coordinaci\u00f3n institucional y la planificaci\u00f3n proactiva como elementos clave para conseguir una Galicia m\u00e1s competitiva, sostenible y atractiva para la inversi\u00f3n nacional e internacional. \u00abEn Galicia tenemos claro que el futuro industrial pasa por la colaboraci\u00f3n p\u00fablico-privada, la anticipaci\u00f3n a las necesidades del tejido productivo y una tramitaci\u00f3n \u00e1gil y eficiente. La Oficina Econ\u00f3mica es el espejo de esa nueva visi\u00f3n\u00bb, subray\u00f3.<\/p>\n","protected":false},"excerpt":{"rendered":"<p>La directora del Igape, Covadonga Toca, participa en la reuni\u00f3n del grupo de buenas pr\u00e1cticas del Consejo Interterritorial Internacionalizaci\u00f3n del ICEX e interviene en la mesa redonda \u00abCompetitividad industrial: \u00bfC\u00f3mo financiar el futuro?\u00bb, en el marco del evento Wake Up Spain Presenta la Oficina Econ\u00f3mica de Galicia como ejemplo de nueva gobernanza orientada a la [&hellip;]<\/p>\n","protected":false},"author":3,"featured_media":14517,"comment_status":"closed","ping_status":"closed","sticky":false,"template":"","format":"standard","meta":{"inline_featured_image":false,"footnotes":""},"categories":[36],"tags":[],"class_list":["post-14519","post","type-post","status-publish","format-standard","has-post-thumbnail","hentry","category-sin-categorizar"],"yoast_head":"<!-- This site is optimized with the Yoast SEO plugin v27.5 - https:\/\/yoast.com\/product\/yoast-seo-wordpress\/ -->\n<title>La Xunta defiende en Madrid el modelo gallego de impulso a la competitividad industrial y de captaci\u00f3n de inversiones - Oficina Econ\u00f3mica de Galicia<\/title>\n<meta name=\"description\" content=\"Covadonga Toca participa en la reuni\u00f3n del grupo de buenas pr\u00e1cticas del Consejo Interterritorial Internacionalizaci\u00f3n del ICEX.\" \/>\n<meta name=\"robots\" content=\"index, follow, max-snippet:-1, max-image-preview:large, max-video-preview:-1\" \/>\n<link rel=\"canonical\" href=\"https:\/\/oficinaeconomicagalicia.xunta.gal\/a-xunta-defende-en-madrid-o-modelo-galego-de-impulso-a-competitividade-industrial-e-de-captacion-de-investimentos\/\" \/>\n<meta property=\"og:locale\" content=\"es_ES\" \/>\n<meta property=\"og:type\" content=\"article\" \/>\n<meta property=\"og:title\" content=\"La Xunta defiende en Madrid el modelo gallego de impulso a la competitividad industrial y de captaci\u00f3n de inversiones - Oficina Econ\u00f3mica de Galicia\" \/>\n<meta property=\"og:description\" content=\"Covadonga Toca participa en la reuni\u00f3n del grupo de buenas pr\u00e1cticas del Consejo Interterritorial Internacionalizaci\u00f3n del ICEX.\" \/>\n<meta property=\"og:url\" content=\"https:\/\/oficinaeconomicagalicia.xunta.gal\/a-xunta-defende-en-madrid-o-modelo-galego-de-impulso-a-competitividade-industrial-e-de-captacion-de-investimentos\/\" \/>\n<meta property=\"og:site_name\" content=\"Oficina Econ\u00f3mica de Galicia\" \/>\n<meta property=\"article:publisher\" content=\"https:\/\/www.facebook.com\/OficinaEconomicadeGalicia\/\" \/>\n<meta property=\"article:published_time\" content=\"2025-03-31T16:39:39+00:00\" \/>\n<meta property=\"og:image\" content=\"https:\/\/oficinaeconomicagalicia.xunta.gal\/wp-content\/uploads\/2025\/04\/20250331-DXIgapeWakeUp.jpg\" \/>\n\t<meta property=\"og:image:width\" content=\"1600\" \/>\n\t<meta property=\"og:image:height\" content=\"1200\" \/>\n\t<meta property=\"og:image:type\" content=\"image\/jpeg\" \/>\n<meta name=\"author\" content=\"Adm-Of-Eco\" \/>\n<meta name=\"twitter:card\" content=\"summary_large_image\" \/>\n<meta name=\"twitter:label1\" content=\"Escrito por\" \/>\n\t<meta name=\"twitter:data1\" content=\"Adm-Of-Eco\" \/>\n\t<meta name=\"twitter:label2\" content=\"Tiempo de lectura\" \/>\n\t<meta name=\"twitter:data2\" content=\"2 minutos\" \/>\n<script type=\"application\/ld+json\" class=\"yoast-schema-graph\">{\"@context\":\"https:\\\/\\\/schema.org\",\"@graph\":[{\"@type\":\"Article\",\"@id\":\"https:\\\/\\\/oficinaeconomicagalicia.xunta.gal\\\/a-xunta-defende-en-madrid-o-modelo-galego-de-impulso-a-competitividade-industrial-e-de-captacion-de-investimentos\\\/#article\",\"isPartOf\":{\"@id\":\"https:\\\/\\\/oficinaeconomicagalicia.xunta.gal\\\/a-xunta-defende-en-madrid-o-modelo-galego-de-impulso-a-competitividade-industrial-e-de-captacion-de-investimentos\\\/\"},\"author\":{\"name\":\"Adm-Of-Eco\",\"@id\":\"https:\\\/\\\/oficinaeconomicagalicia.xunta.gal\\\/#\\\/schema\\\/person\\\/4b919f684a33a00a0462301f82898687\"},\"headline\":\"La Xunta defiende en Madrid el modelo gallego de impulso a la competitividad industrial y de captaci\u00f3n de inversiones\",\"datePublished\":\"2025-03-31T16:39:39+00:00\",\"mainEntityOfPage\":{\"@id\":\"https:\\\/\\\/oficinaeconomicagalicia.xunta.gal\\\/a-xunta-defende-en-madrid-o-modelo-galego-de-impulso-a-competitividade-industrial-e-de-captacion-de-investimentos\\\/\"},\"wordCount\":440,\"publisher\":{\"@id\":\"https:\\\/\\\/oficinaeconomicagalicia.xunta.gal\\\/#organization\"},\"image\":{\"@id\":\"https:\\\/\\\/oficinaeconomicagalicia.xunta.gal\\\/a-xunta-defende-en-madrid-o-modelo-galego-de-impulso-a-competitividade-industrial-e-de-captacion-de-investimentos\\\/#primaryimage\"},\"thumbnailUrl\":\"https:\\\/\\\/oficinaeconomicagalicia.xunta.gal\\\/wp-content\\\/uploads\\\/2025\\\/04\\\/20250331-DXIgapeWakeUp.jpg\",\"articleSection\":[\"Sin categorizar\"],\"inLanguage\":\"es\"},{\"@type\":\"WebPage\",\"@id\":\"https:\\\/\\\/oficinaeconomicagalicia.xunta.gal\\\/a-xunta-defende-en-madrid-o-modelo-galego-de-impulso-a-competitividade-industrial-e-de-captacion-de-investimentos\\\/\",\"url\":\"https:\\\/\\\/oficinaeconomicagalicia.xunta.gal\\\/a-xunta-defende-en-madrid-o-modelo-galego-de-impulso-a-competitividade-industrial-e-de-captacion-de-investimentos\\\/\",\"name\":\"La Xunta defiende en Madrid el modelo gallego de impulso a la competitividad industrial y de captaci\u00f3n de inversiones - Oficina Econ\u00f3mica de Galicia\",\"isPartOf\":{\"@id\":\"https:\\\/\\\/oficinaeconomicagalicia.xunta.gal\\\/#website\"},\"primaryImageOfPage\":{\"@id\":\"https:\\\/\\\/oficinaeconomicagalicia.xunta.gal\\\/a-xunta-defende-en-madrid-o-modelo-galego-de-impulso-a-competitividade-industrial-e-de-captacion-de-investimentos\\\/#primaryimage\"},\"image\":{\"@id\":\"https:\\\/\\\/oficinaeconomicagalicia.xunta.gal\\\/a-xunta-defende-en-madrid-o-modelo-galego-de-impulso-a-competitividade-industrial-e-de-captacion-de-investimentos\\\/#primaryimage\"},\"thumbnailUrl\":\"https:\\\/\\\/oficinaeconomicagalicia.xunta.gal\\\/wp-content\\\/uploads\\\/2025\\\/04\\\/20250331-DXIgapeWakeUp.jpg\",\"datePublished\":\"2025-03-31T16:39:39+00:00\",\"description\":\"Covadonga Toca participa en la reuni\u00f3n del grupo de buenas pr\u00e1cticas del Consejo Interterritorial Internacionalizaci\u00f3n del ICEX.\",\"breadcrumb\":{\"@id\":\"https:\\\/\\\/oficinaeconomicagalicia.xunta.gal\\\/a-xunta-defende-en-madrid-o-modelo-galego-de-impulso-a-competitividade-industrial-e-de-captacion-de-investimentos\\\/#breadcrumb\"},\"inLanguage\":\"es\",\"potentialAction\":[{\"@type\":\"ReadAction\",\"target\":[\"https:\\\/\\\/oficinaeconomicagalicia.xunta.gal\\\/a-xunta-defende-en-madrid-o-modelo-galego-de-impulso-a-competitividade-industrial-e-de-captacion-de-investimentos\\\/\"]}]},{\"@type\":\"ImageObject\",\"inLanguage\":\"es\",\"@id\":\"https:\\\/\\\/oficinaeconomicagalicia.xunta.gal\\\/a-xunta-defende-en-madrid-o-modelo-galego-de-impulso-a-competitividade-industrial-e-de-captacion-de-investimentos\\\/#primaryimage\",\"url\":\"https:\\\/\\\/oficinaeconomicagalicia.xunta.gal\\\/wp-content\\\/uploads\\\/2025\\\/04\\\/20250331-DXIgapeWakeUp.jpg\",\"contentUrl\":\"https:\\\/\\\/oficinaeconomicagalicia.xunta.gal\\\/wp-content\\\/uploads\\\/2025\\\/04\\\/20250331-DXIgapeWakeUp.jpg\",\"width\":1600,\"height\":1200},{\"@type\":\"BreadcrumbList\",\"@id\":\"https:\\\/\\\/oficinaeconomicagalicia.xunta.gal\\\/a-xunta-defende-en-madrid-o-modelo-galego-de-impulso-a-competitividade-industrial-e-de-captacion-de-investimentos\\\/#breadcrumb\",\"itemListElement\":[{\"@type\":\"ListItem\",\"position\":1,\"name\":\"Inicio\",\"item\":\"https:\\\/\\\/oficinaeconomicagalicia.xunta.gal\\\/\"},{\"@type\":\"ListItem\",\"position\":2,\"name\":\"La Xunta defiende en Madrid el modelo gallego de impulso a la competitividad industrial y de captaci\u00f3n de inversiones\"}]},{\"@type\":\"WebSite\",\"@id\":\"https:\\\/\\\/oficinaeconomicagalicia.xunta.gal\\\/#website\",\"url\":\"https:\\\/\\\/oficinaeconomicagalicia.xunta.gal\\\/\",\"name\":\"Oficina Econ\u00f3mica de Galicia\",\"description\":\"Convertir calquera tr\u00e1mite nun mero tr\u00e1mite\",\"publisher\":{\"@id\":\"https:\\\/\\\/oficinaeconomicagalicia.xunta.gal\\\/#organization\"},\"potentialAction\":[{\"@type\":\"SearchAction\",\"target\":{\"@type\":\"EntryPoint\",\"urlTemplate\":\"https:\\\/\\\/oficinaeconomicagalicia.xunta.gal\\\/?s={search_term_string}\"},\"query-input\":{\"@type\":\"PropertyValueSpecification\",\"valueRequired\":true,\"valueName\":\"search_term_string\"}}],\"inLanguage\":\"es\"},{\"@type\":\"Organization\",\"@id\":\"https:\\\/\\\/oficinaeconomicagalicia.xunta.gal\\\/#organization\",\"name\":\"Oficina Econ\u00f3mica de Galicia\",\"alternateName\":\"OEG\",\"url\":\"https:\\\/\\\/oficinaeconomicagalicia.xunta.gal\\\/\",\"logo\":{\"@type\":\"ImageObject\",\"inLanguage\":\"es\",\"@id\":\"https:\\\/\\\/oficinaeconomicagalicia.xunta.gal\\\/#\\\/schema\\\/logo\\\/image\\\/\",\"url\":\"https:\\\/\\\/oficinaeconomicagalicia.xunta.gal\\\/wp-content\\\/uploads\\\/2023\\\/04\\\/xunta.svg\",\"contentUrl\":\"https:\\\/\\\/oficinaeconomicagalicia.xunta.gal\\\/wp-content\\\/uploads\\\/2023\\\/04\\\/xunta.svg\",\"width\":5952.76,\"height\":1700.79,\"caption\":\"Oficina Econ\u00f3mica de Galicia\"},\"image\":{\"@id\":\"https:\\\/\\\/oficinaeconomicagalicia.xunta.gal\\\/#\\\/schema\\\/logo\\\/image\\\/\"},\"sameAs\":[\"https:\\\/\\\/www.facebook.com\\\/OficinaEconomicadeGalicia\\\/\",\"https:\\\/\\\/www.linkedin.com\\\/company\\\/oficina-economica-de-galicia\\\/\"]},{\"@type\":\"Person\",\"@id\":\"https:\\\/\\\/oficinaeconomicagalicia.xunta.gal\\\/#\\\/schema\\\/person\\\/4b919f684a33a00a0462301f82898687\",\"name\":\"Adm-Of-Eco\",\"image\":{\"@type\":\"ImageObject\",\"inLanguage\":\"es\",\"@id\":\"https:\\\/\\\/secure.gravatar.com\\\/avatar\\\/822d9b5d44712904254790eea11ee749fdd737058bfbfaadfa58d3ed306af81d?s=96&d=mm&r=g\",\"url\":\"https:\\\/\\\/secure.gravatar.com\\\/avatar\\\/822d9b5d44712904254790eea11ee749fdd737058bfbfaadfa58d3ed306af81d?s=96&d=mm&r=g\",\"contentUrl\":\"https:\\\/\\\/secure.gravatar.com\\\/avatar\\\/822d9b5d44712904254790eea11ee749fdd737058bfbfaadfa58d3ed306af81d?s=96&d=mm&r=g\",\"caption\":\"Adm-Of-Eco\"},\"url\":\"https:\\\/\\\/oficinaeconomicagalicia.xunta.gal\\\/es\\\/author\\\/adm-of-eco\\\/\"}]}<\/script>\n<!-- \/ Yoast SEO plugin. -->","yoast_head_json":{"title":"La Xunta defiende en Madrid el modelo gallego de impulso a la competitividad industrial y de captaci\u00f3n de inversiones - Oficina Econ\u00f3mica de Galicia","description":"Covadonga Toca participa en la reuni\u00f3n del grupo de buenas pr\u00e1cticas del Consejo Interterritorial Internacionalizaci\u00f3n del ICEX.","robots":{"index":"index","follow":"follow","max-snippet":"max-snippet:-1","max-image-preview":"max-image-preview:large","max-video-preview":"max-video-preview:-1"},"canonical":"https:\/\/oficinaeconomicagalicia.xunta.gal\/a-xunta-defende-en-madrid-o-modelo-galego-de-impulso-a-competitividade-industrial-e-de-captacion-de-investimentos\/","og_locale":"es_ES","og_type":"article","og_title":"La Xunta defiende en Madrid el modelo gallego de impulso a la competitividad industrial y de captaci\u00f3n de inversiones - Oficina Econ\u00f3mica de Galicia","og_description":"Covadonga Toca participa en la reuni\u00f3n del grupo de buenas pr\u00e1cticas del Consejo Interterritorial Internacionalizaci\u00f3n del ICEX.","og_url":"https:\/\/oficinaeconomicagalicia.xunta.gal\/a-xunta-defende-en-madrid-o-modelo-galego-de-impulso-a-competitividade-industrial-e-de-captacion-de-investimentos\/","og_site_name":"Oficina Econ\u00f3mica de Galicia","article_publisher":"https:\/\/www.facebook.com\/OficinaEconomicadeGalicia\/","article_published_time":"2025-03-31T16:39:39+00:00","og_image":[{"width":1600,"height":1200,"url":"https:\/\/oficinaeconomicagalicia.xunta.gal\/wp-content\/uploads\/2025\/04\/20250331-DXIgapeWakeUp.jpg","type":"image\/jpeg"}],"author":"Adm-Of-Eco","twitter_card":"summary_large_image","twitter_misc":{"Escrito por":"Adm-Of-Eco","Tiempo de lectura":"2 minutos"},"schema":{"@context":"https:\/\/schema.org","@graph":[{"@type":"Article","@id":"https:\/\/oficinaeconomicagalicia.xunta.gal\/a-xunta-defende-en-madrid-o-modelo-galego-de-impulso-a-competitividade-industrial-e-de-captacion-de-investimentos\/#article","isPartOf":{"@id":"https:\/\/oficinaeconomicagalicia.xunta.gal\/a-xunta-defende-en-madrid-o-modelo-galego-de-impulso-a-competitividade-industrial-e-de-captacion-de-investimentos\/"},"author":{"name":"Adm-Of-Eco","@id":"https:\/\/oficinaeconomicagalicia.xunta.gal\/#\/schema\/person\/4b919f684a33a00a0462301f82898687"},"headline":"La Xunta defiende en Madrid el modelo gallego de impulso a la competitividad industrial y de captaci\u00f3n de inversiones","datePublished":"2025-03-31T16:39:39+00:00","mainEntityOfPage":{"@id":"https:\/\/oficinaeconomicagalicia.xunta.gal\/a-xunta-defende-en-madrid-o-modelo-galego-de-impulso-a-competitividade-industrial-e-de-captacion-de-investimentos\/"},"wordCount":440,"publisher":{"@id":"https:\/\/oficinaeconomicagalicia.xunta.gal\/#organization"},"image":{"@id":"https:\/\/oficinaeconomicagalicia.xunta.gal\/a-xunta-defende-en-madrid-o-modelo-galego-de-impulso-a-competitividade-industrial-e-de-captacion-de-investimentos\/#primaryimage"},"thumbnailUrl":"https:\/\/oficinaeconomicagalicia.xunta.gal\/wp-content\/uploads\/2025\/04\/20250331-DXIgapeWakeUp.jpg","articleSection":["Sin categorizar"],"inLanguage":"es"},{"@type":"WebPage","@id":"https:\/\/oficinaeconomicagalicia.xunta.gal\/a-xunta-defende-en-madrid-o-modelo-galego-de-impulso-a-competitividade-industrial-e-de-captacion-de-investimentos\/","url":"https:\/\/oficinaeconomicagalicia.xunta.gal\/a-xunta-defende-en-madrid-o-modelo-galego-de-impulso-a-competitividade-industrial-e-de-captacion-de-investimentos\/","name":"La Xunta defiende en Madrid el modelo gallego de impulso a la competitividad industrial y de captaci\u00f3n de inversiones - Oficina Econ\u00f3mica de Galicia","isPartOf":{"@id":"https:\/\/oficinaeconomicagalicia.xunta.gal\/#website"},"primaryImageOfPage":{"@id":"https:\/\/oficinaeconomicagalicia.xunta.gal\/a-xunta-defende-en-madrid-o-modelo-galego-de-impulso-a-competitividade-industrial-e-de-captacion-de-investimentos\/#primaryimage"},"image":{"@id":"https:\/\/oficinaeconomicagalicia.xunta.gal\/a-xunta-defende-en-madrid-o-modelo-galego-de-impulso-a-competitividade-industrial-e-de-captacion-de-investimentos\/#primaryimage"},"thumbnailUrl":"https:\/\/oficinaeconomicagalicia.xunta.gal\/wp-content\/uploads\/2025\/04\/20250331-DXIgapeWakeUp.jpg","datePublished":"2025-03-31T16:39:39+00:00","description":"Covadonga Toca participa en la reuni\u00f3n del grupo de buenas pr\u00e1cticas del Consejo Interterritorial Internacionalizaci\u00f3n del ICEX.","breadcrumb":{"@id":"https:\/\/oficinaeconomicagalicia.xunta.gal\/a-xunta-defende-en-madrid-o-modelo-galego-de-impulso-a-competitividade-industrial-e-de-captacion-de-investimentos\/#breadcrumb"},"inLanguage":"es","potentialAction":[{"@type":"ReadAction","target":["https:\/\/oficinaeconomicagalicia.xunta.gal\/a-xunta-defende-en-madrid-o-modelo-galego-de-impulso-a-competitividade-industrial-e-de-captacion-de-investimentos\/"]}]},{"@type":"ImageObject","inLanguage":"es","@id":"https:\/\/oficinaeconomicagalicia.xunta.gal\/a-xunta-defende-en-madrid-o-modelo-galego-de-impulso-a-competitividade-industrial-e-de-captacion-de-investimentos\/#primaryimage","url":"https:\/\/oficinaeconomicagalicia.xunta.gal\/wp-content\/uploads\/2025\/04\/20250331-DXIgapeWakeUp.jpg","contentUrl":"https:\/\/oficinaeconomicagalicia.xunta.gal\/wp-content\/uploads\/2025\/04\/20250331-DXIgapeWakeUp.jpg","width":1600,"height":1200},{"@type":"BreadcrumbList","@id":"https:\/\/oficinaeconomicagalicia.xunta.gal\/a-xunta-defende-en-madrid-o-modelo-galego-de-impulso-a-competitividade-industrial-e-de-captacion-de-investimentos\/#breadcrumb","itemListElement":[{"@type":"ListItem","position":1,"name":"Inicio","item":"https:\/\/oficinaeconomicagalicia.xunta.gal\/"},{"@type":"ListItem","position":2,"name":"La Xunta defiende en Madrid el modelo gallego de impulso a la competitividad industrial y de captaci\u00f3n de inversiones"}]},{"@type":"WebSite","@id":"https:\/\/oficinaeconomicagalicia.xunta.gal\/#website","url":"https:\/\/oficinaeconomicagalicia.xunta.gal\/","name":"Oficina Econ\u00f3mica de Galicia","description":"Convertir calquera tr\u00e1mite nun mero tr\u00e1mite","publisher":{"@id":"https:\/\/oficinaeconomicagalicia.xunta.gal\/#organization"},"potentialAction":[{"@type":"SearchAction","target":{"@type":"EntryPoint","urlTemplate":"https:\/\/oficinaeconomicagalicia.xunta.gal\/?s={search_term_string}"},"query-input":{"@type":"PropertyValueSpecification","valueRequired":true,"valueName":"search_term_string"}}],"inLanguage":"es"},{"@type":"Organization","@id":"https:\/\/oficinaeconomicagalicia.xunta.gal\/#organization","name":"Oficina Econ\u00f3mica de Galicia","alternateName":"OEG","url":"https:\/\/oficinaeconomicagalicia.xunta.gal\/","logo":{"@type":"ImageObject","inLanguage":"es","@id":"https:\/\/oficinaeconomicagalicia.xunta.gal\/#\/schema\/logo\/image\/","url":"https:\/\/oficinaeconomicagalicia.xunta.gal\/wp-content\/uploads\/2023\/04\/xunta.svg","contentUrl":"https:\/\/oficinaeconomicagalicia.xunta.gal\/wp-content\/uploads\/2023\/04\/xunta.svg","width":5952.76,"height":1700.79,"caption":"Oficina Econ\u00f3mica de Galicia"},"image":{"@id":"https:\/\/oficinaeconomicagalicia.xunta.gal\/#\/schema\/logo\/image\/"},"sameAs":["https:\/\/www.facebook.com\/OficinaEconomicadeGalicia\/","https:\/\/www.linkedin.com\/company\/oficina-economica-de-galicia\/"]},{"@type":"Person","@id":"https:\/\/oficinaeconomicagalicia.xunta.gal\/#\/schema\/person\/4b919f684a33a00a0462301f82898687","name":"Adm-Of-Eco","image":{"@type":"ImageObject","inLanguage":"es","@id":"https:\/\/secure.gravatar.com\/avatar\/822d9b5d44712904254790eea11ee749fdd737058bfbfaadfa58d3ed306af81d?s=96&d=mm&r=g","url":"https:\/\/secure.gravatar.com\/avatar\/822d9b5d44712904254790eea11ee749fdd737058bfbfaadfa58d3ed306af81d?s=96&d=mm&r=g","contentUrl":"https:\/\/secure.gravatar.com\/avatar\/822d9b5d44712904254790eea11ee749fdd737058bfbfaadfa58d3ed306af81d?s=96&d=mm&r=g","caption":"Adm-Of-Eco"},"url":"https:\/\/oficinaeconomicagalicia.xunta.gal\/es\/author\/adm-of-eco\/"}]}},"_links":{"self":[{"href":"https:\/\/oficinaeconomicagalicia.xunta.gal\/es\/wp-json\/wp\/v2\/posts\/14519","targetHints":{"allow":["GET"]}}],"collection":[{"href":"https:\/\/oficinaeconomicagalicia.xunta.gal\/es\/wp-json\/wp\/v2\/posts"}],"about":[{"href":"https:\/\/oficinaeconomicagalicia.xunta.gal\/es\/wp-json\/wp\/v2\/types\/post"}],"author":[{"embeddable":true,"href":"https:\/\/oficinaeconomicagalicia.xunta.gal\/es\/wp-json\/wp\/v2\/users\/3"}],"replies":[{"embeddable":true,"href":"https:\/\/oficinaeconomicagalicia.xunta.gal\/es\/wp-json\/wp\/v2\/comments?post=14519"}],"version-history":[{"count":0,"href":"https:\/\/oficinaeconomicagalicia.xunta.gal\/es\/wp-json\/wp\/v2\/posts\/14519\/revisions"}],"wp:featuredmedia":[{"embeddable":true,"href":"https:\/\/oficinaeconomicagalicia.xunta.gal\/es\/wp-json\/wp\/v2\/media\/14517"}],"wp:attachment":[{"href":"https:\/\/oficinaeconomicagalicia.xunta.gal\/es\/wp-json\/wp\/v2\/media?parent=14519"}],"wp:term":[{"taxonomy":"category","embeddable":true,"href":"https:\/\/oficinaeconomicagalicia.xunta.gal\/es\/wp-json\/wp\/v2\/categories?post=14519"},{"taxonomy":"post_tag","embeddable":true,"href":"https:\/\/oficinaeconomicagalicia.xunta.gal\/es\/wp-json\/wp\/v2\/tags?post=14519"}],"curies":[{"name":"wp","href":"https:\/\/api.w.org\/{rel}","templated":true}]}}