{"id":14577,"date":"2025-04-29T10:53:22","date_gmt":"2025-04-29T08:53:22","guid":{"rendered":"https:\/\/oficinaeconomicagalicia.xunta.gal\/?p=14577"},"modified":"2025-04-29T10:53:22","modified_gmt":"2025-04-29T08:53:22","slug":"tienes-que-estar-en-todas-las-redes-sociales","status":"publish","type":"post","link":"https:\/\/oficinaeconomicagalicia.xunta.gal\/es\/tienes-que-estar-en-todas-las-redes-sociales\/","title":{"rendered":"\u00bfTienes que estar en todas las redes sociales?"},"content":{"rendered":"<p>Es un bombardeo constante. Escuchamos continuamente que tenemos que estar en Instagram, TikTok o LinkedIn. Y nos repiten que, si no tenemos perfiles activos en esas redes, no existimos.<\/p>\n<p>Hay muchos empresarios que asumen esta premisa como una obligaci\u00f3n y se lanzan al mundo de las redes sociales sin estrategia. Y llenan sus perfiles con contenido absurdo. Mi pregunta es: \u00bfmerece la pena este esfuerzo teniendo en cuenta que el tiempo es un recurso muy escaso para un emprendedor? Vamos a analizarlo.<\/p>\n<p>Si eres una peque\u00f1a o mediana empresa y est\u00e1s dedicando horas de trabajo a crear contenidos para tus redes sociales sin tener claro qu\u00e9 quieres conseguir, siento decirte que est\u00e1s perdiendo el tiempo. Antes de ponerte con esa complicada tarea, es importante que sepas que la clave no es estar. Hay que estar bien.<\/p>\n<h3><strong>Primero: Reflexiona<\/strong><\/h3>\n<p>Hagamos un sencillo ejercicio. Antes de abrir un perfil en una red social, responde con claridad a estas preguntas:<\/p>\n<ul>\n<li><strong>\u00bfQu\u00e9 quieres contar y para qu\u00e9?<\/strong> \u00bfQuieres ventas, hacer marca, darte a conocer, captar leads y datos\u2026?<\/li>\n<li><strong>\u00bfEste contenido tiene inter\u00e9s para mi audiencia?<\/strong> \u00bfSer\u00eda interesante si no lo crease yo?<\/li>\n<li><strong>Si el contenido se viralizase, \u00bfme sentir\u00eda orgulloso o preferir\u00eda desaparecer?<\/strong><\/li>\n<\/ul>\n<p>Si la respuesta es \u201cno tengo ni idea\u201d, algo falla. Si este cuestionario te resulta dif\u00edcil, quiz\u00e1s sea el momento de pensar un poco m\u00e1s en tu estrategia y evitar ciertas plataformas hasta tenerlo m\u00e1s claro.<\/p>\n<p>Te pongo un ejemplo. Tienes una pasteler\u00eda y tus dulces est\u00e1n muy buenos, porque es lo que sabes hacer. Para lograr ese sabor delicioso, pasas el d\u00eda en el obrador, amasando, atendiendo el horno y sabes bien lo que les gusta a tus clientes.<br \/>\nComo complemento, gestionas una cuenta en Instagram para vender m\u00e1s, pero lo que sabes hacer son pasteles, no contenidos. Publicas cuando puedes, y cada vez que lo haces es una peque\u00f1a tortura. Como no sabes qu\u00e9 decir, solo subes fotos de tus dulces con textos t\u00edpicos y aburridos tipo: \u201c\u00a1Rico y delicioso! Incre\u00edbles pasteles. Ven a probarlos\u201d. Curiosamente, recibes tres \u201clikes\u201d de personas que, horror, ni siquiera viven cerca de tu pasteler\u00eda.<\/p>\n<p>Mi pregunta es: <strong>\u00bfcrees que este trabajo compensa? \u00bfCrees que realmente est\u00e1s atrayendo clientes?<\/strong><\/p>\n<p>Tranquilo, no te agobies. Es dif\u00edcil saber hacerlo todo, especialmente si eres un emprendedor y trabajas solo o si tienes una empresa peque\u00f1a. Es fundamental entender que las redes sociales son un escaparate: si lo llenas de cosas aburridas, la gente pasar\u00e1 de largo. Pero si lo organizas bien, con mensajes claros y contenido \u00fatil, entonces s\u00ed puede traer buenos resultados.<\/p>\n<h3><strong>Segundo: Conoce a tu audiencia<\/strong><\/h3>\n<p>Una de las reglas clave de cualquier negocio es identificar a tu p\u00fablico y saber d\u00f3nde est\u00e1. Y no siempre est\u00e1 en todas las redes sociales. Si, tras analizar la situaci\u00f3n, decides que tu audiencia est\u00e1 en Instagram, c\u00e9ntrate en optimizar tu contenido en esa red y no pierdas el tiempo en otras plataformas donde no vas a obtener resultados.<\/p>\n<p>Lo importante es tener claro lo que tu p\u00fablico necesita para ofrecerle un contenido \u00fatil. Pero si no tienes tiempo para hacerlo bien, es mejor centrarse en otras formas de atraer clientes.<\/p>\n<h3><strong>Tercero: \u00bfCalidad o cantidad?<\/strong><\/h3>\n<p>Publicar sin criterio es un error muy com\u00fan. Ve\u00e1moslo con un ejemplo. Imagina que te ofrecen anunciarte en televisi\u00f3n gratis. \u00bfTe atrever\u00edas a emitir un v\u00eddeo improvisado, mal grabado y sin un objetivo claro? Seguro que no.<br \/>\nSin embargo, en redes sociales, muchas marcas lo hacen as\u00ed: publican sin pensar en la calidad ni en el impacto del contenido.<\/p>\n<p><strong>Gran error.<\/strong> En redes, todo permanece, al contrario que en la TV, donde todo es m\u00e1s ef\u00edmero. Un v\u00eddeo de mala calidad o un mensaje desafortunado puede reaparecer a\u00f1os despu\u00e9s y da\u00f1ar tu imagen.<\/p>\n<h3><strong>Cuarto: El mito de \u201cestar en todas partes\u201d<\/strong><\/h3>\n<p>Abrir perfiles sin estrategia es una p\u00e9rdida de tiempo y divide las energ\u00edas. No todas las plataformas garantizan el mismo retorno. Debes tener claro qu\u00e9 ofrece cada una y entender su p\u00fablico y din\u00e1mica:<\/p>\n<ul>\n<li><strong>Facebook:<\/strong> Alcance org\u00e1nico en ca\u00edda, poca efectividad sin inversi\u00f3n.<\/li>\n<li><strong>Twitter\/X:<\/strong> Un foro de cr\u00edticas y debate r\u00e1pido, dif\u00edcil de gestionar para peque\u00f1as marcas.<\/li>\n<li><strong>Instagram:<\/strong> Mucho postureo, en declive, aunque las historias tienen cierto impacto. Los anuncios mejoran la segmentaci\u00f3n.<\/li>\n<li><strong>LinkedIn:<\/strong> En teor\u00eda es una red profesional, pero cada vez m\u00e1s parecida a Facebook y con mucho autobombo.<\/li>\n<li><strong>TikTok:<\/strong> Gran alcance pero imprevisible, con problemas de seguridad. Nunca se sabe qu\u00e9 funcionar\u00e1.<\/li>\n<li><strong>Threads:<\/strong> Una nueva apuesta que satura un mercado ya de por s\u00ed complejo.<\/li>\n<\/ul>\n<h3><strong>Quinto: C\u00e9ntrate en lo esencial<\/strong><\/h3>\n<p>Para ser eficaz, a veces hay que decir \u201cno\u201d a propuestas que consumen energ\u00eda. Elegir bien los canales y centrarse en contenido de calidad ayuda a obtener mejores resultados. Publicar por publicar no sirve de nada. El autoan\u00e1lisis es importante.<\/p>\n<p>Las redes sociales pueden ser herramientas muy \u00fatiles si se usan con estrategia, si tenemos claros los objetivos e identificamos bien a nuestra audiencia. Pero si no puedes gestionarlas de forma profesional, quiz\u00e1s sea mejor olvidarse de ellas.<\/p>\n<p>Si decides apostar por estar en redes, optimiza tu tiempo, define bien tus mensajes y enfoca tus esfuerzos en lo que realmente importa: <strong>hacer crecer tu negocio con objetivos claros y trabajar en una direcci\u00f3n coherente.<\/strong><\/p>\n<p>Puedes aprovechar los servicios de asesoramiento de la Oficina Econ\u00f3mica de Galicia. Solo tienes que cubrir el <a href=\"https:\/\/asesoramento-oficinaeconomica.igape.es\/inquiry\/gl\/stepper\/?axisId=2&amp;scopeId=3\" target=\"_blank\" rel=\"noopener\">formulario<\/a> en l\u00ednea de nuestra p\u00e1gina web y una persona experta se pondr\u00e1 en contacto contigo.<\/p>\n","protected":false},"excerpt":{"rendered":"<p>Es un bombardeo constante. Escuchamos continuamente que tenemos que estar en Instagram, TikTok o LinkedIn. Y nos repiten que, si no tenemos perfiles activos en esas redes, no existimos. Hay muchos empresarios que asumen esta premisa como una obligaci\u00f3n y se lanzan al mundo de las redes sociales sin estrategia. Y llenan sus perfiles con [&hellip;]<\/p>\n","protected":false},"author":3,"featured_media":14572,"comment_status":"closed","ping_status":"closed","sticky":false,"template":"","format":"standard","meta":{"inline_featured_image":false,"footnotes":""},"categories":[114,120],"tags":[],"class_list":["post-14577","post","type-post","status-publish","format-standard","has-post-thumbnail","hentry","category-competitividad","category-negocio-es"],"yoast_head":"<!-- This site is optimized with the Yoast SEO plugin v27.4 - https:\/\/yoast.com\/product\/yoast-seo-wordpress\/ -->\n<title>\u00bfTienes que estar en todas las redes sociales? - Oficina Econ\u00f3mica de Galicia<\/title>\n<meta name=\"description\" content=\"Si eres una pyme y est\u00e1s dedic\u00e1ndote a crear contenidos para las redes sociales, es importante que sepas que la clave no es estar. Hay que estar bien.\" \/>\n<meta name=\"robots\" content=\"index, follow, max-snippet:-1, max-image-preview:large, max-video-preview:-1\" \/>\n<link rel=\"canonical\" href=\"https:\/\/oficinaeconomicagalicia.xunta.gal\/?p=14569\" \/>\n<meta property=\"og:locale\" content=\"es_ES\" \/>\n<meta property=\"og:type\" content=\"article\" \/>\n<meta property=\"og:title\" content=\"\u00bfTienes que estar en todas las redes sociales? - Oficina Econ\u00f3mica de Galicia\" \/>\n<meta property=\"og:description\" content=\"Si eres una pyme y est\u00e1s dedic\u00e1ndote a crear contenidos para las redes sociales, es importante que sepas que la clave no es estar. Hay que estar bien.\" \/>\n<meta property=\"og:url\" content=\"https:\/\/oficinaeconomicagalicia.xunta.gal\/?p=14569\" \/>\n<meta property=\"og:site_name\" content=\"Oficina Econ\u00f3mica de Galicia\" \/>\n<meta property=\"article:publisher\" content=\"https:\/\/www.facebook.com\/OficinaEconomicadeGalicia\/\" \/>\n<meta property=\"article:published_time\" content=\"2025-04-29T08:53:22+00:00\" \/>\n<meta property=\"og:image\" content=\"https:\/\/oficinaeconomicagalicia.xunta.gal\/wp-content\/uploads\/2025\/04\/2150063140-1.jpg\" \/>\n\t<meta property=\"og:image:width\" content=\"1000\" \/>\n\t<meta property=\"og:image:height\" content=\"667\" \/>\n\t<meta property=\"og:image:type\" content=\"image\/jpeg\" \/>\n<meta name=\"author\" content=\"Adm-Of-Eco\" \/>\n<meta name=\"twitter:card\" content=\"summary_large_image\" \/>\n<meta name=\"twitter:label1\" content=\"Escrito por\" \/>\n\t<meta name=\"twitter:data1\" content=\"Adm-Of-Eco\" \/>\n\t<meta name=\"twitter:label2\" content=\"Tiempo de lectura\" \/>\n\t<meta name=\"twitter:data2\" content=\"5 minutos\" \/>\n<script type=\"application\/ld+json\" class=\"yoast-schema-graph\">{\"@context\":\"https:\\\/\\\/schema.org\",\"@graph\":[{\"@type\":\"Article\",\"@id\":\"https:\\\/\\\/oficinaeconomicagalicia.xunta.gal\\\/?p=14569#article\",\"isPartOf\":{\"@id\":\"https:\\\/\\\/oficinaeconomicagalicia.xunta.gal\\\/?p=14569\"},\"author\":{\"name\":\"Adm-Of-Eco\",\"@id\":\"https:\\\/\\\/oficinaeconomicagalicia.xunta.gal\\\/#\\\/schema\\\/person\\\/4b919f684a33a00a0462301f82898687\"},\"headline\":\"\u00bfTienes que estar en todas las redes sociales?\",\"datePublished\":\"2025-04-29T08:53:22+00:00\",\"mainEntityOfPage\":{\"@id\":\"https:\\\/\\\/oficinaeconomicagalicia.xunta.gal\\\/?p=14569\"},\"wordCount\":968,\"publisher\":{\"@id\":\"https:\\\/\\\/oficinaeconomicagalicia.xunta.gal\\\/#organization\"},\"image\":{\"@id\":\"https:\\\/\\\/oficinaeconomicagalicia.xunta.gal\\\/?p=14569#primaryimage\"},\"thumbnailUrl\":\"https:\\\/\\\/oficinaeconomicagalicia.xunta.gal\\\/wp-content\\\/uploads\\\/2025\\\/04\\\/2150063140-1.jpg\",\"articleSection\":[\"Competitividad\",\"Negocio\"],\"inLanguage\":\"es\"},{\"@type\":\"WebPage\",\"@id\":\"https:\\\/\\\/oficinaeconomicagalicia.xunta.gal\\\/?p=14569\",\"url\":\"https:\\\/\\\/oficinaeconomicagalicia.xunta.gal\\\/?p=14569\",\"name\":\"\u00bfTienes que estar en todas las redes sociales? - Oficina Econ\u00f3mica de Galicia\",\"isPartOf\":{\"@id\":\"https:\\\/\\\/oficinaeconomicagalicia.xunta.gal\\\/#website\"},\"primaryImageOfPage\":{\"@id\":\"https:\\\/\\\/oficinaeconomicagalicia.xunta.gal\\\/?p=14569#primaryimage\"},\"image\":{\"@id\":\"https:\\\/\\\/oficinaeconomicagalicia.xunta.gal\\\/?p=14569#primaryimage\"},\"thumbnailUrl\":\"https:\\\/\\\/oficinaeconomicagalicia.xunta.gal\\\/wp-content\\\/uploads\\\/2025\\\/04\\\/2150063140-1.jpg\",\"datePublished\":\"2025-04-29T08:53:22+00:00\",\"description\":\"Si eres una pyme y est\u00e1s dedic\u00e1ndote a crear contenidos para las redes sociales, es importante que sepas que la clave no es estar. Hay que estar bien.\",\"breadcrumb\":{\"@id\":\"https:\\\/\\\/oficinaeconomicagalicia.xunta.gal\\\/?p=14569#breadcrumb\"},\"inLanguage\":\"es\",\"potentialAction\":[{\"@type\":\"ReadAction\",\"target\":[\"https:\\\/\\\/oficinaeconomicagalicia.xunta.gal\\\/?p=14569\"]}]},{\"@type\":\"ImageObject\",\"inLanguage\":\"es\",\"@id\":\"https:\\\/\\\/oficinaeconomicagalicia.xunta.gal\\\/?p=14569#primaryimage\",\"url\":\"https:\\\/\\\/oficinaeconomicagalicia.xunta.gal\\\/wp-content\\\/uploads\\\/2025\\\/04\\\/2150063140-1.jpg\",\"contentUrl\":\"https:\\\/\\\/oficinaeconomicagalicia.xunta.gal\\\/wp-content\\\/uploads\\\/2025\\\/04\\\/2150063140-1.jpg\",\"width\":1000,\"height\":667},{\"@type\":\"BreadcrumbList\",\"@id\":\"https:\\\/\\\/oficinaeconomicagalicia.xunta.gal\\\/?p=14569#breadcrumb\",\"itemListElement\":[{\"@type\":\"ListItem\",\"position\":1,\"name\":\"Inicio\",\"item\":\"https:\\\/\\\/oficinaeconomicagalicia.xunta.gal\\\/\"},{\"@type\":\"ListItem\",\"position\":2,\"name\":\"\u00bfTienes que estar en todas las redes sociales?\"}]},{\"@type\":\"WebSite\",\"@id\":\"https:\\\/\\\/oficinaeconomicagalicia.xunta.gal\\\/#website\",\"url\":\"https:\\\/\\\/oficinaeconomicagalicia.xunta.gal\\\/\",\"name\":\"Oficina Econ\u00f3mica de Galicia\",\"description\":\"Convertir calquera tr\u00e1mite nun mero tr\u00e1mite\",\"publisher\":{\"@id\":\"https:\\\/\\\/oficinaeconomicagalicia.xunta.gal\\\/#organization\"},\"potentialAction\":[{\"@type\":\"SearchAction\",\"target\":{\"@type\":\"EntryPoint\",\"urlTemplate\":\"https:\\\/\\\/oficinaeconomicagalicia.xunta.gal\\\/?s={search_term_string}\"},\"query-input\":{\"@type\":\"PropertyValueSpecification\",\"valueRequired\":true,\"valueName\":\"search_term_string\"}}],\"inLanguage\":\"es\"},{\"@type\":\"Organization\",\"@id\":\"https:\\\/\\\/oficinaeconomicagalicia.xunta.gal\\\/#organization\",\"name\":\"Oficina Econ\u00f3mica de Galicia\",\"alternateName\":\"OEG\",\"url\":\"https:\\\/\\\/oficinaeconomicagalicia.xunta.gal\\\/\",\"logo\":{\"@type\":\"ImageObject\",\"inLanguage\":\"es\",\"@id\":\"https:\\\/\\\/oficinaeconomicagalicia.xunta.gal\\\/#\\\/schema\\\/logo\\\/image\\\/\",\"url\":\"https:\\\/\\\/oficinaeconomicagalicia.xunta.gal\\\/wp-content\\\/uploads\\\/2023\\\/04\\\/xunta.svg\",\"contentUrl\":\"https:\\\/\\\/oficinaeconomicagalicia.xunta.gal\\\/wp-content\\\/uploads\\\/2023\\\/04\\\/xunta.svg\",\"width\":5952.76,\"height\":1700.79,\"caption\":\"Oficina Econ\u00f3mica de Galicia\"},\"image\":{\"@id\":\"https:\\\/\\\/oficinaeconomicagalicia.xunta.gal\\\/#\\\/schema\\\/logo\\\/image\\\/\"},\"sameAs\":[\"https:\\\/\\\/www.facebook.com\\\/OficinaEconomicadeGalicia\\\/\",\"https:\\\/\\\/www.linkedin.com\\\/company\\\/oficina-economica-de-galicia\\\/\"]},{\"@type\":\"Person\",\"@id\":\"https:\\\/\\\/oficinaeconomicagalicia.xunta.gal\\\/#\\\/schema\\\/person\\\/4b919f684a33a00a0462301f82898687\",\"name\":\"Adm-Of-Eco\",\"image\":{\"@type\":\"ImageObject\",\"inLanguage\":\"es\",\"@id\":\"https:\\\/\\\/secure.gravatar.com\\\/avatar\\\/822d9b5d44712904254790eea11ee749fdd737058bfbfaadfa58d3ed306af81d?s=96&d=mm&r=g\",\"url\":\"https:\\\/\\\/secure.gravatar.com\\\/avatar\\\/822d9b5d44712904254790eea11ee749fdd737058bfbfaadfa58d3ed306af81d?s=96&d=mm&r=g\",\"contentUrl\":\"https:\\\/\\\/secure.gravatar.com\\\/avatar\\\/822d9b5d44712904254790eea11ee749fdd737058bfbfaadfa58d3ed306af81d?s=96&d=mm&r=g\",\"caption\":\"Adm-Of-Eco\"},\"url\":\"https:\\\/\\\/oficinaeconomicagalicia.xunta.gal\\\/es\\\/author\\\/adm-of-eco\\\/\"}]}<\/script>\n<!-- \/ Yoast SEO plugin. -->","yoast_head_json":{"title":"\u00bfTienes que estar en todas las redes sociales? - Oficina Econ\u00f3mica de Galicia","description":"Si eres una pyme y est\u00e1s dedic\u00e1ndote a crear contenidos para las redes sociales, es importante que sepas que la clave no es estar. Hay que estar bien.","robots":{"index":"index","follow":"follow","max-snippet":"max-snippet:-1","max-image-preview":"max-image-preview:large","max-video-preview":"max-video-preview:-1"},"canonical":"https:\/\/oficinaeconomicagalicia.xunta.gal\/?p=14569","og_locale":"es_ES","og_type":"article","og_title":"\u00bfTienes que estar en todas las redes sociales? - Oficina Econ\u00f3mica de Galicia","og_description":"Si eres una pyme y est\u00e1s dedic\u00e1ndote a crear contenidos para las redes sociales, es importante que sepas que la clave no es estar. Hay que estar bien.","og_url":"https:\/\/oficinaeconomicagalicia.xunta.gal\/?p=14569","og_site_name":"Oficina Econ\u00f3mica de Galicia","article_publisher":"https:\/\/www.facebook.com\/OficinaEconomicadeGalicia\/","article_published_time":"2025-04-29T08:53:22+00:00","og_image":[{"width":1000,"height":667,"url":"https:\/\/oficinaeconomicagalicia.xunta.gal\/wp-content\/uploads\/2025\/04\/2150063140-1.jpg","type":"image\/jpeg"}],"author":"Adm-Of-Eco","twitter_card":"summary_large_image","twitter_misc":{"Escrito por":"Adm-Of-Eco","Tiempo de lectura":"5 minutos"},"schema":{"@context":"https:\/\/schema.org","@graph":[{"@type":"Article","@id":"https:\/\/oficinaeconomicagalicia.xunta.gal\/?p=14569#article","isPartOf":{"@id":"https:\/\/oficinaeconomicagalicia.xunta.gal\/?p=14569"},"author":{"name":"Adm-Of-Eco","@id":"https:\/\/oficinaeconomicagalicia.xunta.gal\/#\/schema\/person\/4b919f684a33a00a0462301f82898687"},"headline":"\u00bfTienes que estar en todas las redes sociales?","datePublished":"2025-04-29T08:53:22+00:00","mainEntityOfPage":{"@id":"https:\/\/oficinaeconomicagalicia.xunta.gal\/?p=14569"},"wordCount":968,"publisher":{"@id":"https:\/\/oficinaeconomicagalicia.xunta.gal\/#organization"},"image":{"@id":"https:\/\/oficinaeconomicagalicia.xunta.gal\/?p=14569#primaryimage"},"thumbnailUrl":"https:\/\/oficinaeconomicagalicia.xunta.gal\/wp-content\/uploads\/2025\/04\/2150063140-1.jpg","articleSection":["Competitividad","Negocio"],"inLanguage":"es"},{"@type":"WebPage","@id":"https:\/\/oficinaeconomicagalicia.xunta.gal\/?p=14569","url":"https:\/\/oficinaeconomicagalicia.xunta.gal\/?p=14569","name":"\u00bfTienes que estar en todas las redes sociales? - Oficina Econ\u00f3mica de Galicia","isPartOf":{"@id":"https:\/\/oficinaeconomicagalicia.xunta.gal\/#website"},"primaryImageOfPage":{"@id":"https:\/\/oficinaeconomicagalicia.xunta.gal\/?p=14569#primaryimage"},"image":{"@id":"https:\/\/oficinaeconomicagalicia.xunta.gal\/?p=14569#primaryimage"},"thumbnailUrl":"https:\/\/oficinaeconomicagalicia.xunta.gal\/wp-content\/uploads\/2025\/04\/2150063140-1.jpg","datePublished":"2025-04-29T08:53:22+00:00","description":"Si eres una pyme y est\u00e1s dedic\u00e1ndote a crear contenidos para las redes sociales, es importante que sepas que la clave no es estar. Hay que estar bien.","breadcrumb":{"@id":"https:\/\/oficinaeconomicagalicia.xunta.gal\/?p=14569#breadcrumb"},"inLanguage":"es","potentialAction":[{"@type":"ReadAction","target":["https:\/\/oficinaeconomicagalicia.xunta.gal\/?p=14569"]}]},{"@type":"ImageObject","inLanguage":"es","@id":"https:\/\/oficinaeconomicagalicia.xunta.gal\/?p=14569#primaryimage","url":"https:\/\/oficinaeconomicagalicia.xunta.gal\/wp-content\/uploads\/2025\/04\/2150063140-1.jpg","contentUrl":"https:\/\/oficinaeconomicagalicia.xunta.gal\/wp-content\/uploads\/2025\/04\/2150063140-1.jpg","width":1000,"height":667},{"@type":"BreadcrumbList","@id":"https:\/\/oficinaeconomicagalicia.xunta.gal\/?p=14569#breadcrumb","itemListElement":[{"@type":"ListItem","position":1,"name":"Inicio","item":"https:\/\/oficinaeconomicagalicia.xunta.gal\/"},{"@type":"ListItem","position":2,"name":"\u00bfTienes que estar en todas las redes sociales?"}]},{"@type":"WebSite","@id":"https:\/\/oficinaeconomicagalicia.xunta.gal\/#website","url":"https:\/\/oficinaeconomicagalicia.xunta.gal\/","name":"Oficina Econ\u00f3mica de Galicia","description":"Convertir calquera tr\u00e1mite nun mero tr\u00e1mite","publisher":{"@id":"https:\/\/oficinaeconomicagalicia.xunta.gal\/#organization"},"potentialAction":[{"@type":"SearchAction","target":{"@type":"EntryPoint","urlTemplate":"https:\/\/oficinaeconomicagalicia.xunta.gal\/?s={search_term_string}"},"query-input":{"@type":"PropertyValueSpecification","valueRequired":true,"valueName":"search_term_string"}}],"inLanguage":"es"},{"@type":"Organization","@id":"https:\/\/oficinaeconomicagalicia.xunta.gal\/#organization","name":"Oficina Econ\u00f3mica de Galicia","alternateName":"OEG","url":"https:\/\/oficinaeconomicagalicia.xunta.gal\/","logo":{"@type":"ImageObject","inLanguage":"es","@id":"https:\/\/oficinaeconomicagalicia.xunta.gal\/#\/schema\/logo\/image\/","url":"https:\/\/oficinaeconomicagalicia.xunta.gal\/wp-content\/uploads\/2023\/04\/xunta.svg","contentUrl":"https:\/\/oficinaeconomicagalicia.xunta.gal\/wp-content\/uploads\/2023\/04\/xunta.svg","width":5952.76,"height":1700.79,"caption":"Oficina Econ\u00f3mica de Galicia"},"image":{"@id":"https:\/\/oficinaeconomicagalicia.xunta.gal\/#\/schema\/logo\/image\/"},"sameAs":["https:\/\/www.facebook.com\/OficinaEconomicadeGalicia\/","https:\/\/www.linkedin.com\/company\/oficina-economica-de-galicia\/"]},{"@type":"Person","@id":"https:\/\/oficinaeconomicagalicia.xunta.gal\/#\/schema\/person\/4b919f684a33a00a0462301f82898687","name":"Adm-Of-Eco","image":{"@type":"ImageObject","inLanguage":"es","@id":"https:\/\/secure.gravatar.com\/avatar\/822d9b5d44712904254790eea11ee749fdd737058bfbfaadfa58d3ed306af81d?s=96&d=mm&r=g","url":"https:\/\/secure.gravatar.com\/avatar\/822d9b5d44712904254790eea11ee749fdd737058bfbfaadfa58d3ed306af81d?s=96&d=mm&r=g","contentUrl":"https:\/\/secure.gravatar.com\/avatar\/822d9b5d44712904254790eea11ee749fdd737058bfbfaadfa58d3ed306af81d?s=96&d=mm&r=g","caption":"Adm-Of-Eco"},"url":"https:\/\/oficinaeconomicagalicia.xunta.gal\/es\/author\/adm-of-eco\/"}]}},"_links":{"self":[{"href":"https:\/\/oficinaeconomicagalicia.xunta.gal\/es\/wp-json\/wp\/v2\/posts\/14577","targetHints":{"allow":["GET"]}}],"collection":[{"href":"https:\/\/oficinaeconomicagalicia.xunta.gal\/es\/wp-json\/wp\/v2\/posts"}],"about":[{"href":"https:\/\/oficinaeconomicagalicia.xunta.gal\/es\/wp-json\/wp\/v2\/types\/post"}],"author":[{"embeddable":true,"href":"https:\/\/oficinaeconomicagalicia.xunta.gal\/es\/wp-json\/wp\/v2\/users\/3"}],"replies":[{"embeddable":true,"href":"https:\/\/oficinaeconomicagalicia.xunta.gal\/es\/wp-json\/wp\/v2\/comments?post=14577"}],"version-history":[{"count":1,"href":"https:\/\/oficinaeconomicagalicia.xunta.gal\/es\/wp-json\/wp\/v2\/posts\/14577\/revisions"}],"predecessor-version":[{"id":14945,"href":"https:\/\/oficinaeconomicagalicia.xunta.gal\/es\/wp-json\/wp\/v2\/posts\/14577\/revisions\/14945"}],"wp:featuredmedia":[{"embeddable":true,"href":"https:\/\/oficinaeconomicagalicia.xunta.gal\/es\/wp-json\/wp\/v2\/media\/14572"}],"wp:attachment":[{"href":"https:\/\/oficinaeconomicagalicia.xunta.gal\/es\/wp-json\/wp\/v2\/media?parent=14577"}],"wp:term":[{"taxonomy":"category","embeddable":true,"href":"https:\/\/oficinaeconomicagalicia.xunta.gal\/es\/wp-json\/wp\/v2\/categories?post=14577"},{"taxonomy":"post_tag","embeddable":true,"href":"https:\/\/oficinaeconomicagalicia.xunta.gal\/es\/wp-json\/wp\/v2\/tags?post=14577"}],"curies":[{"name":"wp","href":"https:\/\/api.w.org\/{rel}","templated":true}]}}