{"id":14859,"date":"2025-06-24T09:00:43","date_gmt":"2025-06-24T07:00:43","guid":{"rendered":"https:\/\/oficinaeconomicagalicia.xunta.gal\/?p=14859"},"modified":"2025-07-01T09:55:03","modified_gmt":"2025-07-01T07:55:03","slug":"las-ferias-profesionales-la-importancia-del-contacto-profesional-humano-en-la-era-de-la-ia","status":"publish","type":"post","link":"https:\/\/oficinaeconomicagalicia.xunta.gal\/es\/las-ferias-profesionales-la-importancia-del-contacto-profesional-humano-en-la-era-de-la-ia\/","title":{"rendered":"Las ferias profesionales: la importancia del contacto profesional humano en la era de la IA"},"content":{"rendered":"<p>Vivimos en un mundo cada vez m\u00e1s digitalizado, en el que la <strong>Inteligencia Artificial<\/strong> llama a la puerta con fuerza y amenaza <strong>con sustituir al humano<\/strong> en muchas tareas. Es justo en este contexto tan \u201ctecnol\u00f3gico\u201d cuando las ferias profesionales adquieren un papel crucial y ayudan a \u201c<strong>humanizar<\/strong>\u201d las oportunidades de negocio y la gesti\u00f3n y construcci\u00f3n de relaciones interpersonales tan importantes para el avance de proyectos.<\/p>\n<p>La multitud de herramientas digitales disponibles para la comunicaci\u00f3n no deben excluir la conexi\u00f3n personal, la cual sigue siendo determinante para las empresas.<\/p>\n<p>Estos eventos son siempre citas sectoriales que congregan a expertos en distintas \u00e1reas. Es importante percibirlas como un punto de<strong> encuentro profesional <\/strong>que, si se gestiona bien, aporta muchas ventajas a todos los que necesiten fortalecer y ampliar su red de contactos. Y buscar nuevos nichos de mercados y otros horizontes profesionales.<\/p>\n<p>Aunque hay tambi\u00e9n detractores y no faltan opiniones que dicen que en mundo donde casi todo se puede hacer a trav\u00e9s de un ordenador estos encuentros carecen de sentido. Yo opino todo lo contrario. Cuanto m\u00e1s virtual a es todo m\u00e1s necesaria se vuelve la mirada humana.<\/p>\n<p><strong>Ventajas de acudir en persona a ferias profesionales<\/strong><\/p>\n<p>Tras dejar claro mi punto de vista, hago un repaso por las ventajas de participar en ferias, workshops, congresos y encuentros profesionales:<\/p>\n<p><strong>Networking y captaci\u00f3n de contactos: <\/strong>Uno de los principales beneficios de asistir en persona a las ferias es la posibilidad de establecer contactos con otros profesionales del sector de dif\u00edcil acceso en otro contexto. El cara a cara ayuda a <strong>generar confianza<\/strong> y contribuye a crear relaciones m\u00e1s s\u00f3lidas, generar empat\u00eda y establecer v\u00ednculos sinceros y duraderos. Adem\u00e1s, en las ferias profesionales siempre hay hueco para tener conversaciones informales, donde la afinidad puede aflorar de una manera m\u00e1s natural.<\/p>\n<p><strong>Escaparates de tendencias y espacios de innovaci\u00f3n: <\/strong>Las ferias son escaparates donde se muestran las <strong>\u00faltimas tendencias<\/strong> de los distintos sectores. Son tambi\u00e9n espacios donde conviven empresas emergentes y emprendedores que acuden para dar visibilidad a productos y servicios novedosos e innovadores con las grandes marcas m\u00e1s consolidadas y que buscan <strong>ideas y aire fresco.<\/strong> La interacci\u00f3n entre ambas permite a los asistentes mantenerse actualizados y posicionarse en la vanguardia de su sector.<\/p>\n<p><strong>Oportunidades de negocio y ventas: <\/strong>Para muchas empresas, estos eventos son una excelente oportunidad para <strong>cerrar acuerdos comerciales<\/strong>, acceder a <strong>nuevos clientes<\/strong> y <strong>ampliar presencia en ciertos mercados<\/strong>. La interacci\u00f3n directa con potenciales compradores permite adaptar la oferta y a la vez responder con efectividad a sus necesidades.<\/p>\n<p><strong>Aprendizaje y formaci\u00f3n: <\/strong>Muchas ferias y citas similares de forma paralela de la parte expositiva tienen tambi\u00e9n una secci\u00f3n de <strong>conferencias, seminarios y mesas redondas<\/strong> en las que expertos del sector exponen temas de inter\u00e9s y actualidad adem\u00e1s de casos pr\u00e1cticos. Estas actividades permiten a los asistentes ampliar conocimientos, <strong>adquirir nuevas habilidades<\/strong> y tomar el pulso a la industria<\/p>\n<p><strong>Visibilidad y posicionamiento de marca: <\/strong>La participaci\u00f3n en ferias no solo fortalece la imagen de las empresas y afianza las estrategias de <em>branding<\/em>, lo que contribuye a posicionar las marcas como <strong>referentes en su sector.<\/strong> La interacci\u00f3n personal con clientes, el an\u00e1lisis de los competidores y el contacto con expertos ayuda a reforzar la credibilidad, da forma a las estrategias internas y genera confianza en el mercado.<\/p>\n<p>Una vez decidida la presencia en una feria conviene trabajar muy bien la presencia en la misma. El dise\u00f1o de los stands seg\u00fan el <strong>objetivo marcado<\/strong>, dise\u00f1ar una <strong>buena agenda de citas<\/strong> y programar las <strong>reuniones<\/strong>, llevar el material necesario para las presentaciones\u2026 y dejar <strong>tiempo libre<\/strong> para hacer nuevos contactos comerciales y ver c\u00f3mo se presentan otras empresas.<\/p>\n<p>En conclusi\u00f3n, asistir a ferias profesionales es una acci\u00f3n clave para <strong>impulsar el crecimiento <\/strong>y el<strong> \u00e9xito de una empresa<\/strong> en distintos sectores. En estas citas no solo se aprende y se descubren oportunidades, lo m\u00e1s importante es que fomentan <strong>relaciones humanas,<\/strong> las cuales siguen siendo esenciales en el \u00e1mbito empresarial.<\/p>\n<p>En un mundo cada vez m\u00e1s digitalizado, la interacci\u00f3n con personas de carne y hueso sigue marcando la diferencia. <span data-contrast=\"auto\">\u00a1No lo dudes! Solicita el <a href=\"https:\/\/oficinaeconomicagalicia.xunta.gal\/es\/asesoramiento\/competitividad\/desarrollo-de-negocio\/\" target=\"_blank\" rel=\"noopener\">servicio gratuito<\/a> de asesoramiento de la Oficina Econ\u00f3mica de Galicia, para conocer todos los beneficios que ofrecen las ferias profesionales .<\/span><\/p>\n","protected":false},"excerpt":{"rendered":"<p>Vivimos en un mundo cada vez m\u00e1s digitalizado, en el que la Inteligencia Artificial llama a la puerta con fuerza y amenaza con sustituir al humano en muchas tareas. Es justo en este contexto tan \u201ctecnol\u00f3gico\u201d cuando las ferias profesionales adquieren un papel crucial y ayudan a \u201chumanizar\u201d las oportunidades de negocio y la gesti\u00f3n [&hellip;]<\/p>\n","protected":false},"author":3,"featured_media":14857,"comment_status":"closed","ping_status":"closed","sticky":false,"template":"","format":"standard","meta":{"inline_featured_image":false,"footnotes":""},"categories":[114,120],"tags":[],"class_list":["post-14859","post","type-post","status-publish","format-standard","has-post-thumbnail","hentry","category-competitividad","category-negocio-es"],"yoast_head":"<!-- This site is optimized with the Yoast SEO plugin v27.5 - https:\/\/yoast.com\/product\/yoast-seo-wordpress\/ -->\n<title>Las ferias profesionales: la importancia del contacto profesional humano en la era de la IA - Oficina Econ\u00f3mica de Galicia<\/title>\n<meta name=\"description\" content=\"ferias profesiones adquieren un papel crucial y ayudan a humanizar las oportunidades de negocio, as\u00ed como a gesti\u00f3n y construcci\u00f3n de relaciones\" \/>\n<meta name=\"robots\" content=\"index, follow, max-snippet:-1, max-image-preview:large, max-video-preview:-1\" \/>\n<link rel=\"canonical\" href=\"https:\/\/oficinaeconomicagalicia.xunta.gal\/es\/las-ferias-profesionales-la-importancia-del-contacto-profesional-humano-en-la-era-de-la-ia\/\" \/>\n<meta property=\"og:locale\" content=\"es_ES\" \/>\n<meta property=\"og:type\" content=\"article\" \/>\n<meta property=\"og:title\" content=\"Las ferias profesionales: la importancia del contacto profesional humano en la era de la IA - Oficina Econ\u00f3mica de Galicia\" \/>\n<meta property=\"og:description\" content=\"ferias profesiones adquieren un papel crucial y ayudan a humanizar las oportunidades de negocio, as\u00ed como a gesti\u00f3n y construcci\u00f3n de relaciones\" \/>\n<meta property=\"og:url\" content=\"https:\/\/oficinaeconomicagalicia.xunta.gal\/es\/las-ferias-profesionales-la-importancia-del-contacto-profesional-humano-en-la-era-de-la-ia\/\" \/>\n<meta property=\"og:site_name\" content=\"Oficina Econ\u00f3mica de Galicia\" \/>\n<meta property=\"article:publisher\" content=\"https:\/\/www.facebook.com\/OficinaEconomicadeGalicia\/\" \/>\n<meta property=\"article:published_time\" content=\"2025-06-24T07:00:43+00:00\" \/>\n<meta property=\"article:modified_time\" content=\"2025-07-01T07:55:03+00:00\" \/>\n<meta property=\"og:image\" content=\"https:\/\/oficinaeconomicagalicia.xunta.gal\/wp-content\/uploads\/2025\/04\/423-1.jpg\" \/>\n\t<meta property=\"og:image:width\" content=\"1000\" \/>\n\t<meta property=\"og:image:height\" content=\"562\" \/>\n\t<meta property=\"og:image:type\" content=\"image\/jpeg\" \/>\n<meta name=\"author\" content=\"Adm-Of-Eco\" \/>\n<meta name=\"twitter:card\" content=\"summary_large_image\" \/>\n<meta name=\"twitter:label1\" content=\"Escrito por\" \/>\n\t<meta name=\"twitter:data1\" content=\"Adm-Of-Eco\" \/>\n\t<meta name=\"twitter:label2\" content=\"Tiempo de lectura\" \/>\n\t<meta name=\"twitter:data2\" content=\"5 minutos\" \/>\n<script type=\"application\/ld+json\" class=\"yoast-schema-graph\">{\"@context\":\"https:\\\/\\\/schema.org\",\"@graph\":[{\"@type\":\"Article\",\"@id\":\"https:\\\/\\\/oficinaeconomicagalicia.xunta.gal\\\/es\\\/las-ferias-profesionales-la-importancia-del-contacto-profesional-humano-en-la-era-de-la-ia\\\/#article\",\"isPartOf\":{\"@id\":\"https:\\\/\\\/oficinaeconomicagalicia.xunta.gal\\\/es\\\/las-ferias-profesionales-la-importancia-del-contacto-profesional-humano-en-la-era-de-la-ia\\\/\"},\"author\":{\"name\":\"Adm-Of-Eco\",\"@id\":\"https:\\\/\\\/oficinaeconomicagalicia.xunta.gal\\\/#\\\/schema\\\/person\\\/4b919f684a33a00a0462301f82898687\"},\"headline\":\"Las ferias profesionales: la importancia del contacto profesional humano en la era de la IA\",\"datePublished\":\"2025-06-24T07:00:43+00:00\",\"dateModified\":\"2025-07-01T07:55:03+00:00\",\"mainEntityOfPage\":{\"@id\":\"https:\\\/\\\/oficinaeconomicagalicia.xunta.gal\\\/es\\\/las-ferias-profesionales-la-importancia-del-contacto-profesional-humano-en-la-era-de-la-ia\\\/\"},\"wordCount\":756,\"publisher\":{\"@id\":\"https:\\\/\\\/oficinaeconomicagalicia.xunta.gal\\\/#organization\"},\"image\":{\"@id\":\"https:\\\/\\\/oficinaeconomicagalicia.xunta.gal\\\/es\\\/las-ferias-profesionales-la-importancia-del-contacto-profesional-humano-en-la-era-de-la-ia\\\/#primaryimage\"},\"thumbnailUrl\":\"https:\\\/\\\/oficinaeconomicagalicia.xunta.gal\\\/wp-content\\\/uploads\\\/2025\\\/04\\\/423-1.jpg\",\"articleSection\":[\"Competitividad\",\"Negocio\"],\"inLanguage\":\"es\"},{\"@type\":\"WebPage\",\"@id\":\"https:\\\/\\\/oficinaeconomicagalicia.xunta.gal\\\/es\\\/las-ferias-profesionales-la-importancia-del-contacto-profesional-humano-en-la-era-de-la-ia\\\/\",\"url\":\"https:\\\/\\\/oficinaeconomicagalicia.xunta.gal\\\/es\\\/las-ferias-profesionales-la-importancia-del-contacto-profesional-humano-en-la-era-de-la-ia\\\/\",\"name\":\"Las ferias profesionales: la importancia del contacto profesional humano en la era de la IA - Oficina Econ\u00f3mica de Galicia\",\"isPartOf\":{\"@id\":\"https:\\\/\\\/oficinaeconomicagalicia.xunta.gal\\\/#website\"},\"primaryImageOfPage\":{\"@id\":\"https:\\\/\\\/oficinaeconomicagalicia.xunta.gal\\\/es\\\/las-ferias-profesionales-la-importancia-del-contacto-profesional-humano-en-la-era-de-la-ia\\\/#primaryimage\"},\"image\":{\"@id\":\"https:\\\/\\\/oficinaeconomicagalicia.xunta.gal\\\/es\\\/las-ferias-profesionales-la-importancia-del-contacto-profesional-humano-en-la-era-de-la-ia\\\/#primaryimage\"},\"thumbnailUrl\":\"https:\\\/\\\/oficinaeconomicagalicia.xunta.gal\\\/wp-content\\\/uploads\\\/2025\\\/04\\\/423-1.jpg\",\"datePublished\":\"2025-06-24T07:00:43+00:00\",\"dateModified\":\"2025-07-01T07:55:03+00:00\",\"description\":\"ferias profesiones adquieren un papel crucial y ayudan a humanizar las oportunidades de negocio, as\u00ed como a gesti\u00f3n y construcci\u00f3n de relaciones\",\"breadcrumb\":{\"@id\":\"https:\\\/\\\/oficinaeconomicagalicia.xunta.gal\\\/es\\\/las-ferias-profesionales-la-importancia-del-contacto-profesional-humano-en-la-era-de-la-ia\\\/#breadcrumb\"},\"inLanguage\":\"es\",\"potentialAction\":[{\"@type\":\"ReadAction\",\"target\":[\"https:\\\/\\\/oficinaeconomicagalicia.xunta.gal\\\/es\\\/las-ferias-profesionales-la-importancia-del-contacto-profesional-humano-en-la-era-de-la-ia\\\/\"]}]},{\"@type\":\"ImageObject\",\"inLanguage\":\"es\",\"@id\":\"https:\\\/\\\/oficinaeconomicagalicia.xunta.gal\\\/es\\\/las-ferias-profesionales-la-importancia-del-contacto-profesional-humano-en-la-era-de-la-ia\\\/#primaryimage\",\"url\":\"https:\\\/\\\/oficinaeconomicagalicia.xunta.gal\\\/wp-content\\\/uploads\\\/2025\\\/04\\\/423-1.jpg\",\"contentUrl\":\"https:\\\/\\\/oficinaeconomicagalicia.xunta.gal\\\/wp-content\\\/uploads\\\/2025\\\/04\\\/423-1.jpg\",\"width\":1000,\"height\":562},{\"@type\":\"BreadcrumbList\",\"@id\":\"https:\\\/\\\/oficinaeconomicagalicia.xunta.gal\\\/es\\\/las-ferias-profesionales-la-importancia-del-contacto-profesional-humano-en-la-era-de-la-ia\\\/#breadcrumb\",\"itemListElement\":[{\"@type\":\"ListItem\",\"position\":1,\"name\":\"Inicio\",\"item\":\"https:\\\/\\\/oficinaeconomicagalicia.xunta.gal\\\/\"},{\"@type\":\"ListItem\",\"position\":2,\"name\":\"Las ferias profesionales: la importancia del contacto profesional humano en la era de la IA\"}]},{\"@type\":\"WebSite\",\"@id\":\"https:\\\/\\\/oficinaeconomicagalicia.xunta.gal\\\/#website\",\"url\":\"https:\\\/\\\/oficinaeconomicagalicia.xunta.gal\\\/\",\"name\":\"Oficina Econ\u00f3mica de Galicia\",\"description\":\"Convertir calquera tr\u00e1mite nun mero tr\u00e1mite\",\"publisher\":{\"@id\":\"https:\\\/\\\/oficinaeconomicagalicia.xunta.gal\\\/#organization\"},\"potentialAction\":[{\"@type\":\"SearchAction\",\"target\":{\"@type\":\"EntryPoint\",\"urlTemplate\":\"https:\\\/\\\/oficinaeconomicagalicia.xunta.gal\\\/?s={search_term_string}\"},\"query-input\":{\"@type\":\"PropertyValueSpecification\",\"valueRequired\":true,\"valueName\":\"search_term_string\"}}],\"inLanguage\":\"es\"},{\"@type\":\"Organization\",\"@id\":\"https:\\\/\\\/oficinaeconomicagalicia.xunta.gal\\\/#organization\",\"name\":\"Oficina Econ\u00f3mica de Galicia\",\"alternateName\":\"OEG\",\"url\":\"https:\\\/\\\/oficinaeconomicagalicia.xunta.gal\\\/\",\"logo\":{\"@type\":\"ImageObject\",\"inLanguage\":\"es\",\"@id\":\"https:\\\/\\\/oficinaeconomicagalicia.xunta.gal\\\/#\\\/schema\\\/logo\\\/image\\\/\",\"url\":\"https:\\\/\\\/oficinaeconomicagalicia.xunta.gal\\\/wp-content\\\/uploads\\\/2023\\\/04\\\/xunta.svg\",\"contentUrl\":\"https:\\\/\\\/oficinaeconomicagalicia.xunta.gal\\\/wp-content\\\/uploads\\\/2023\\\/04\\\/xunta.svg\",\"width\":5952.76,\"height\":1700.79,\"caption\":\"Oficina Econ\u00f3mica de Galicia\"},\"image\":{\"@id\":\"https:\\\/\\\/oficinaeconomicagalicia.xunta.gal\\\/#\\\/schema\\\/logo\\\/image\\\/\"},\"sameAs\":[\"https:\\\/\\\/www.facebook.com\\\/OficinaEconomicadeGalicia\\\/\",\"https:\\\/\\\/www.linkedin.com\\\/company\\\/oficina-economica-de-galicia\\\/\"]},{\"@type\":\"Person\",\"@id\":\"https:\\\/\\\/oficinaeconomicagalicia.xunta.gal\\\/#\\\/schema\\\/person\\\/4b919f684a33a00a0462301f82898687\",\"name\":\"Adm-Of-Eco\",\"image\":{\"@type\":\"ImageObject\",\"inLanguage\":\"es\",\"@id\":\"https:\\\/\\\/secure.gravatar.com\\\/avatar\\\/822d9b5d44712904254790eea11ee749fdd737058bfbfaadfa58d3ed306af81d?s=96&d=mm&r=g\",\"url\":\"https:\\\/\\\/secure.gravatar.com\\\/avatar\\\/822d9b5d44712904254790eea11ee749fdd737058bfbfaadfa58d3ed306af81d?s=96&d=mm&r=g\",\"contentUrl\":\"https:\\\/\\\/secure.gravatar.com\\\/avatar\\\/822d9b5d44712904254790eea11ee749fdd737058bfbfaadfa58d3ed306af81d?s=96&d=mm&r=g\",\"caption\":\"Adm-Of-Eco\"},\"url\":\"https:\\\/\\\/oficinaeconomicagalicia.xunta.gal\\\/es\\\/author\\\/adm-of-eco\\\/\"}]}<\/script>\n<!-- \/ Yoast SEO plugin. -->","yoast_head_json":{"title":"Las ferias profesionales: la importancia del contacto profesional humano en la era de la IA - Oficina Econ\u00f3mica de Galicia","description":"ferias profesiones adquieren un papel crucial y ayudan a humanizar las oportunidades de negocio, as\u00ed como a gesti\u00f3n y construcci\u00f3n de relaciones","robots":{"index":"index","follow":"follow","max-snippet":"max-snippet:-1","max-image-preview":"max-image-preview:large","max-video-preview":"max-video-preview:-1"},"canonical":"https:\/\/oficinaeconomicagalicia.xunta.gal\/es\/las-ferias-profesionales-la-importancia-del-contacto-profesional-humano-en-la-era-de-la-ia\/","og_locale":"es_ES","og_type":"article","og_title":"Las ferias profesionales: la importancia del contacto profesional humano en la era de la IA - Oficina Econ\u00f3mica de Galicia","og_description":"ferias profesiones adquieren un papel crucial y ayudan a humanizar las oportunidades de negocio, as\u00ed como a gesti\u00f3n y construcci\u00f3n de relaciones","og_url":"https:\/\/oficinaeconomicagalicia.xunta.gal\/es\/las-ferias-profesionales-la-importancia-del-contacto-profesional-humano-en-la-era-de-la-ia\/","og_site_name":"Oficina Econ\u00f3mica de Galicia","article_publisher":"https:\/\/www.facebook.com\/OficinaEconomicadeGalicia\/","article_published_time":"2025-06-24T07:00:43+00:00","article_modified_time":"2025-07-01T07:55:03+00:00","og_image":[{"width":1000,"height":562,"url":"https:\/\/oficinaeconomicagalicia.xunta.gal\/wp-content\/uploads\/2025\/04\/423-1.jpg","type":"image\/jpeg"}],"author":"Adm-Of-Eco","twitter_card":"summary_large_image","twitter_misc":{"Escrito por":"Adm-Of-Eco","Tiempo de lectura":"5 minutos"},"schema":{"@context":"https:\/\/schema.org","@graph":[{"@type":"Article","@id":"https:\/\/oficinaeconomicagalicia.xunta.gal\/es\/las-ferias-profesionales-la-importancia-del-contacto-profesional-humano-en-la-era-de-la-ia\/#article","isPartOf":{"@id":"https:\/\/oficinaeconomicagalicia.xunta.gal\/es\/las-ferias-profesionales-la-importancia-del-contacto-profesional-humano-en-la-era-de-la-ia\/"},"author":{"name":"Adm-Of-Eco","@id":"https:\/\/oficinaeconomicagalicia.xunta.gal\/#\/schema\/person\/4b919f684a33a00a0462301f82898687"},"headline":"Las ferias profesionales: la importancia del contacto profesional humano en la era de la IA","datePublished":"2025-06-24T07:00:43+00:00","dateModified":"2025-07-01T07:55:03+00:00","mainEntityOfPage":{"@id":"https:\/\/oficinaeconomicagalicia.xunta.gal\/es\/las-ferias-profesionales-la-importancia-del-contacto-profesional-humano-en-la-era-de-la-ia\/"},"wordCount":756,"publisher":{"@id":"https:\/\/oficinaeconomicagalicia.xunta.gal\/#organization"},"image":{"@id":"https:\/\/oficinaeconomicagalicia.xunta.gal\/es\/las-ferias-profesionales-la-importancia-del-contacto-profesional-humano-en-la-era-de-la-ia\/#primaryimage"},"thumbnailUrl":"https:\/\/oficinaeconomicagalicia.xunta.gal\/wp-content\/uploads\/2025\/04\/423-1.jpg","articleSection":["Competitividad","Negocio"],"inLanguage":"es"},{"@type":"WebPage","@id":"https:\/\/oficinaeconomicagalicia.xunta.gal\/es\/las-ferias-profesionales-la-importancia-del-contacto-profesional-humano-en-la-era-de-la-ia\/","url":"https:\/\/oficinaeconomicagalicia.xunta.gal\/es\/las-ferias-profesionales-la-importancia-del-contacto-profesional-humano-en-la-era-de-la-ia\/","name":"Las ferias profesionales: la importancia del contacto profesional humano en la era de la IA - Oficina Econ\u00f3mica de Galicia","isPartOf":{"@id":"https:\/\/oficinaeconomicagalicia.xunta.gal\/#website"},"primaryImageOfPage":{"@id":"https:\/\/oficinaeconomicagalicia.xunta.gal\/es\/las-ferias-profesionales-la-importancia-del-contacto-profesional-humano-en-la-era-de-la-ia\/#primaryimage"},"image":{"@id":"https:\/\/oficinaeconomicagalicia.xunta.gal\/es\/las-ferias-profesionales-la-importancia-del-contacto-profesional-humano-en-la-era-de-la-ia\/#primaryimage"},"thumbnailUrl":"https:\/\/oficinaeconomicagalicia.xunta.gal\/wp-content\/uploads\/2025\/04\/423-1.jpg","datePublished":"2025-06-24T07:00:43+00:00","dateModified":"2025-07-01T07:55:03+00:00","description":"ferias profesiones adquieren un papel crucial y ayudan a humanizar las oportunidades de negocio, as\u00ed como a gesti\u00f3n y construcci\u00f3n de relaciones","breadcrumb":{"@id":"https:\/\/oficinaeconomicagalicia.xunta.gal\/es\/las-ferias-profesionales-la-importancia-del-contacto-profesional-humano-en-la-era-de-la-ia\/#breadcrumb"},"inLanguage":"es","potentialAction":[{"@type":"ReadAction","target":["https:\/\/oficinaeconomicagalicia.xunta.gal\/es\/las-ferias-profesionales-la-importancia-del-contacto-profesional-humano-en-la-era-de-la-ia\/"]}]},{"@type":"ImageObject","inLanguage":"es","@id":"https:\/\/oficinaeconomicagalicia.xunta.gal\/es\/las-ferias-profesionales-la-importancia-del-contacto-profesional-humano-en-la-era-de-la-ia\/#primaryimage","url":"https:\/\/oficinaeconomicagalicia.xunta.gal\/wp-content\/uploads\/2025\/04\/423-1.jpg","contentUrl":"https:\/\/oficinaeconomicagalicia.xunta.gal\/wp-content\/uploads\/2025\/04\/423-1.jpg","width":1000,"height":562},{"@type":"BreadcrumbList","@id":"https:\/\/oficinaeconomicagalicia.xunta.gal\/es\/las-ferias-profesionales-la-importancia-del-contacto-profesional-humano-en-la-era-de-la-ia\/#breadcrumb","itemListElement":[{"@type":"ListItem","position":1,"name":"Inicio","item":"https:\/\/oficinaeconomicagalicia.xunta.gal\/"},{"@type":"ListItem","position":2,"name":"Las ferias profesionales: la importancia del contacto profesional humano en la era de la IA"}]},{"@type":"WebSite","@id":"https:\/\/oficinaeconomicagalicia.xunta.gal\/#website","url":"https:\/\/oficinaeconomicagalicia.xunta.gal\/","name":"Oficina Econ\u00f3mica de Galicia","description":"Convertir calquera tr\u00e1mite nun mero tr\u00e1mite","publisher":{"@id":"https:\/\/oficinaeconomicagalicia.xunta.gal\/#organization"},"potentialAction":[{"@type":"SearchAction","target":{"@type":"EntryPoint","urlTemplate":"https:\/\/oficinaeconomicagalicia.xunta.gal\/?s={search_term_string}"},"query-input":{"@type":"PropertyValueSpecification","valueRequired":true,"valueName":"search_term_string"}}],"inLanguage":"es"},{"@type":"Organization","@id":"https:\/\/oficinaeconomicagalicia.xunta.gal\/#organization","name":"Oficina Econ\u00f3mica de Galicia","alternateName":"OEG","url":"https:\/\/oficinaeconomicagalicia.xunta.gal\/","logo":{"@type":"ImageObject","inLanguage":"es","@id":"https:\/\/oficinaeconomicagalicia.xunta.gal\/#\/schema\/logo\/image\/","url":"https:\/\/oficinaeconomicagalicia.xunta.gal\/wp-content\/uploads\/2023\/04\/xunta.svg","contentUrl":"https:\/\/oficinaeconomicagalicia.xunta.gal\/wp-content\/uploads\/2023\/04\/xunta.svg","width":5952.76,"height":1700.79,"caption":"Oficina Econ\u00f3mica de Galicia"},"image":{"@id":"https:\/\/oficinaeconomicagalicia.xunta.gal\/#\/schema\/logo\/image\/"},"sameAs":["https:\/\/www.facebook.com\/OficinaEconomicadeGalicia\/","https:\/\/www.linkedin.com\/company\/oficina-economica-de-galicia\/"]},{"@type":"Person","@id":"https:\/\/oficinaeconomicagalicia.xunta.gal\/#\/schema\/person\/4b919f684a33a00a0462301f82898687","name":"Adm-Of-Eco","image":{"@type":"ImageObject","inLanguage":"es","@id":"https:\/\/secure.gravatar.com\/avatar\/822d9b5d44712904254790eea11ee749fdd737058bfbfaadfa58d3ed306af81d?s=96&d=mm&r=g","url":"https:\/\/secure.gravatar.com\/avatar\/822d9b5d44712904254790eea11ee749fdd737058bfbfaadfa58d3ed306af81d?s=96&d=mm&r=g","contentUrl":"https:\/\/secure.gravatar.com\/avatar\/822d9b5d44712904254790eea11ee749fdd737058bfbfaadfa58d3ed306af81d?s=96&d=mm&r=g","caption":"Adm-Of-Eco"},"url":"https:\/\/oficinaeconomicagalicia.xunta.gal\/es\/author\/adm-of-eco\/"}]}},"_links":{"self":[{"href":"https:\/\/oficinaeconomicagalicia.xunta.gal\/es\/wp-json\/wp\/v2\/posts\/14859","targetHints":{"allow":["GET"]}}],"collection":[{"href":"https:\/\/oficinaeconomicagalicia.xunta.gal\/es\/wp-json\/wp\/v2\/posts"}],"about":[{"href":"https:\/\/oficinaeconomicagalicia.xunta.gal\/es\/wp-json\/wp\/v2\/types\/post"}],"author":[{"embeddable":true,"href":"https:\/\/oficinaeconomicagalicia.xunta.gal\/es\/wp-json\/wp\/v2\/users\/3"}],"replies":[{"embeddable":true,"href":"https:\/\/oficinaeconomicagalicia.xunta.gal\/es\/wp-json\/wp\/v2\/comments?post=14859"}],"version-history":[{"count":3,"href":"https:\/\/oficinaeconomicagalicia.xunta.gal\/es\/wp-json\/wp\/v2\/posts\/14859\/revisions"}],"predecessor-version":[{"id":15561,"href":"https:\/\/oficinaeconomicagalicia.xunta.gal\/es\/wp-json\/wp\/v2\/posts\/14859\/revisions\/15561"}],"wp:featuredmedia":[{"embeddable":true,"href":"https:\/\/oficinaeconomicagalicia.xunta.gal\/es\/wp-json\/wp\/v2\/media\/14857"}],"wp:attachment":[{"href":"https:\/\/oficinaeconomicagalicia.xunta.gal\/es\/wp-json\/wp\/v2\/media?parent=14859"}],"wp:term":[{"taxonomy":"category","embeddable":true,"href":"https:\/\/oficinaeconomicagalicia.xunta.gal\/es\/wp-json\/wp\/v2\/categories?post=14859"},{"taxonomy":"post_tag","embeddable":true,"href":"https:\/\/oficinaeconomicagalicia.xunta.gal\/es\/wp-json\/wp\/v2\/tags?post=14859"}],"curies":[{"name":"wp","href":"https:\/\/api.w.org\/{rel}","templated":true}]}}