{"id":15402,"date":"2025-06-11T20:06:58","date_gmt":"2025-06-11T18:06:58","guid":{"rendered":"https:\/\/oficinaeconomicagalicia.xunta.gal\/lorenzana-anuncia-que-en-las-proximas-semanas-entrara-en-funcionamiento-el-nuevo-servicio-de-la-oficina-economica-de-galicia-especializado-en-defensa-seguridad-y-sector-aeroespacial\/"},"modified":"2025-06-11T20:06:58","modified_gmt":"2025-06-11T18:06:58","slug":"lorenzana-anuncia-que-en-las-proximas-semanas-entrara-en-funcionamiento-el-nuevo-servicio-de-la-oficina-economica-de-galicia-especializado-en-defensa-seguridad-y-sector-aeroespacial","status":"publish","type":"post","link":"https:\/\/oficinaeconomicagalicia.xunta.gal\/es\/lorenzana-anuncia-que-en-las-proximas-semanas-entrara-en-funcionamiento-el-nuevo-servicio-de-la-oficina-economica-de-galicia-especializado-en-defensa-seguridad-y-sector-aeroespacial\/","title":{"rendered":"Lorenzana anuncia que en las pr\u00f3ximas semanas entrar\u00e1 en funcionamiento el nuevo servicio de la Oficina Econ\u00f3mica de Galicia especializado en defensa, seguridad y sector aeroespacial"},"content":{"rendered":"<ul>\n<li>Explica que esta medida es parte de la nueva Estratexia Galega do Aeroespazo, a Seguridade e a Defensa<\/li>\n<li>Apunta que, en su primer a\u00f1o de funcionamiento, esta entidad lleva m\u00e1s de 22.600 consultas atendidas; el 85 por ciento de ellas, resueltas en el acto<\/li>\n<li>La Oficina Econ\u00f3mica de Galicia tambi\u00e9n da apoyo a la antena del Igape en Miami, para asesorar a las empresas en sus estrategias de exportaci\u00f3n<\/li>\n<\/ul>\n<p><strong>Santiago de Compostela, 11 de junio de 2025<\/strong><\/p>\n<p>La conselleira de Econom\u00eda e Industria, Mar\u00eda Jes\u00fas Lorenzana, anunci\u00f3 hoy que en las pr\u00f3ximas semanas entrar\u00e1 en funcionamiento el nuevo servicio de asesoramiento con el que contar\u00e1 la Oficina Econ\u00f3mica de Galicia, especializado en proyectos de defensa y seguridad y en el sector aeroespacial.<\/p>\n<p>En respuesta a una pregunta oral en el Pleno del Parlamento, Lorenzana explic\u00f3 que esta medida es parte de la nueva Estratexia Galega do Aeroespazo, a Seguridade e a Defensa, que busca impulsar el sector aeroespacial ligado a la defensa y a la seguridad, y atraer hacia este segmento de actividad empresas de sectores estrat\u00e9gicos en Galicia como son la automoci\u00f3n, el naval, el metalmec\u00e1nico o las TIC.<\/p>\n<p>La conselleira asegur\u00f3 que, con el objetivo de desburocratizar y ofrecer un acompa\u00f1amiento continuo y personalizado a las empresas, en la Oficina Econ\u00f3mica de Galicia trabajan m\u00e1s de cien profesionales expertos en \u00e1reas clave como financiaci\u00f3n, innovaci\u00f3n, energ\u00eda o estrategia empresarial, pero tambi\u00e9n en nuevas tem\u00e1ticas, como puede ser el climate proofing \u2014para garantizar que los proyectos de infraestructuras est\u00e9n dise\u00f1ados teniendo en cuenta los impactos actuales y futuros del cambio clim\u00e1tico.<\/p>\n<p>Seg\u00fan precis\u00f3, en su primer a\u00f1o de funcionamiento, esta entidad lleva m\u00e1s de 22.600 consultas atendidas; el 85 por ciento de ellas, resueltas en el acto. Tambi\u00e9n se celebraron m\u00e1s de 1.000 reuniones presenciales con empresas.<\/p>\n<p>Como medida para hacer frente a la nueva pol\u00edtica arancelaria de EE.UU., record\u00f3, la Oficina Econ\u00f3mica de Galicia tambi\u00e9n da apoyo a la antena del Igape en Miami, para asesorar a las empresas en sus estrategias de exportaci\u00f3n e incluso facilitarles que puedan \u201cabrir nuevas puertas comerciales\u201d, concluy\u00f3.<\/p>\n","protected":false},"excerpt":{"rendered":"<p>Explica que esta medida es parte de la nueva Estratexia Galega do Aeroespazo, a Seguridade e a Defensa Apunta que, en su primer a\u00f1o de funcionamiento, esta entidad lleva m\u00e1s de 22.600 consultas atendidas; el 85 por ciento de ellas, resueltas en el acto La Oficina Econ\u00f3mica de Galicia tambi\u00e9n da apoyo a la antena [&hellip;]<\/p>\n","protected":false},"author":3,"featured_media":15400,"comment_status":"closed","ping_status":"closed","sticky":false,"template":"","format":"standard","meta":{"inline_featured_image":false,"footnotes":""},"categories":[36],"tags":[],"class_list":["post-15402","post","type-post","status-publish","format-standard","has-post-thumbnail","hentry","category-sin-categorizar"],"yoast_head":"<!-- This site is optimized with the Yoast SEO plugin v27.5 - https:\/\/yoast.com\/product\/yoast-seo-wordpress\/ -->\n<title>Lorenzana anuncia que en las pr\u00f3ximas semanas entrar\u00e1 en funcionamiento el nuevo servicio de la Oficina Econ\u00f3mica de Galicia especializado en defensa, seguridad y sector aeroespacial - Oficina Econ\u00f3mica de Galicia<\/title>\n<meta name=\"description\" content=\"Nuevo servicio de asesoramiento con el que contar\u00e1 la Oficina Econ\u00f3mica de Galicia, especializado en proyectos de defensa y seguridad y en el sector aeroespacial.\" \/>\n<meta name=\"robots\" content=\"index, follow, max-snippet:-1, max-image-preview:large, max-video-preview:-1\" \/>\n<link rel=\"canonical\" href=\"https:\/\/oficinaeconomicagalicia.xunta.gal\/lorenzana-anuncia-que-nas-vindeiras-semanas-entrara-en-funcionamento-o-novo-servizo-da-oficina-economica-de-galicia-especializado-en-defensa-seguridade-e-sector-aeroespacial\/\" \/>\n<meta property=\"og:locale\" content=\"es_ES\" \/>\n<meta property=\"og:type\" content=\"article\" \/>\n<meta property=\"og:title\" content=\"Lorenzana anuncia que en las pr\u00f3ximas semanas entrar\u00e1 en funcionamiento el nuevo servicio de la Oficina Econ\u00f3mica de Galicia especializado en defensa, seguridad y sector aeroespacial - Oficina Econ\u00f3mica de Galicia\" \/>\n<meta property=\"og:description\" content=\"Nuevo servicio de asesoramiento con el que contar\u00e1 la Oficina Econ\u00f3mica de Galicia, especializado en proyectos de defensa y seguridad y en el sector aeroespacial.\" \/>\n<meta property=\"og:url\" content=\"https:\/\/oficinaeconomicagalicia.xunta.gal\/lorenzana-anuncia-que-nas-vindeiras-semanas-entrara-en-funcionamento-o-novo-servizo-da-oficina-economica-de-galicia-especializado-en-defensa-seguridade-e-sector-aeroespacial\/\" \/>\n<meta property=\"og:site_name\" content=\"Oficina Econ\u00f3mica de Galicia\" \/>\n<meta property=\"article:publisher\" content=\"https:\/\/www.facebook.com\/OficinaEconomicadeGalicia\/\" \/>\n<meta property=\"article:published_time\" content=\"2025-06-11T18:06:58+00:00\" \/>\n<meta property=\"og:image\" content=\"https:\/\/oficinaeconomicagalicia.xunta.gal\/wp-content\/uploads\/2025\/06\/250611_EconomiaPleno_x-2_Xunta.jpg\" \/>\n\t<meta property=\"og:image:width\" content=\"900\" \/>\n\t<meta property=\"og:image:height\" content=\"506\" \/>\n\t<meta property=\"og:image:type\" content=\"image\/jpeg\" \/>\n<meta name=\"author\" content=\"Adm-Of-Eco\" \/>\n<meta name=\"twitter:card\" content=\"summary_large_image\" \/>\n<meta name=\"twitter:label1\" content=\"Escrito por\" \/>\n\t<meta name=\"twitter:data1\" content=\"Adm-Of-Eco\" \/>\n\t<meta name=\"twitter:label2\" content=\"Tiempo de lectura\" \/>\n\t<meta name=\"twitter:data2\" content=\"2 minutos\" \/>\n<script type=\"application\/ld+json\" class=\"yoast-schema-graph\">{\"@context\":\"https:\\\/\\\/schema.org\",\"@graph\":[{\"@type\":\"Article\",\"@id\":\"https:\\\/\\\/oficinaeconomicagalicia.xunta.gal\\\/lorenzana-anuncia-que-nas-vindeiras-semanas-entrara-en-funcionamento-o-novo-servizo-da-oficina-economica-de-galicia-especializado-en-defensa-seguridade-e-sector-aeroespacial\\\/#article\",\"isPartOf\":{\"@id\":\"https:\\\/\\\/oficinaeconomicagalicia.xunta.gal\\\/lorenzana-anuncia-que-nas-vindeiras-semanas-entrara-en-funcionamento-o-novo-servizo-da-oficina-economica-de-galicia-especializado-en-defensa-seguridade-e-sector-aeroespacial\\\/\"},\"author\":{\"name\":\"Adm-Of-Eco\",\"@id\":\"https:\\\/\\\/oficinaeconomicagalicia.xunta.gal\\\/#\\\/schema\\\/person\\\/4b919f684a33a00a0462301f82898687\"},\"headline\":\"Lorenzana anuncia que en las pr\u00f3ximas semanas entrar\u00e1 en funcionamiento el nuevo servicio de la Oficina Econ\u00f3mica de Galicia especializado en defensa, seguridad y sector aeroespacial\",\"datePublished\":\"2025-06-11T18:06:58+00:00\",\"mainEntityOfPage\":{\"@id\":\"https:\\\/\\\/oficinaeconomicagalicia.xunta.gal\\\/lorenzana-anuncia-que-nas-vindeiras-semanas-entrara-en-funcionamento-o-novo-servizo-da-oficina-economica-de-galicia-especializado-en-defensa-seguridade-e-sector-aeroespacial\\\/\"},\"wordCount\":401,\"publisher\":{\"@id\":\"https:\\\/\\\/oficinaeconomicagalicia.xunta.gal\\\/#organization\"},\"image\":{\"@id\":\"https:\\\/\\\/oficinaeconomicagalicia.xunta.gal\\\/lorenzana-anuncia-que-nas-vindeiras-semanas-entrara-en-funcionamento-o-novo-servizo-da-oficina-economica-de-galicia-especializado-en-defensa-seguridade-e-sector-aeroespacial\\\/#primaryimage\"},\"thumbnailUrl\":\"https:\\\/\\\/oficinaeconomicagalicia.xunta.gal\\\/wp-content\\\/uploads\\\/2025\\\/06\\\/250611_EconomiaPleno_x-2_Xunta.jpg\",\"articleSection\":[\"Sin categorizar\"],\"inLanguage\":\"es\"},{\"@type\":\"WebPage\",\"@id\":\"https:\\\/\\\/oficinaeconomicagalicia.xunta.gal\\\/lorenzana-anuncia-que-nas-vindeiras-semanas-entrara-en-funcionamento-o-novo-servizo-da-oficina-economica-de-galicia-especializado-en-defensa-seguridade-e-sector-aeroespacial\\\/\",\"url\":\"https:\\\/\\\/oficinaeconomicagalicia.xunta.gal\\\/lorenzana-anuncia-que-nas-vindeiras-semanas-entrara-en-funcionamento-o-novo-servizo-da-oficina-economica-de-galicia-especializado-en-defensa-seguridade-e-sector-aeroespacial\\\/\",\"name\":\"Lorenzana anuncia que en las pr\u00f3ximas semanas entrar\u00e1 en funcionamiento el nuevo servicio de la Oficina Econ\u00f3mica de Galicia especializado en defensa, seguridad y sector aeroespacial - Oficina Econ\u00f3mica de Galicia\",\"isPartOf\":{\"@id\":\"https:\\\/\\\/oficinaeconomicagalicia.xunta.gal\\\/#website\"},\"primaryImageOfPage\":{\"@id\":\"https:\\\/\\\/oficinaeconomicagalicia.xunta.gal\\\/lorenzana-anuncia-que-nas-vindeiras-semanas-entrara-en-funcionamento-o-novo-servizo-da-oficina-economica-de-galicia-especializado-en-defensa-seguridade-e-sector-aeroespacial\\\/#primaryimage\"},\"image\":{\"@id\":\"https:\\\/\\\/oficinaeconomicagalicia.xunta.gal\\\/lorenzana-anuncia-que-nas-vindeiras-semanas-entrara-en-funcionamento-o-novo-servizo-da-oficina-economica-de-galicia-especializado-en-defensa-seguridade-e-sector-aeroespacial\\\/#primaryimage\"},\"thumbnailUrl\":\"https:\\\/\\\/oficinaeconomicagalicia.xunta.gal\\\/wp-content\\\/uploads\\\/2025\\\/06\\\/250611_EconomiaPleno_x-2_Xunta.jpg\",\"datePublished\":\"2025-06-11T18:06:58+00:00\",\"description\":\"Nuevo servicio de asesoramiento con el que contar\u00e1 la Oficina Econ\u00f3mica de Galicia, especializado en proyectos de defensa y seguridad y en el sector aeroespacial.\",\"breadcrumb\":{\"@id\":\"https:\\\/\\\/oficinaeconomicagalicia.xunta.gal\\\/lorenzana-anuncia-que-nas-vindeiras-semanas-entrara-en-funcionamento-o-novo-servizo-da-oficina-economica-de-galicia-especializado-en-defensa-seguridade-e-sector-aeroespacial\\\/#breadcrumb\"},\"inLanguage\":\"es\",\"potentialAction\":[{\"@type\":\"ReadAction\",\"target\":[\"https:\\\/\\\/oficinaeconomicagalicia.xunta.gal\\\/lorenzana-anuncia-que-nas-vindeiras-semanas-entrara-en-funcionamento-o-novo-servizo-da-oficina-economica-de-galicia-especializado-en-defensa-seguridade-e-sector-aeroespacial\\\/\"]}]},{\"@type\":\"ImageObject\",\"inLanguage\":\"es\",\"@id\":\"https:\\\/\\\/oficinaeconomicagalicia.xunta.gal\\\/lorenzana-anuncia-que-nas-vindeiras-semanas-entrara-en-funcionamento-o-novo-servizo-da-oficina-economica-de-galicia-especializado-en-defensa-seguridade-e-sector-aeroespacial\\\/#primaryimage\",\"url\":\"https:\\\/\\\/oficinaeconomicagalicia.xunta.gal\\\/wp-content\\\/uploads\\\/2025\\\/06\\\/250611_EconomiaPleno_x-2_Xunta.jpg\",\"contentUrl\":\"https:\\\/\\\/oficinaeconomicagalicia.xunta.gal\\\/wp-content\\\/uploads\\\/2025\\\/06\\\/250611_EconomiaPleno_x-2_Xunta.jpg\",\"width\":900,\"height\":506},{\"@type\":\"BreadcrumbList\",\"@id\":\"https:\\\/\\\/oficinaeconomicagalicia.xunta.gal\\\/lorenzana-anuncia-que-nas-vindeiras-semanas-entrara-en-funcionamento-o-novo-servizo-da-oficina-economica-de-galicia-especializado-en-defensa-seguridade-e-sector-aeroespacial\\\/#breadcrumb\",\"itemListElement\":[{\"@type\":\"ListItem\",\"position\":1,\"name\":\"Inicio\",\"item\":\"https:\\\/\\\/oficinaeconomicagalicia.xunta.gal\\\/\"},{\"@type\":\"ListItem\",\"position\":2,\"name\":\"Lorenzana anuncia que en las pr\u00f3ximas semanas entrar\u00e1 en funcionamiento el nuevo servicio de la Oficina Econ\u00f3mica de Galicia especializado en defensa, seguridad y sector aeroespacial\"}]},{\"@type\":\"WebSite\",\"@id\":\"https:\\\/\\\/oficinaeconomicagalicia.xunta.gal\\\/#website\",\"url\":\"https:\\\/\\\/oficinaeconomicagalicia.xunta.gal\\\/\",\"name\":\"Oficina Econ\u00f3mica de Galicia\",\"description\":\"Convertir calquera tr\u00e1mite nun mero tr\u00e1mite\",\"publisher\":{\"@id\":\"https:\\\/\\\/oficinaeconomicagalicia.xunta.gal\\\/#organization\"},\"potentialAction\":[{\"@type\":\"SearchAction\",\"target\":{\"@type\":\"EntryPoint\",\"urlTemplate\":\"https:\\\/\\\/oficinaeconomicagalicia.xunta.gal\\\/?s={search_term_string}\"},\"query-input\":{\"@type\":\"PropertyValueSpecification\",\"valueRequired\":true,\"valueName\":\"search_term_string\"}}],\"inLanguage\":\"es\"},{\"@type\":\"Organization\",\"@id\":\"https:\\\/\\\/oficinaeconomicagalicia.xunta.gal\\\/#organization\",\"name\":\"Oficina Econ\u00f3mica de Galicia\",\"alternateName\":\"OEG\",\"url\":\"https:\\\/\\\/oficinaeconomicagalicia.xunta.gal\\\/\",\"logo\":{\"@type\":\"ImageObject\",\"inLanguage\":\"es\",\"@id\":\"https:\\\/\\\/oficinaeconomicagalicia.xunta.gal\\\/#\\\/schema\\\/logo\\\/image\\\/\",\"url\":\"https:\\\/\\\/oficinaeconomicagalicia.xunta.gal\\\/wp-content\\\/uploads\\\/2023\\\/04\\\/xunta.svg\",\"contentUrl\":\"https:\\\/\\\/oficinaeconomicagalicia.xunta.gal\\\/wp-content\\\/uploads\\\/2023\\\/04\\\/xunta.svg\",\"width\":5952.76,\"height\":1700.79,\"caption\":\"Oficina Econ\u00f3mica de Galicia\"},\"image\":{\"@id\":\"https:\\\/\\\/oficinaeconomicagalicia.xunta.gal\\\/#\\\/schema\\\/logo\\\/image\\\/\"},\"sameAs\":[\"https:\\\/\\\/www.facebook.com\\\/OficinaEconomicadeGalicia\\\/\",\"https:\\\/\\\/www.linkedin.com\\\/company\\\/oficina-economica-de-galicia\\\/\"]},{\"@type\":\"Person\",\"@id\":\"https:\\\/\\\/oficinaeconomicagalicia.xunta.gal\\\/#\\\/schema\\\/person\\\/4b919f684a33a00a0462301f82898687\",\"name\":\"Adm-Of-Eco\",\"image\":{\"@type\":\"ImageObject\",\"inLanguage\":\"es\",\"@id\":\"https:\\\/\\\/secure.gravatar.com\\\/avatar\\\/822d9b5d44712904254790eea11ee749fdd737058bfbfaadfa58d3ed306af81d?s=96&d=mm&r=g\",\"url\":\"https:\\\/\\\/secure.gravatar.com\\\/avatar\\\/822d9b5d44712904254790eea11ee749fdd737058bfbfaadfa58d3ed306af81d?s=96&d=mm&r=g\",\"contentUrl\":\"https:\\\/\\\/secure.gravatar.com\\\/avatar\\\/822d9b5d44712904254790eea11ee749fdd737058bfbfaadfa58d3ed306af81d?s=96&d=mm&r=g\",\"caption\":\"Adm-Of-Eco\"},\"url\":\"https:\\\/\\\/oficinaeconomicagalicia.xunta.gal\\\/es\\\/author\\\/adm-of-eco\\\/\"}]}<\/script>\n<!-- \/ Yoast SEO plugin. -->","yoast_head_json":{"title":"Lorenzana anuncia que en las pr\u00f3ximas semanas entrar\u00e1 en funcionamiento el nuevo servicio de la Oficina Econ\u00f3mica de Galicia especializado en defensa, seguridad y sector aeroespacial - Oficina Econ\u00f3mica de Galicia","description":"Nuevo servicio de asesoramiento con el que contar\u00e1 la Oficina Econ\u00f3mica de Galicia, especializado en proyectos de defensa y seguridad y en el sector aeroespacial.","robots":{"index":"index","follow":"follow","max-snippet":"max-snippet:-1","max-image-preview":"max-image-preview:large","max-video-preview":"max-video-preview:-1"},"canonical":"https:\/\/oficinaeconomicagalicia.xunta.gal\/lorenzana-anuncia-que-nas-vindeiras-semanas-entrara-en-funcionamento-o-novo-servizo-da-oficina-economica-de-galicia-especializado-en-defensa-seguridade-e-sector-aeroespacial\/","og_locale":"es_ES","og_type":"article","og_title":"Lorenzana anuncia que en las pr\u00f3ximas semanas entrar\u00e1 en funcionamiento el nuevo servicio de la Oficina Econ\u00f3mica de Galicia especializado en defensa, seguridad y sector aeroespacial - Oficina Econ\u00f3mica de Galicia","og_description":"Nuevo servicio de asesoramiento con el que contar\u00e1 la Oficina Econ\u00f3mica de Galicia, especializado en proyectos de defensa y seguridad y en el sector aeroespacial.","og_url":"https:\/\/oficinaeconomicagalicia.xunta.gal\/lorenzana-anuncia-que-nas-vindeiras-semanas-entrara-en-funcionamento-o-novo-servizo-da-oficina-economica-de-galicia-especializado-en-defensa-seguridade-e-sector-aeroespacial\/","og_site_name":"Oficina Econ\u00f3mica de Galicia","article_publisher":"https:\/\/www.facebook.com\/OficinaEconomicadeGalicia\/","article_published_time":"2025-06-11T18:06:58+00:00","og_image":[{"width":900,"height":506,"url":"https:\/\/oficinaeconomicagalicia.xunta.gal\/wp-content\/uploads\/2025\/06\/250611_EconomiaPleno_x-2_Xunta.jpg","type":"image\/jpeg"}],"author":"Adm-Of-Eco","twitter_card":"summary_large_image","twitter_misc":{"Escrito por":"Adm-Of-Eco","Tiempo de lectura":"2 minutos"},"schema":{"@context":"https:\/\/schema.org","@graph":[{"@type":"Article","@id":"https:\/\/oficinaeconomicagalicia.xunta.gal\/lorenzana-anuncia-que-nas-vindeiras-semanas-entrara-en-funcionamento-o-novo-servizo-da-oficina-economica-de-galicia-especializado-en-defensa-seguridade-e-sector-aeroespacial\/#article","isPartOf":{"@id":"https:\/\/oficinaeconomicagalicia.xunta.gal\/lorenzana-anuncia-que-nas-vindeiras-semanas-entrara-en-funcionamento-o-novo-servizo-da-oficina-economica-de-galicia-especializado-en-defensa-seguridade-e-sector-aeroespacial\/"},"author":{"name":"Adm-Of-Eco","@id":"https:\/\/oficinaeconomicagalicia.xunta.gal\/#\/schema\/person\/4b919f684a33a00a0462301f82898687"},"headline":"Lorenzana anuncia que en las pr\u00f3ximas semanas entrar\u00e1 en funcionamiento el nuevo servicio de la Oficina Econ\u00f3mica de Galicia especializado en defensa, seguridad y sector aeroespacial","datePublished":"2025-06-11T18:06:58+00:00","mainEntityOfPage":{"@id":"https:\/\/oficinaeconomicagalicia.xunta.gal\/lorenzana-anuncia-que-nas-vindeiras-semanas-entrara-en-funcionamento-o-novo-servizo-da-oficina-economica-de-galicia-especializado-en-defensa-seguridade-e-sector-aeroespacial\/"},"wordCount":401,"publisher":{"@id":"https:\/\/oficinaeconomicagalicia.xunta.gal\/#organization"},"image":{"@id":"https:\/\/oficinaeconomicagalicia.xunta.gal\/lorenzana-anuncia-que-nas-vindeiras-semanas-entrara-en-funcionamento-o-novo-servizo-da-oficina-economica-de-galicia-especializado-en-defensa-seguridade-e-sector-aeroespacial\/#primaryimage"},"thumbnailUrl":"https:\/\/oficinaeconomicagalicia.xunta.gal\/wp-content\/uploads\/2025\/06\/250611_EconomiaPleno_x-2_Xunta.jpg","articleSection":["Sin categorizar"],"inLanguage":"es"},{"@type":"WebPage","@id":"https:\/\/oficinaeconomicagalicia.xunta.gal\/lorenzana-anuncia-que-nas-vindeiras-semanas-entrara-en-funcionamento-o-novo-servizo-da-oficina-economica-de-galicia-especializado-en-defensa-seguridade-e-sector-aeroespacial\/","url":"https:\/\/oficinaeconomicagalicia.xunta.gal\/lorenzana-anuncia-que-nas-vindeiras-semanas-entrara-en-funcionamento-o-novo-servizo-da-oficina-economica-de-galicia-especializado-en-defensa-seguridade-e-sector-aeroespacial\/","name":"Lorenzana anuncia que en las pr\u00f3ximas semanas entrar\u00e1 en funcionamiento el nuevo servicio de la Oficina Econ\u00f3mica de Galicia especializado en defensa, seguridad y sector aeroespacial - Oficina Econ\u00f3mica de Galicia","isPartOf":{"@id":"https:\/\/oficinaeconomicagalicia.xunta.gal\/#website"},"primaryImageOfPage":{"@id":"https:\/\/oficinaeconomicagalicia.xunta.gal\/lorenzana-anuncia-que-nas-vindeiras-semanas-entrara-en-funcionamento-o-novo-servizo-da-oficina-economica-de-galicia-especializado-en-defensa-seguridade-e-sector-aeroespacial\/#primaryimage"},"image":{"@id":"https:\/\/oficinaeconomicagalicia.xunta.gal\/lorenzana-anuncia-que-nas-vindeiras-semanas-entrara-en-funcionamento-o-novo-servizo-da-oficina-economica-de-galicia-especializado-en-defensa-seguridade-e-sector-aeroespacial\/#primaryimage"},"thumbnailUrl":"https:\/\/oficinaeconomicagalicia.xunta.gal\/wp-content\/uploads\/2025\/06\/250611_EconomiaPleno_x-2_Xunta.jpg","datePublished":"2025-06-11T18:06:58+00:00","description":"Nuevo servicio de asesoramiento con el que contar\u00e1 la Oficina Econ\u00f3mica de Galicia, especializado en proyectos de defensa y seguridad y en el sector aeroespacial.","breadcrumb":{"@id":"https:\/\/oficinaeconomicagalicia.xunta.gal\/lorenzana-anuncia-que-nas-vindeiras-semanas-entrara-en-funcionamento-o-novo-servizo-da-oficina-economica-de-galicia-especializado-en-defensa-seguridade-e-sector-aeroespacial\/#breadcrumb"},"inLanguage":"es","potentialAction":[{"@type":"ReadAction","target":["https:\/\/oficinaeconomicagalicia.xunta.gal\/lorenzana-anuncia-que-nas-vindeiras-semanas-entrara-en-funcionamento-o-novo-servizo-da-oficina-economica-de-galicia-especializado-en-defensa-seguridade-e-sector-aeroespacial\/"]}]},{"@type":"ImageObject","inLanguage":"es","@id":"https:\/\/oficinaeconomicagalicia.xunta.gal\/lorenzana-anuncia-que-nas-vindeiras-semanas-entrara-en-funcionamento-o-novo-servizo-da-oficina-economica-de-galicia-especializado-en-defensa-seguridade-e-sector-aeroespacial\/#primaryimage","url":"https:\/\/oficinaeconomicagalicia.xunta.gal\/wp-content\/uploads\/2025\/06\/250611_EconomiaPleno_x-2_Xunta.jpg","contentUrl":"https:\/\/oficinaeconomicagalicia.xunta.gal\/wp-content\/uploads\/2025\/06\/250611_EconomiaPleno_x-2_Xunta.jpg","width":900,"height":506},{"@type":"BreadcrumbList","@id":"https:\/\/oficinaeconomicagalicia.xunta.gal\/lorenzana-anuncia-que-nas-vindeiras-semanas-entrara-en-funcionamento-o-novo-servizo-da-oficina-economica-de-galicia-especializado-en-defensa-seguridade-e-sector-aeroespacial\/#breadcrumb","itemListElement":[{"@type":"ListItem","position":1,"name":"Inicio","item":"https:\/\/oficinaeconomicagalicia.xunta.gal\/"},{"@type":"ListItem","position":2,"name":"Lorenzana anuncia que en las pr\u00f3ximas semanas entrar\u00e1 en funcionamiento el nuevo servicio de la Oficina Econ\u00f3mica de Galicia especializado en defensa, seguridad y sector aeroespacial"}]},{"@type":"WebSite","@id":"https:\/\/oficinaeconomicagalicia.xunta.gal\/#website","url":"https:\/\/oficinaeconomicagalicia.xunta.gal\/","name":"Oficina Econ\u00f3mica de Galicia","description":"Convertir calquera tr\u00e1mite nun mero tr\u00e1mite","publisher":{"@id":"https:\/\/oficinaeconomicagalicia.xunta.gal\/#organization"},"potentialAction":[{"@type":"SearchAction","target":{"@type":"EntryPoint","urlTemplate":"https:\/\/oficinaeconomicagalicia.xunta.gal\/?s={search_term_string}"},"query-input":{"@type":"PropertyValueSpecification","valueRequired":true,"valueName":"search_term_string"}}],"inLanguage":"es"},{"@type":"Organization","@id":"https:\/\/oficinaeconomicagalicia.xunta.gal\/#organization","name":"Oficina Econ\u00f3mica de Galicia","alternateName":"OEG","url":"https:\/\/oficinaeconomicagalicia.xunta.gal\/","logo":{"@type":"ImageObject","inLanguage":"es","@id":"https:\/\/oficinaeconomicagalicia.xunta.gal\/#\/schema\/logo\/image\/","url":"https:\/\/oficinaeconomicagalicia.xunta.gal\/wp-content\/uploads\/2023\/04\/xunta.svg","contentUrl":"https:\/\/oficinaeconomicagalicia.xunta.gal\/wp-content\/uploads\/2023\/04\/xunta.svg","width":5952.76,"height":1700.79,"caption":"Oficina Econ\u00f3mica de Galicia"},"image":{"@id":"https:\/\/oficinaeconomicagalicia.xunta.gal\/#\/schema\/logo\/image\/"},"sameAs":["https:\/\/www.facebook.com\/OficinaEconomicadeGalicia\/","https:\/\/www.linkedin.com\/company\/oficina-economica-de-galicia\/"]},{"@type":"Person","@id":"https:\/\/oficinaeconomicagalicia.xunta.gal\/#\/schema\/person\/4b919f684a33a00a0462301f82898687","name":"Adm-Of-Eco","image":{"@type":"ImageObject","inLanguage":"es","@id":"https:\/\/secure.gravatar.com\/avatar\/822d9b5d44712904254790eea11ee749fdd737058bfbfaadfa58d3ed306af81d?s=96&d=mm&r=g","url":"https:\/\/secure.gravatar.com\/avatar\/822d9b5d44712904254790eea11ee749fdd737058bfbfaadfa58d3ed306af81d?s=96&d=mm&r=g","contentUrl":"https:\/\/secure.gravatar.com\/avatar\/822d9b5d44712904254790eea11ee749fdd737058bfbfaadfa58d3ed306af81d?s=96&d=mm&r=g","caption":"Adm-Of-Eco"},"url":"https:\/\/oficinaeconomicagalicia.xunta.gal\/es\/author\/adm-of-eco\/"}]}},"_links":{"self":[{"href":"https:\/\/oficinaeconomicagalicia.xunta.gal\/es\/wp-json\/wp\/v2\/posts\/15402","targetHints":{"allow":["GET"]}}],"collection":[{"href":"https:\/\/oficinaeconomicagalicia.xunta.gal\/es\/wp-json\/wp\/v2\/posts"}],"about":[{"href":"https:\/\/oficinaeconomicagalicia.xunta.gal\/es\/wp-json\/wp\/v2\/types\/post"}],"author":[{"embeddable":true,"href":"https:\/\/oficinaeconomicagalicia.xunta.gal\/es\/wp-json\/wp\/v2\/users\/3"}],"replies":[{"embeddable":true,"href":"https:\/\/oficinaeconomicagalicia.xunta.gal\/es\/wp-json\/wp\/v2\/comments?post=15402"}],"version-history":[{"count":0,"href":"https:\/\/oficinaeconomicagalicia.xunta.gal\/es\/wp-json\/wp\/v2\/posts\/15402\/revisions"}],"wp:featuredmedia":[{"embeddable":true,"href":"https:\/\/oficinaeconomicagalicia.xunta.gal\/es\/wp-json\/wp\/v2\/media\/15400"}],"wp:attachment":[{"href":"https:\/\/oficinaeconomicagalicia.xunta.gal\/es\/wp-json\/wp\/v2\/media?parent=15402"}],"wp:term":[{"taxonomy":"category","embeddable":true,"href":"https:\/\/oficinaeconomicagalicia.xunta.gal\/es\/wp-json\/wp\/v2\/categories?post=15402"},{"taxonomy":"post_tag","embeddable":true,"href":"https:\/\/oficinaeconomicagalicia.xunta.gal\/es\/wp-json\/wp\/v2\/tags?post=15402"}],"curies":[{"name":"wp","href":"https:\/\/api.w.org\/{rel}","templated":true}]}}