{"id":15715,"date":"2025-07-10T15:01:14","date_gmt":"2025-07-10T13:01:14","guid":{"rendered":"https:\/\/oficinaeconomicagalicia.xunta.gal\/la-xunta-refuerza-su-apoyo-al-emprendimiento-aeroespacial-gallego-con-nuevos-canales-de-colaboracion-directa\/"},"modified":"2025-09-04T14:11:18","modified_gmt":"2025-09-04T12:11:18","slug":"la-xunta-refuerza-su-apoyo-al-emprendimiento-aeroespacial-gallego-con-nuevos-canales-de-colaboracion-directa","status":"publish","type":"post","link":"https:\/\/oficinaeconomicagalicia.xunta.gal\/es\/la-xunta-refuerza-su-apoyo-al-emprendimiento-aeroespacial-gallego-con-nuevos-canales-de-colaboracion-directa\/","title":{"rendered":"La Xunta refuerza su apoyo al emprendimiento aeroespacial gallego con nuevos canales de colaboraci\u00f3n directa"},"content":{"rendered":"<ul>\n<li>La directora del Igape, Covadonga Toca, participa en un encuentro de trabajo con los proyectos de la 6\u00aa edici\u00f3n de la Business Factory Aero, acerc\u00e1ndoles los servicios de la Oficina Econ\u00f3mica de Galicia y las principales l\u00edneas de ayuda activadas este a\u00f1o por el Instituto<\/li>\n<li>Desde su puesta en marcha, la BFAero apoy\u00f3 46 proyectos, contribuyendo a la creaci\u00f3n de 11 nuevas empresas tecnol\u00f3gicas, movilizando m\u00e1s de 7,5 millones de euros en inversi\u00f3n, y facilitando la creaci\u00f3n de m\u00e1s de 220 empleos cualificados<\/li>\n<li>Esta sexta edici\u00f3n cerr\u00f3 la convocatoria con un r\u00e9cord de 110 iniciativas inscritas, de las que un 57% proceden de emprendedores nacionales e internacionales<\/li>\n<\/ul>\n<p><strong>Santiago de Compostela, 10 de julio de 2025<\/strong><\/p>\n<p>La directora del Igape, Covadonga Toca, particip\u00f3 esta ma\u00f1ana en un encuentro de trabajo con las startups seleccionadas en la sexta edici\u00f3n de la Business Factory Aero (BFAero), el programa impulsado por la Xunta de Galicia para apoyar el emprendimiento en el sector aeroespacial, aeron\u00e1utico y de veh\u00edculos no tripulados.<\/p>\n<p>En la reuni\u00f3n, celebrada en la Cidade da Cultura, participaron tambi\u00e9n representantes de empresas tractoras y entidades colaboradoras del ecosistema aeroespacial gallego. El objetivo del encuentro fue a establecer un di\u00e1logo directo entre la administraci\u00f3n y los proyectos incubados y acelerados, con el fin de detectar sus necesidades m\u00e1s urgentes y abrir nuevas v\u00edas de colaboraci\u00f3n.<\/p>\n<p>Durante su intervenci\u00f3n, Covadonga Toca present\u00f3 los servicios de la Oficina Econ\u00f3mica de Galicia, un punto de contacto \u00e1gil y personalizado que ofrece atenci\u00f3n t\u00e9cnica especializada, apoyo operativo y acompa\u00f1amiento estrat\u00e9gico en un entorno de proximidad y confianza, especialmente \u00fatil para sectores de alta innovaci\u00f3n como el aeroespacial.<\/p>\n<p>Asimismo, la directora del Igape explic\u00f3 las principales l\u00edneas de ayuda activadas este a\u00f1o por el Instituto, destacando los programas dirigidos a startups, los pr\u00e9stamos directos a proyectos estrat\u00e9gicos, los apoyos a la transformaci\u00f3n digital o las nuevas herramientas para impulsar la salida al exterior de las empresas gallegas.<\/p>\n<p>La jornada concluy\u00f3 con un espacio de networking en el que los representantes de las startups -como Kreios Space, Slimop Space, BirdStrikeDrone, Arzeos Aircraft o Dronomy- pudieron compartir en primera persona sus propuestas e inquietudes con responsables del Igape y de otros organismos asistentes, como NTT Data, Airbus, Avincis o la Fundaci\u00f3n CEL.<\/p>\n<h2>Business Factory Aero (BFAero)<\/h2>\n<p>La BFAero ha demostrado en estos a\u00f1os un fuerte impacto tanto econ\u00f3mico como industrial en Galicia. Desde su puesta en marcha en el a\u00f1o 2018, apoy\u00f3 46 proyectos, contribuyendo a la creaci\u00f3n de 11 nuevas empresas tecnol\u00f3gicas, movilizando m\u00e1s de 7,5 millones de euros en inversi\u00f3n, y facilitando la creaci\u00f3n de m\u00e1s de 220 empleos cualificados. La sexta edici\u00f3n cerr\u00f3 la convocatoria con un r\u00e9cord de 110 iniciativas inscritas, de las que un 57% proceden de emprendedores nacionales e internacionales.<\/p>\n<p>Galicia se consolida as\u00ed como uno de los principales por los de innovaci\u00f3n en el sector aeroespacial en el Estado, con un ecosistema din\u00e1mico que integra m\u00e1s de 55 entidades p\u00fablicas y privadas, todas ellas unidas para impulsar soluciones tecnol\u00f3gicas que respondan a los retos de la industria y de la sociedad.<\/p>\n","protected":false},"excerpt":{"rendered":"<p>La directora del Igape, Covadonga Toca, participa en un encuentro de trabajo con los proyectos de la 6\u00aa edici\u00f3n de la Business Factory Aero, acerc\u00e1ndoles los servicios de la Oficina Econ\u00f3mica de Galicia y las principales l\u00edneas de ayuda activadas este a\u00f1o por el Instituto Desde su puesta en marcha, la BFAero apoy\u00f3 46 proyectos, [&hellip;]<\/p>\n","protected":false},"author":3,"featured_media":15710,"comment_status":"closed","ping_status":"closed","sticky":false,"template":"","format":"standard","meta":{"inline_featured_image":false,"footnotes":""},"categories":[36],"tags":[],"class_list":["post-15715","post","type-post","status-publish","format-standard","has-post-thumbnail","hentry","category-sin-categorizar"],"yoast_head":"<!-- This site is optimized with the Yoast SEO plugin v27.5 - https:\/\/yoast.com\/product\/yoast-seo-wordpress\/ -->\n<title>La Xunta refuerza su apoyo al emprendimiento aeroespacial gallego con nuevos canales de colaboraci\u00f3n directa - Oficina Econ\u00f3mica de Galicia<\/title>\n<meta name=\"description\" content=\"La directora del Igape, Covadonga Toca, presenta los servicios de la Oficina Econ\u00f3mica a los proyectos de la 6\u00aa edici\u00f3n de la Business Factory Aero.\" \/>\n<meta name=\"robots\" content=\"index, follow, max-snippet:-1, max-image-preview:large, max-video-preview:-1\" \/>\n<link rel=\"canonical\" href=\"https:\/\/oficinaeconomicagalicia.xunta.gal\/a-xunta-reforza-o-seu-apoio-ao-emprendemento-aeroespacial-galego-con-novas-canles-de-colaboracion-directa\/\" \/>\n<meta property=\"og:locale\" content=\"es_ES\" \/>\n<meta property=\"og:type\" content=\"article\" \/>\n<meta property=\"og:title\" content=\"La Xunta refuerza su apoyo al emprendimiento aeroespacial gallego con nuevos canales de colaboraci\u00f3n directa - Oficina Econ\u00f3mica de Galicia\" \/>\n<meta property=\"og:description\" content=\"La directora del Igape, Covadonga Toca, presenta los servicios de la Oficina Econ\u00f3mica a los proyectos de la 6\u00aa edici\u00f3n de la Business Factory Aero.\" \/>\n<meta property=\"og:url\" content=\"https:\/\/oficinaeconomicagalicia.xunta.gal\/a-xunta-reforza-o-seu-apoio-ao-emprendemento-aeroespacial-galego-con-novas-canles-de-colaboracion-directa\/\" \/>\n<meta property=\"og:site_name\" content=\"Oficina Econ\u00f3mica de Galicia\" \/>\n<meta property=\"article:publisher\" content=\"https:\/\/www.facebook.com\/OficinaEconomicadeGalicia\/\" \/>\n<meta property=\"article:published_time\" content=\"2025-07-10T13:01:14+00:00\" \/>\n<meta property=\"article:modified_time\" content=\"2025-09-04T12:11:18+00:00\" \/>\n<meta property=\"og:image\" content=\"https:\/\/oficinaeconomicagalicia.xunta.gal\/wp-content\/uploads\/2025\/07\/20250710-IgapeXornadaBFAero_2_Web.jpg\" \/>\n\t<meta property=\"og:image:width\" content=\"900\" \/>\n\t<meta property=\"og:image:height\" content=\"515\" \/>\n\t<meta property=\"og:image:type\" content=\"image\/jpeg\" \/>\n<meta name=\"author\" content=\"Adm-Of-Eco\" \/>\n<meta name=\"twitter:card\" content=\"summary_large_image\" \/>\n<meta name=\"twitter:label1\" content=\"Escrito por\" \/>\n\t<meta name=\"twitter:data1\" content=\"Adm-Of-Eco\" \/>\n\t<meta name=\"twitter:label2\" content=\"Tiempo de lectura\" \/>\n\t<meta name=\"twitter:data2\" content=\"3 minutos\" \/>\n<script type=\"application\/ld+json\" class=\"yoast-schema-graph\">{\"@context\":\"https:\\\/\\\/schema.org\",\"@graph\":[{\"@type\":\"Article\",\"@id\":\"https:\\\/\\\/oficinaeconomicagalicia.xunta.gal\\\/a-xunta-reforza-o-seu-apoio-ao-emprendemento-aeroespacial-galego-con-novas-canles-de-colaboracion-directa\\\/#article\",\"isPartOf\":{\"@id\":\"https:\\\/\\\/oficinaeconomicagalicia.xunta.gal\\\/a-xunta-reforza-o-seu-apoio-ao-emprendemento-aeroespacial-galego-con-novas-canles-de-colaboracion-directa\\\/\"},\"author\":{\"name\":\"Adm-Of-Eco\",\"@id\":\"https:\\\/\\\/oficinaeconomicagalicia.xunta.gal\\\/#\\\/schema\\\/person\\\/4b919f684a33a00a0462301f82898687\"},\"headline\":\"La Xunta refuerza su apoyo al emprendimiento aeroespacial gallego con nuevos canales de colaboraci\u00f3n directa\",\"datePublished\":\"2025-07-10T13:01:14+00:00\",\"dateModified\":\"2025-09-04T12:11:18+00:00\",\"mainEntityOfPage\":{\"@id\":\"https:\\\/\\\/oficinaeconomicagalicia.xunta.gal\\\/a-xunta-reforza-o-seu-apoio-ao-emprendemento-aeroespacial-galego-con-novas-canles-de-colaboracion-directa\\\/\"},\"wordCount\":559,\"publisher\":{\"@id\":\"https:\\\/\\\/oficinaeconomicagalicia.xunta.gal\\\/#organization\"},\"image\":{\"@id\":\"https:\\\/\\\/oficinaeconomicagalicia.xunta.gal\\\/a-xunta-reforza-o-seu-apoio-ao-emprendemento-aeroespacial-galego-con-novas-canles-de-colaboracion-directa\\\/#primaryimage\"},\"thumbnailUrl\":\"https:\\\/\\\/oficinaeconomicagalicia.xunta.gal\\\/wp-content\\\/uploads\\\/2025\\\/07\\\/20250710-IgapeXornadaBFAero_2_Web.jpg\",\"articleSection\":[\"Sin categorizar\"],\"inLanguage\":\"es\"},{\"@type\":\"WebPage\",\"@id\":\"https:\\\/\\\/oficinaeconomicagalicia.xunta.gal\\\/a-xunta-reforza-o-seu-apoio-ao-emprendemento-aeroespacial-galego-con-novas-canles-de-colaboracion-directa\\\/\",\"url\":\"https:\\\/\\\/oficinaeconomicagalicia.xunta.gal\\\/a-xunta-reforza-o-seu-apoio-ao-emprendemento-aeroespacial-galego-con-novas-canles-de-colaboracion-directa\\\/\",\"name\":\"La Xunta refuerza su apoyo al emprendimiento aeroespacial gallego con nuevos canales de colaboraci\u00f3n directa - Oficina Econ\u00f3mica de Galicia\",\"isPartOf\":{\"@id\":\"https:\\\/\\\/oficinaeconomicagalicia.xunta.gal\\\/#website\"},\"primaryImageOfPage\":{\"@id\":\"https:\\\/\\\/oficinaeconomicagalicia.xunta.gal\\\/a-xunta-reforza-o-seu-apoio-ao-emprendemento-aeroespacial-galego-con-novas-canles-de-colaboracion-directa\\\/#primaryimage\"},\"image\":{\"@id\":\"https:\\\/\\\/oficinaeconomicagalicia.xunta.gal\\\/a-xunta-reforza-o-seu-apoio-ao-emprendemento-aeroespacial-galego-con-novas-canles-de-colaboracion-directa\\\/#primaryimage\"},\"thumbnailUrl\":\"https:\\\/\\\/oficinaeconomicagalicia.xunta.gal\\\/wp-content\\\/uploads\\\/2025\\\/07\\\/20250710-IgapeXornadaBFAero_2_Web.jpg\",\"datePublished\":\"2025-07-10T13:01:14+00:00\",\"dateModified\":\"2025-09-04T12:11:18+00:00\",\"description\":\"La directora del Igape, Covadonga Toca, presenta los servicios de la Oficina Econ\u00f3mica a los proyectos de la 6\u00aa edici\u00f3n de la Business Factory Aero.\",\"breadcrumb\":{\"@id\":\"https:\\\/\\\/oficinaeconomicagalicia.xunta.gal\\\/a-xunta-reforza-o-seu-apoio-ao-emprendemento-aeroespacial-galego-con-novas-canles-de-colaboracion-directa\\\/#breadcrumb\"},\"inLanguage\":\"es\",\"potentialAction\":[{\"@type\":\"ReadAction\",\"target\":[\"https:\\\/\\\/oficinaeconomicagalicia.xunta.gal\\\/a-xunta-reforza-o-seu-apoio-ao-emprendemento-aeroespacial-galego-con-novas-canles-de-colaboracion-directa\\\/\"]}]},{\"@type\":\"ImageObject\",\"inLanguage\":\"es\",\"@id\":\"https:\\\/\\\/oficinaeconomicagalicia.xunta.gal\\\/a-xunta-reforza-o-seu-apoio-ao-emprendemento-aeroespacial-galego-con-novas-canles-de-colaboracion-directa\\\/#primaryimage\",\"url\":\"https:\\\/\\\/oficinaeconomicagalicia.xunta.gal\\\/wp-content\\\/uploads\\\/2025\\\/07\\\/20250710-IgapeXornadaBFAero_2_Web.jpg\",\"contentUrl\":\"https:\\\/\\\/oficinaeconomicagalicia.xunta.gal\\\/wp-content\\\/uploads\\\/2025\\\/07\\\/20250710-IgapeXornadaBFAero_2_Web.jpg\",\"width\":900,\"height\":515},{\"@type\":\"BreadcrumbList\",\"@id\":\"https:\\\/\\\/oficinaeconomicagalicia.xunta.gal\\\/a-xunta-reforza-o-seu-apoio-ao-emprendemento-aeroespacial-galego-con-novas-canles-de-colaboracion-directa\\\/#breadcrumb\",\"itemListElement\":[{\"@type\":\"ListItem\",\"position\":1,\"name\":\"Inicio\",\"item\":\"https:\\\/\\\/oficinaeconomicagalicia.xunta.gal\\\/\"},{\"@type\":\"ListItem\",\"position\":2,\"name\":\"La Xunta refuerza su apoyo al emprendimiento aeroespacial gallego con nuevos canales de colaboraci\u00f3n directa\"}]},{\"@type\":\"WebSite\",\"@id\":\"https:\\\/\\\/oficinaeconomicagalicia.xunta.gal\\\/#website\",\"url\":\"https:\\\/\\\/oficinaeconomicagalicia.xunta.gal\\\/\",\"name\":\"Oficina Econ\u00f3mica de Galicia\",\"description\":\"Convertir calquera tr\u00e1mite nun mero tr\u00e1mite\",\"publisher\":{\"@id\":\"https:\\\/\\\/oficinaeconomicagalicia.xunta.gal\\\/#organization\"},\"potentialAction\":[{\"@type\":\"SearchAction\",\"target\":{\"@type\":\"EntryPoint\",\"urlTemplate\":\"https:\\\/\\\/oficinaeconomicagalicia.xunta.gal\\\/?s={search_term_string}\"},\"query-input\":{\"@type\":\"PropertyValueSpecification\",\"valueRequired\":true,\"valueName\":\"search_term_string\"}}],\"inLanguage\":\"es\"},{\"@type\":\"Organization\",\"@id\":\"https:\\\/\\\/oficinaeconomicagalicia.xunta.gal\\\/#organization\",\"name\":\"Oficina Econ\u00f3mica de Galicia\",\"alternateName\":\"OEG\",\"url\":\"https:\\\/\\\/oficinaeconomicagalicia.xunta.gal\\\/\",\"logo\":{\"@type\":\"ImageObject\",\"inLanguage\":\"es\",\"@id\":\"https:\\\/\\\/oficinaeconomicagalicia.xunta.gal\\\/#\\\/schema\\\/logo\\\/image\\\/\",\"url\":\"https:\\\/\\\/oficinaeconomicagalicia.xunta.gal\\\/wp-content\\\/uploads\\\/2023\\\/04\\\/xunta.svg\",\"contentUrl\":\"https:\\\/\\\/oficinaeconomicagalicia.xunta.gal\\\/wp-content\\\/uploads\\\/2023\\\/04\\\/xunta.svg\",\"width\":5952.76,\"height\":1700.79,\"caption\":\"Oficina Econ\u00f3mica de Galicia\"},\"image\":{\"@id\":\"https:\\\/\\\/oficinaeconomicagalicia.xunta.gal\\\/#\\\/schema\\\/logo\\\/image\\\/\"},\"sameAs\":[\"https:\\\/\\\/www.facebook.com\\\/OficinaEconomicadeGalicia\\\/\",\"https:\\\/\\\/www.linkedin.com\\\/company\\\/oficina-economica-de-galicia\\\/\"]},{\"@type\":\"Person\",\"@id\":\"https:\\\/\\\/oficinaeconomicagalicia.xunta.gal\\\/#\\\/schema\\\/person\\\/4b919f684a33a00a0462301f82898687\",\"name\":\"Adm-Of-Eco\",\"image\":{\"@type\":\"ImageObject\",\"inLanguage\":\"es\",\"@id\":\"https:\\\/\\\/secure.gravatar.com\\\/avatar\\\/822d9b5d44712904254790eea11ee749fdd737058bfbfaadfa58d3ed306af81d?s=96&d=mm&r=g\",\"url\":\"https:\\\/\\\/secure.gravatar.com\\\/avatar\\\/822d9b5d44712904254790eea11ee749fdd737058bfbfaadfa58d3ed306af81d?s=96&d=mm&r=g\",\"contentUrl\":\"https:\\\/\\\/secure.gravatar.com\\\/avatar\\\/822d9b5d44712904254790eea11ee749fdd737058bfbfaadfa58d3ed306af81d?s=96&d=mm&r=g\",\"caption\":\"Adm-Of-Eco\"},\"url\":\"https:\\\/\\\/oficinaeconomicagalicia.xunta.gal\\\/es\\\/author\\\/adm-of-eco\\\/\"}]}<\/script>\n<!-- \/ Yoast SEO plugin. -->","yoast_head_json":{"title":"La Xunta refuerza su apoyo al emprendimiento aeroespacial gallego con nuevos canales de colaboraci\u00f3n directa - Oficina Econ\u00f3mica de Galicia","description":"La directora del Igape, Covadonga Toca, presenta los servicios de la Oficina Econ\u00f3mica a los proyectos de la 6\u00aa edici\u00f3n de la Business Factory Aero.","robots":{"index":"index","follow":"follow","max-snippet":"max-snippet:-1","max-image-preview":"max-image-preview:large","max-video-preview":"max-video-preview:-1"},"canonical":"https:\/\/oficinaeconomicagalicia.xunta.gal\/a-xunta-reforza-o-seu-apoio-ao-emprendemento-aeroespacial-galego-con-novas-canles-de-colaboracion-directa\/","og_locale":"es_ES","og_type":"article","og_title":"La Xunta refuerza su apoyo al emprendimiento aeroespacial gallego con nuevos canales de colaboraci\u00f3n directa - Oficina Econ\u00f3mica de Galicia","og_description":"La directora del Igape, Covadonga Toca, presenta los servicios de la Oficina Econ\u00f3mica a los proyectos de la 6\u00aa edici\u00f3n de la Business Factory Aero.","og_url":"https:\/\/oficinaeconomicagalicia.xunta.gal\/a-xunta-reforza-o-seu-apoio-ao-emprendemento-aeroespacial-galego-con-novas-canles-de-colaboracion-directa\/","og_site_name":"Oficina Econ\u00f3mica de Galicia","article_publisher":"https:\/\/www.facebook.com\/OficinaEconomicadeGalicia\/","article_published_time":"2025-07-10T13:01:14+00:00","article_modified_time":"2025-09-04T12:11:18+00:00","og_image":[{"width":900,"height":515,"url":"https:\/\/oficinaeconomicagalicia.xunta.gal\/wp-content\/uploads\/2025\/07\/20250710-IgapeXornadaBFAero_2_Web.jpg","type":"image\/jpeg"}],"author":"Adm-Of-Eco","twitter_card":"summary_large_image","twitter_misc":{"Escrito por":"Adm-Of-Eco","Tiempo de lectura":"3 minutos"},"schema":{"@context":"https:\/\/schema.org","@graph":[{"@type":"Article","@id":"https:\/\/oficinaeconomicagalicia.xunta.gal\/a-xunta-reforza-o-seu-apoio-ao-emprendemento-aeroespacial-galego-con-novas-canles-de-colaboracion-directa\/#article","isPartOf":{"@id":"https:\/\/oficinaeconomicagalicia.xunta.gal\/a-xunta-reforza-o-seu-apoio-ao-emprendemento-aeroespacial-galego-con-novas-canles-de-colaboracion-directa\/"},"author":{"name":"Adm-Of-Eco","@id":"https:\/\/oficinaeconomicagalicia.xunta.gal\/#\/schema\/person\/4b919f684a33a00a0462301f82898687"},"headline":"La Xunta refuerza su apoyo al emprendimiento aeroespacial gallego con nuevos canales de colaboraci\u00f3n directa","datePublished":"2025-07-10T13:01:14+00:00","dateModified":"2025-09-04T12:11:18+00:00","mainEntityOfPage":{"@id":"https:\/\/oficinaeconomicagalicia.xunta.gal\/a-xunta-reforza-o-seu-apoio-ao-emprendemento-aeroespacial-galego-con-novas-canles-de-colaboracion-directa\/"},"wordCount":559,"publisher":{"@id":"https:\/\/oficinaeconomicagalicia.xunta.gal\/#organization"},"image":{"@id":"https:\/\/oficinaeconomicagalicia.xunta.gal\/a-xunta-reforza-o-seu-apoio-ao-emprendemento-aeroespacial-galego-con-novas-canles-de-colaboracion-directa\/#primaryimage"},"thumbnailUrl":"https:\/\/oficinaeconomicagalicia.xunta.gal\/wp-content\/uploads\/2025\/07\/20250710-IgapeXornadaBFAero_2_Web.jpg","articleSection":["Sin categorizar"],"inLanguage":"es"},{"@type":"WebPage","@id":"https:\/\/oficinaeconomicagalicia.xunta.gal\/a-xunta-reforza-o-seu-apoio-ao-emprendemento-aeroespacial-galego-con-novas-canles-de-colaboracion-directa\/","url":"https:\/\/oficinaeconomicagalicia.xunta.gal\/a-xunta-reforza-o-seu-apoio-ao-emprendemento-aeroespacial-galego-con-novas-canles-de-colaboracion-directa\/","name":"La Xunta refuerza su apoyo al emprendimiento aeroespacial gallego con nuevos canales de colaboraci\u00f3n directa - Oficina Econ\u00f3mica de Galicia","isPartOf":{"@id":"https:\/\/oficinaeconomicagalicia.xunta.gal\/#website"},"primaryImageOfPage":{"@id":"https:\/\/oficinaeconomicagalicia.xunta.gal\/a-xunta-reforza-o-seu-apoio-ao-emprendemento-aeroespacial-galego-con-novas-canles-de-colaboracion-directa\/#primaryimage"},"image":{"@id":"https:\/\/oficinaeconomicagalicia.xunta.gal\/a-xunta-reforza-o-seu-apoio-ao-emprendemento-aeroespacial-galego-con-novas-canles-de-colaboracion-directa\/#primaryimage"},"thumbnailUrl":"https:\/\/oficinaeconomicagalicia.xunta.gal\/wp-content\/uploads\/2025\/07\/20250710-IgapeXornadaBFAero_2_Web.jpg","datePublished":"2025-07-10T13:01:14+00:00","dateModified":"2025-09-04T12:11:18+00:00","description":"La directora del Igape, Covadonga Toca, presenta los servicios de la Oficina Econ\u00f3mica a los proyectos de la 6\u00aa edici\u00f3n de la Business Factory Aero.","breadcrumb":{"@id":"https:\/\/oficinaeconomicagalicia.xunta.gal\/a-xunta-reforza-o-seu-apoio-ao-emprendemento-aeroespacial-galego-con-novas-canles-de-colaboracion-directa\/#breadcrumb"},"inLanguage":"es","potentialAction":[{"@type":"ReadAction","target":["https:\/\/oficinaeconomicagalicia.xunta.gal\/a-xunta-reforza-o-seu-apoio-ao-emprendemento-aeroespacial-galego-con-novas-canles-de-colaboracion-directa\/"]}]},{"@type":"ImageObject","inLanguage":"es","@id":"https:\/\/oficinaeconomicagalicia.xunta.gal\/a-xunta-reforza-o-seu-apoio-ao-emprendemento-aeroespacial-galego-con-novas-canles-de-colaboracion-directa\/#primaryimage","url":"https:\/\/oficinaeconomicagalicia.xunta.gal\/wp-content\/uploads\/2025\/07\/20250710-IgapeXornadaBFAero_2_Web.jpg","contentUrl":"https:\/\/oficinaeconomicagalicia.xunta.gal\/wp-content\/uploads\/2025\/07\/20250710-IgapeXornadaBFAero_2_Web.jpg","width":900,"height":515},{"@type":"BreadcrumbList","@id":"https:\/\/oficinaeconomicagalicia.xunta.gal\/a-xunta-reforza-o-seu-apoio-ao-emprendemento-aeroespacial-galego-con-novas-canles-de-colaboracion-directa\/#breadcrumb","itemListElement":[{"@type":"ListItem","position":1,"name":"Inicio","item":"https:\/\/oficinaeconomicagalicia.xunta.gal\/"},{"@type":"ListItem","position":2,"name":"La Xunta refuerza su apoyo al emprendimiento aeroespacial gallego con nuevos canales de colaboraci\u00f3n directa"}]},{"@type":"WebSite","@id":"https:\/\/oficinaeconomicagalicia.xunta.gal\/#website","url":"https:\/\/oficinaeconomicagalicia.xunta.gal\/","name":"Oficina Econ\u00f3mica de Galicia","description":"Convertir calquera tr\u00e1mite nun mero tr\u00e1mite","publisher":{"@id":"https:\/\/oficinaeconomicagalicia.xunta.gal\/#organization"},"potentialAction":[{"@type":"SearchAction","target":{"@type":"EntryPoint","urlTemplate":"https:\/\/oficinaeconomicagalicia.xunta.gal\/?s={search_term_string}"},"query-input":{"@type":"PropertyValueSpecification","valueRequired":true,"valueName":"search_term_string"}}],"inLanguage":"es"},{"@type":"Organization","@id":"https:\/\/oficinaeconomicagalicia.xunta.gal\/#organization","name":"Oficina Econ\u00f3mica de Galicia","alternateName":"OEG","url":"https:\/\/oficinaeconomicagalicia.xunta.gal\/","logo":{"@type":"ImageObject","inLanguage":"es","@id":"https:\/\/oficinaeconomicagalicia.xunta.gal\/#\/schema\/logo\/image\/","url":"https:\/\/oficinaeconomicagalicia.xunta.gal\/wp-content\/uploads\/2023\/04\/xunta.svg","contentUrl":"https:\/\/oficinaeconomicagalicia.xunta.gal\/wp-content\/uploads\/2023\/04\/xunta.svg","width":5952.76,"height":1700.79,"caption":"Oficina Econ\u00f3mica de Galicia"},"image":{"@id":"https:\/\/oficinaeconomicagalicia.xunta.gal\/#\/schema\/logo\/image\/"},"sameAs":["https:\/\/www.facebook.com\/OficinaEconomicadeGalicia\/","https:\/\/www.linkedin.com\/company\/oficina-economica-de-galicia\/"]},{"@type":"Person","@id":"https:\/\/oficinaeconomicagalicia.xunta.gal\/#\/schema\/person\/4b919f684a33a00a0462301f82898687","name":"Adm-Of-Eco","image":{"@type":"ImageObject","inLanguage":"es","@id":"https:\/\/secure.gravatar.com\/avatar\/822d9b5d44712904254790eea11ee749fdd737058bfbfaadfa58d3ed306af81d?s=96&d=mm&r=g","url":"https:\/\/secure.gravatar.com\/avatar\/822d9b5d44712904254790eea11ee749fdd737058bfbfaadfa58d3ed306af81d?s=96&d=mm&r=g","contentUrl":"https:\/\/secure.gravatar.com\/avatar\/822d9b5d44712904254790eea11ee749fdd737058bfbfaadfa58d3ed306af81d?s=96&d=mm&r=g","caption":"Adm-Of-Eco"},"url":"https:\/\/oficinaeconomicagalicia.xunta.gal\/es\/author\/adm-of-eco\/"}]}},"_links":{"self":[{"href":"https:\/\/oficinaeconomicagalicia.xunta.gal\/es\/wp-json\/wp\/v2\/posts\/15715","targetHints":{"allow":["GET"]}}],"collection":[{"href":"https:\/\/oficinaeconomicagalicia.xunta.gal\/es\/wp-json\/wp\/v2\/posts"}],"about":[{"href":"https:\/\/oficinaeconomicagalicia.xunta.gal\/es\/wp-json\/wp\/v2\/types\/post"}],"author":[{"embeddable":true,"href":"https:\/\/oficinaeconomicagalicia.xunta.gal\/es\/wp-json\/wp\/v2\/users\/3"}],"replies":[{"embeddable":true,"href":"https:\/\/oficinaeconomicagalicia.xunta.gal\/es\/wp-json\/wp\/v2\/comments?post=15715"}],"version-history":[{"count":1,"href":"https:\/\/oficinaeconomicagalicia.xunta.gal\/es\/wp-json\/wp\/v2\/posts\/15715\/revisions"}],"predecessor-version":[{"id":16540,"href":"https:\/\/oficinaeconomicagalicia.xunta.gal\/es\/wp-json\/wp\/v2\/posts\/15715\/revisions\/16540"}],"wp:featuredmedia":[{"embeddable":true,"href":"https:\/\/oficinaeconomicagalicia.xunta.gal\/es\/wp-json\/wp\/v2\/media\/15710"}],"wp:attachment":[{"href":"https:\/\/oficinaeconomicagalicia.xunta.gal\/es\/wp-json\/wp\/v2\/media?parent=15715"}],"wp:term":[{"taxonomy":"category","embeddable":true,"href":"https:\/\/oficinaeconomicagalicia.xunta.gal\/es\/wp-json\/wp\/v2\/categories?post=15715"},{"taxonomy":"post_tag","embeddable":true,"href":"https:\/\/oficinaeconomicagalicia.xunta.gal\/es\/wp-json\/wp\/v2\/tags?post=15715"}],"curies":[{"name":"wp","href":"https:\/\/api.w.org\/{rel}","templated":true}]}}