{"id":16528,"date":"2025-09-08T09:00:31","date_gmt":"2025-09-08T07:00:31","guid":{"rendered":"https:\/\/oficinaeconomicagalicia.xunta.gal\/?p=16528"},"modified":"2025-09-08T09:00:31","modified_gmt":"2025-09-08T07:00:31","slug":"la-importancia-de-elegir-las-redes-sociales-adecuadas-para-tu-empresa","status":"publish","type":"post","link":"https:\/\/oficinaeconomicagalicia.xunta.gal\/es\/la-importancia-de-elegir-las-redes-sociales-adecuadas-para-tu-empresa\/","title":{"rendered":"La importancia de elegir las redes sociales adecuadas para tu empresa"},"content":{"rendered":"<p>En la era digital, las redes sociales se han convertido en herramientas imprescindibles para la comunicaci\u00f3n, el marketing y la construcci\u00f3n de marca. Sin embargo, muchas empresas cometen el error de querer estar presentes en todas las plataformas, creyendo que as\u00ed aumentar\u00e1n su alcance y visibilidad. En la pr\u00e1ctica, esto supone un uso indebido de tiempo y recursos.<\/p>\n<p>Cada red social tiene su p\u00fablico objetivo, por lo que es fundamental conocer cu\u00e1les son las caracter\u00edsticas de cada una y a qui\u00e9n se dirigen para realmente conectar con los clientes y crear una comunidad s\u00f3lida.<\/p>\n<p>Seg\u00fan Datareportal, existen m\u00e1s de 5.210 millones de usuarios activos de redes sociales, lo que representa casi el 65% de la poblaci\u00f3n mundial. El uso y la preferencia var\u00edan de manera significativa seg\u00fan la edad, por lo que elegir bien el canal es determinante.<\/p>\n<h2><strong>1. Facebook<\/strong><\/h2>\n<p>Aunque muchas veces se piensa que perdi\u00f3 fuerza, Facebook sigue siendo la red social con m\u00e1s usuarios activos en el mundo, superando los 3.070 millones en 2025.<br \/>\nEl p\u00fablico principal se concentra en personas adultas, especialmente entre los 25 y 44 a\u00f1os, aunque tambi\u00e9n mantiene una presencia destacada entre mayores de 45. Esto hace que sea un canal id\u00f3neo para empresas que se dirigen a un p\u00fablico adulto consolidado.<\/p>\n<h3><strong>Ventajas principales:<\/strong><\/h3>\n<ul>\n<li>Segmentaci\u00f3n muy precisa gracias a herramientas como Audience Insights.<\/li>\n<li>Integraci\u00f3n con el ecosistema de META, lo que facilita gestionar campa\u00f1as conjuntas con Instagram y WhatsApp.<\/li>\n<li>Potencia la visibilidad de la marca y crea comunidades estables alrededor de ella.<\/li>\n<\/ul>\n<h2><strong>2. Instagram<\/strong><\/h2>\n<p>Instagram mantiene un crecimiento s\u00f3lido y se consolid\u00f3 como la segunda plataforma m\u00e1s utilizada, con m\u00e1s de 2.500 millones de usuarios en 2025.<br \/>\nEs una red centrada en el contenido visual y resulta especialmente \u00fatil para marcas que quieran mostrar sus productos o servicios de manera atractiva. La mayor parte de su audiencia se sit\u00faa entre los 18 y los 34 a\u00f1os.<\/p>\n<h3><strong>Beneficios clave:<\/strong><\/h3>\n<ul>\n<li>Favorece la construcci\u00f3n de una identidad de marca visual fuerte.<\/li>\n<li>Permite generar tr\u00e1fico desde las publicaciones hacia la p\u00e1gina web.<\/li>\n<li>Es \u00f3ptima para promocionar productos de forma directa y atraer a clientes potenciales a trav\u00e9s de contenido visual.<\/li>\n<\/ul>\n<h2><strong>3. TikTok<\/strong><\/h2>\n<p>TikTok es la red social que experiment\u00f3 el mayor crecimiento en los \u00faltimos a\u00f1os, convirti\u00e9ndose en una de las plataformas con m\u00e1s tiempo de uso por parte de los usuarios.<br \/>\nEn 2025 se consolid\u00f3 como la preferida por las generaciones Z y Alfa, con un formato que favorece la creatividad y la viralidad incluso en cuentas peque\u00f1as. La plataforma cuenta con una base de alrededor de 1.600 millones de usuarios activos.<\/p>\n<h3><strong>Puntos fuertes:<\/strong><\/h3>\n<ul>\n<li>Facilita la creaci\u00f3n de contenido entretenido, original y aut\u00e9ntico.<\/li>\n<li>Su algoritmo potencia el alcance de contenido nuevo y relevante.<\/li>\n<li>Los usuarios responden mejor a marcas que transmiten una imagen pr\u00f3xima y humanizada.<\/li>\n<\/ul>\n<p>No se trata de estar en todas partes, sino de estar donde realmente importa. Elegir las redes sociales adecuadas seg\u00fan tu p\u00fablico es clave para ahorrar tiempo, esfuerzo y dinero, pero sobre todo para conectar de verdad con la gente que quieres atraer.<br \/>\nAnaliza qui\u00e9n es tu p\u00fablico objetivo, c\u00f3mo se comunica, en qu\u00e9 plataformas pasa m\u00e1s tiempo y qu\u00e9 tipo de contenido consume. A partir de ah\u00ed, apuesta por los canales que mejor se adapten a la realidad de tu marca.<br \/>\nPorque una buena estrategia no consiste en estar en todas las redes sociales, sino en destacar en las que mejor encajan con tu empresa.<br \/>\nSi tienes dudas sobre la gesti\u00f3n de las redes sociales de tu negocio, no lo dudes y <a href=\"https:\/\/asesoramento-oficinaeconomica.igape.es\/inquiry\/gl\/stepper\/?axisId=2&amp;scopeId=3\" target=\"_blank\" rel=\"noopener\">solicita el asesoramiento gratuito<\/a> de la Oficina Econ\u00f3mica de Galicia.<\/p>\n","protected":false},"excerpt":{"rendered":"<p>En la era digital, las redes sociales se han convertido en herramientas imprescindibles para la comunicaci\u00f3n, el marketing y la construcci\u00f3n de marca. Sin embargo, muchas empresas cometen el error de querer estar presentes en todas las plataformas, creyendo que as\u00ed aumentar\u00e1n su alcance y visibilidad. En la pr\u00e1ctica, esto supone un uso indebido de [&hellip;]<\/p>\n","protected":false},"author":3,"featured_media":16517,"comment_status":"closed","ping_status":"closed","sticky":false,"template":"","format":"standard","meta":{"inline_featured_image":false,"footnotes":""},"categories":[114,120],"tags":[],"class_list":["post-16528","post","type-post","status-publish","format-standard","has-post-thumbnail","hentry","category-competitividad","category-negocio-es"],"yoast_head":"<!-- This site is optimized with the Yoast SEO plugin v27.5 - https:\/\/yoast.com\/product\/yoast-seo-wordpress\/ -->\n<title>La importancia de elegir las redes sociales adecuadas para tu empresa - Oficina Econ\u00f3mica de Galicia<\/title>\n<meta name=\"description\" content=\"Cada red social tiene su p\u00fablico objetivo, por lo que es fundamental conocer cu\u00e1les son las caracter\u00edsticas de cada una y a qui\u00e9n se dirigen\" \/>\n<meta name=\"robots\" content=\"index, follow, max-snippet:-1, max-image-preview:large, max-video-preview:-1\" \/>\n<link rel=\"canonical\" href=\"https:\/\/oficinaeconomicagalicia.xunta.gal\/a-importancia-de-escoller-as-redes-sociais-adecuadas-para-a-tua-empresa\/\" \/>\n<meta property=\"og:locale\" content=\"es_ES\" \/>\n<meta property=\"og:type\" content=\"article\" \/>\n<meta property=\"og:title\" content=\"La importancia de elegir las redes sociales adecuadas para tu empresa - Oficina Econ\u00f3mica de Galicia\" \/>\n<meta property=\"og:description\" content=\"Cada red social tiene su p\u00fablico objetivo, por lo que es fundamental conocer cu\u00e1les son las caracter\u00edsticas de cada una y a qui\u00e9n se dirigen\" \/>\n<meta property=\"og:url\" content=\"https:\/\/oficinaeconomicagalicia.xunta.gal\/a-importancia-de-escoller-as-redes-sociais-adecuadas-para-a-tua-empresa\/\" \/>\n<meta property=\"og:site_name\" content=\"Oficina Econ\u00f3mica de Galicia\" \/>\n<meta property=\"article:publisher\" content=\"https:\/\/www.facebook.com\/OficinaEconomicadeGalicia\/\" \/>\n<meta property=\"article:published_time\" content=\"2025-09-08T07:00:31+00:00\" \/>\n<meta property=\"og:image\" content=\"https:\/\/oficinaeconomicagalicia.xunta.gal\/wp-content\/uploads\/2025\/09\/2147844554-1.jpg\" \/>\n\t<meta property=\"og:image:width\" content=\"1000\" \/>\n\t<meta property=\"og:image:height\" content=\"667\" \/>\n\t<meta property=\"og:image:type\" content=\"image\/jpeg\" \/>\n<meta name=\"author\" content=\"Adm-Of-Eco\" \/>\n<meta name=\"twitter:card\" content=\"summary_large_image\" \/>\n<meta name=\"twitter:label1\" content=\"Escrito por\" \/>\n\t<meta name=\"twitter:data1\" content=\"Adm-Of-Eco\" \/>\n\t<meta name=\"twitter:label2\" content=\"Tiempo de lectura\" \/>\n\t<meta name=\"twitter:data2\" content=\"3 minutos\" \/>\n<script type=\"application\/ld+json\" class=\"yoast-schema-graph\">{\"@context\":\"https:\\\/\\\/schema.org\",\"@graph\":[{\"@type\":\"Article\",\"@id\":\"https:\\\/\\\/oficinaeconomicagalicia.xunta.gal\\\/a-importancia-de-escoller-as-redes-sociais-adecuadas-para-a-tua-empresa\\\/#article\",\"isPartOf\":{\"@id\":\"https:\\\/\\\/oficinaeconomicagalicia.xunta.gal\\\/a-importancia-de-escoller-as-redes-sociais-adecuadas-para-a-tua-empresa\\\/\"},\"author\":{\"name\":\"Adm-Of-Eco\",\"@id\":\"https:\\\/\\\/oficinaeconomicagalicia.xunta.gal\\\/#\\\/schema\\\/person\\\/4b919f684a33a00a0462301f82898687\"},\"headline\":\"La importancia de elegir las redes sociales adecuadas para tu empresa\",\"datePublished\":\"2025-09-08T07:00:31+00:00\",\"mainEntityOfPage\":{\"@id\":\"https:\\\/\\\/oficinaeconomicagalicia.xunta.gal\\\/a-importancia-de-escoller-as-redes-sociais-adecuadas-para-a-tua-empresa\\\/\"},\"wordCount\":635,\"publisher\":{\"@id\":\"https:\\\/\\\/oficinaeconomicagalicia.xunta.gal\\\/#organization\"},\"image\":{\"@id\":\"https:\\\/\\\/oficinaeconomicagalicia.xunta.gal\\\/a-importancia-de-escoller-as-redes-sociais-adecuadas-para-a-tua-empresa\\\/#primaryimage\"},\"thumbnailUrl\":\"https:\\\/\\\/oficinaeconomicagalicia.xunta.gal\\\/wp-content\\\/uploads\\\/2025\\\/09\\\/2147844554-1.jpg\",\"articleSection\":[\"Competitividad\",\"Negocio\"],\"inLanguage\":\"es\"},{\"@type\":\"WebPage\",\"@id\":\"https:\\\/\\\/oficinaeconomicagalicia.xunta.gal\\\/a-importancia-de-escoller-as-redes-sociais-adecuadas-para-a-tua-empresa\\\/\",\"url\":\"https:\\\/\\\/oficinaeconomicagalicia.xunta.gal\\\/a-importancia-de-escoller-as-redes-sociais-adecuadas-para-a-tua-empresa\\\/\",\"name\":\"La importancia de elegir las redes sociales adecuadas para tu empresa - Oficina Econ\u00f3mica de Galicia\",\"isPartOf\":{\"@id\":\"https:\\\/\\\/oficinaeconomicagalicia.xunta.gal\\\/#website\"},\"primaryImageOfPage\":{\"@id\":\"https:\\\/\\\/oficinaeconomicagalicia.xunta.gal\\\/a-importancia-de-escoller-as-redes-sociais-adecuadas-para-a-tua-empresa\\\/#primaryimage\"},\"image\":{\"@id\":\"https:\\\/\\\/oficinaeconomicagalicia.xunta.gal\\\/a-importancia-de-escoller-as-redes-sociais-adecuadas-para-a-tua-empresa\\\/#primaryimage\"},\"thumbnailUrl\":\"https:\\\/\\\/oficinaeconomicagalicia.xunta.gal\\\/wp-content\\\/uploads\\\/2025\\\/09\\\/2147844554-1.jpg\",\"datePublished\":\"2025-09-08T07:00:31+00:00\",\"description\":\"Cada red social tiene su p\u00fablico objetivo, por lo que es fundamental conocer cu\u00e1les son las caracter\u00edsticas de cada una y a qui\u00e9n se dirigen\",\"breadcrumb\":{\"@id\":\"https:\\\/\\\/oficinaeconomicagalicia.xunta.gal\\\/a-importancia-de-escoller-as-redes-sociais-adecuadas-para-a-tua-empresa\\\/#breadcrumb\"},\"inLanguage\":\"es\",\"potentialAction\":[{\"@type\":\"ReadAction\",\"target\":[\"https:\\\/\\\/oficinaeconomicagalicia.xunta.gal\\\/a-importancia-de-escoller-as-redes-sociais-adecuadas-para-a-tua-empresa\\\/\"]}]},{\"@type\":\"ImageObject\",\"inLanguage\":\"es\",\"@id\":\"https:\\\/\\\/oficinaeconomicagalicia.xunta.gal\\\/a-importancia-de-escoller-as-redes-sociais-adecuadas-para-a-tua-empresa\\\/#primaryimage\",\"url\":\"https:\\\/\\\/oficinaeconomicagalicia.xunta.gal\\\/wp-content\\\/uploads\\\/2025\\\/09\\\/2147844554-1.jpg\",\"contentUrl\":\"https:\\\/\\\/oficinaeconomicagalicia.xunta.gal\\\/wp-content\\\/uploads\\\/2025\\\/09\\\/2147844554-1.jpg\",\"width\":1000,\"height\":667},{\"@type\":\"BreadcrumbList\",\"@id\":\"https:\\\/\\\/oficinaeconomicagalicia.xunta.gal\\\/a-importancia-de-escoller-as-redes-sociais-adecuadas-para-a-tua-empresa\\\/#breadcrumb\",\"itemListElement\":[{\"@type\":\"ListItem\",\"position\":1,\"name\":\"Inicio\",\"item\":\"https:\\\/\\\/oficinaeconomicagalicia.xunta.gal\\\/\"},{\"@type\":\"ListItem\",\"position\":2,\"name\":\"La importancia de elegir las redes sociales adecuadas para tu empresa\"}]},{\"@type\":\"WebSite\",\"@id\":\"https:\\\/\\\/oficinaeconomicagalicia.xunta.gal\\\/#website\",\"url\":\"https:\\\/\\\/oficinaeconomicagalicia.xunta.gal\\\/\",\"name\":\"Oficina Econ\u00f3mica de Galicia\",\"description\":\"Convertir calquera tr\u00e1mite nun mero tr\u00e1mite\",\"publisher\":{\"@id\":\"https:\\\/\\\/oficinaeconomicagalicia.xunta.gal\\\/#organization\"},\"potentialAction\":[{\"@type\":\"SearchAction\",\"target\":{\"@type\":\"EntryPoint\",\"urlTemplate\":\"https:\\\/\\\/oficinaeconomicagalicia.xunta.gal\\\/?s={search_term_string}\"},\"query-input\":{\"@type\":\"PropertyValueSpecification\",\"valueRequired\":true,\"valueName\":\"search_term_string\"}}],\"inLanguage\":\"es\"},{\"@type\":\"Organization\",\"@id\":\"https:\\\/\\\/oficinaeconomicagalicia.xunta.gal\\\/#organization\",\"name\":\"Oficina Econ\u00f3mica de Galicia\",\"alternateName\":\"OEG\",\"url\":\"https:\\\/\\\/oficinaeconomicagalicia.xunta.gal\\\/\",\"logo\":{\"@type\":\"ImageObject\",\"inLanguage\":\"es\",\"@id\":\"https:\\\/\\\/oficinaeconomicagalicia.xunta.gal\\\/#\\\/schema\\\/logo\\\/image\\\/\",\"url\":\"https:\\\/\\\/oficinaeconomicagalicia.xunta.gal\\\/wp-content\\\/uploads\\\/2023\\\/04\\\/xunta.svg\",\"contentUrl\":\"https:\\\/\\\/oficinaeconomicagalicia.xunta.gal\\\/wp-content\\\/uploads\\\/2023\\\/04\\\/xunta.svg\",\"width\":5952.76,\"height\":1700.79,\"caption\":\"Oficina Econ\u00f3mica de Galicia\"},\"image\":{\"@id\":\"https:\\\/\\\/oficinaeconomicagalicia.xunta.gal\\\/#\\\/schema\\\/logo\\\/image\\\/\"},\"sameAs\":[\"https:\\\/\\\/www.facebook.com\\\/OficinaEconomicadeGalicia\\\/\",\"https:\\\/\\\/www.linkedin.com\\\/company\\\/oficina-economica-de-galicia\\\/\"]},{\"@type\":\"Person\",\"@id\":\"https:\\\/\\\/oficinaeconomicagalicia.xunta.gal\\\/#\\\/schema\\\/person\\\/4b919f684a33a00a0462301f82898687\",\"name\":\"Adm-Of-Eco\",\"image\":{\"@type\":\"ImageObject\",\"inLanguage\":\"es\",\"@id\":\"https:\\\/\\\/secure.gravatar.com\\\/avatar\\\/822d9b5d44712904254790eea11ee749fdd737058bfbfaadfa58d3ed306af81d?s=96&d=mm&r=g\",\"url\":\"https:\\\/\\\/secure.gravatar.com\\\/avatar\\\/822d9b5d44712904254790eea11ee749fdd737058bfbfaadfa58d3ed306af81d?s=96&d=mm&r=g\",\"contentUrl\":\"https:\\\/\\\/secure.gravatar.com\\\/avatar\\\/822d9b5d44712904254790eea11ee749fdd737058bfbfaadfa58d3ed306af81d?s=96&d=mm&r=g\",\"caption\":\"Adm-Of-Eco\"},\"url\":\"https:\\\/\\\/oficinaeconomicagalicia.xunta.gal\\\/es\\\/author\\\/adm-of-eco\\\/\"}]}<\/script>\n<!-- \/ Yoast SEO plugin. -->","yoast_head_json":{"title":"La importancia de elegir las redes sociales adecuadas para tu empresa - Oficina Econ\u00f3mica de Galicia","description":"Cada red social tiene su p\u00fablico objetivo, por lo que es fundamental conocer cu\u00e1les son las caracter\u00edsticas de cada una y a qui\u00e9n se dirigen","robots":{"index":"index","follow":"follow","max-snippet":"max-snippet:-1","max-image-preview":"max-image-preview:large","max-video-preview":"max-video-preview:-1"},"canonical":"https:\/\/oficinaeconomicagalicia.xunta.gal\/a-importancia-de-escoller-as-redes-sociais-adecuadas-para-a-tua-empresa\/","og_locale":"es_ES","og_type":"article","og_title":"La importancia de elegir las redes sociales adecuadas para tu empresa - Oficina Econ\u00f3mica de Galicia","og_description":"Cada red social tiene su p\u00fablico objetivo, por lo que es fundamental conocer cu\u00e1les son las caracter\u00edsticas de cada una y a qui\u00e9n se dirigen","og_url":"https:\/\/oficinaeconomicagalicia.xunta.gal\/a-importancia-de-escoller-as-redes-sociais-adecuadas-para-a-tua-empresa\/","og_site_name":"Oficina Econ\u00f3mica de Galicia","article_publisher":"https:\/\/www.facebook.com\/OficinaEconomicadeGalicia\/","article_published_time":"2025-09-08T07:00:31+00:00","og_image":[{"width":1000,"height":667,"url":"https:\/\/oficinaeconomicagalicia.xunta.gal\/wp-content\/uploads\/2025\/09\/2147844554-1.jpg","type":"image\/jpeg"}],"author":"Adm-Of-Eco","twitter_card":"summary_large_image","twitter_misc":{"Escrito por":"Adm-Of-Eco","Tiempo de lectura":"3 minutos"},"schema":{"@context":"https:\/\/schema.org","@graph":[{"@type":"Article","@id":"https:\/\/oficinaeconomicagalicia.xunta.gal\/a-importancia-de-escoller-as-redes-sociais-adecuadas-para-a-tua-empresa\/#article","isPartOf":{"@id":"https:\/\/oficinaeconomicagalicia.xunta.gal\/a-importancia-de-escoller-as-redes-sociais-adecuadas-para-a-tua-empresa\/"},"author":{"name":"Adm-Of-Eco","@id":"https:\/\/oficinaeconomicagalicia.xunta.gal\/#\/schema\/person\/4b919f684a33a00a0462301f82898687"},"headline":"La importancia de elegir las redes sociales adecuadas para tu empresa","datePublished":"2025-09-08T07:00:31+00:00","mainEntityOfPage":{"@id":"https:\/\/oficinaeconomicagalicia.xunta.gal\/a-importancia-de-escoller-as-redes-sociais-adecuadas-para-a-tua-empresa\/"},"wordCount":635,"publisher":{"@id":"https:\/\/oficinaeconomicagalicia.xunta.gal\/#organization"},"image":{"@id":"https:\/\/oficinaeconomicagalicia.xunta.gal\/a-importancia-de-escoller-as-redes-sociais-adecuadas-para-a-tua-empresa\/#primaryimage"},"thumbnailUrl":"https:\/\/oficinaeconomicagalicia.xunta.gal\/wp-content\/uploads\/2025\/09\/2147844554-1.jpg","articleSection":["Competitividad","Negocio"],"inLanguage":"es"},{"@type":"WebPage","@id":"https:\/\/oficinaeconomicagalicia.xunta.gal\/a-importancia-de-escoller-as-redes-sociais-adecuadas-para-a-tua-empresa\/","url":"https:\/\/oficinaeconomicagalicia.xunta.gal\/a-importancia-de-escoller-as-redes-sociais-adecuadas-para-a-tua-empresa\/","name":"La importancia de elegir las redes sociales adecuadas para tu empresa - Oficina Econ\u00f3mica de Galicia","isPartOf":{"@id":"https:\/\/oficinaeconomicagalicia.xunta.gal\/#website"},"primaryImageOfPage":{"@id":"https:\/\/oficinaeconomicagalicia.xunta.gal\/a-importancia-de-escoller-as-redes-sociais-adecuadas-para-a-tua-empresa\/#primaryimage"},"image":{"@id":"https:\/\/oficinaeconomicagalicia.xunta.gal\/a-importancia-de-escoller-as-redes-sociais-adecuadas-para-a-tua-empresa\/#primaryimage"},"thumbnailUrl":"https:\/\/oficinaeconomicagalicia.xunta.gal\/wp-content\/uploads\/2025\/09\/2147844554-1.jpg","datePublished":"2025-09-08T07:00:31+00:00","description":"Cada red social tiene su p\u00fablico objetivo, por lo que es fundamental conocer cu\u00e1les son las caracter\u00edsticas de cada una y a qui\u00e9n se dirigen","breadcrumb":{"@id":"https:\/\/oficinaeconomicagalicia.xunta.gal\/a-importancia-de-escoller-as-redes-sociais-adecuadas-para-a-tua-empresa\/#breadcrumb"},"inLanguage":"es","potentialAction":[{"@type":"ReadAction","target":["https:\/\/oficinaeconomicagalicia.xunta.gal\/a-importancia-de-escoller-as-redes-sociais-adecuadas-para-a-tua-empresa\/"]}]},{"@type":"ImageObject","inLanguage":"es","@id":"https:\/\/oficinaeconomicagalicia.xunta.gal\/a-importancia-de-escoller-as-redes-sociais-adecuadas-para-a-tua-empresa\/#primaryimage","url":"https:\/\/oficinaeconomicagalicia.xunta.gal\/wp-content\/uploads\/2025\/09\/2147844554-1.jpg","contentUrl":"https:\/\/oficinaeconomicagalicia.xunta.gal\/wp-content\/uploads\/2025\/09\/2147844554-1.jpg","width":1000,"height":667},{"@type":"BreadcrumbList","@id":"https:\/\/oficinaeconomicagalicia.xunta.gal\/a-importancia-de-escoller-as-redes-sociais-adecuadas-para-a-tua-empresa\/#breadcrumb","itemListElement":[{"@type":"ListItem","position":1,"name":"Inicio","item":"https:\/\/oficinaeconomicagalicia.xunta.gal\/"},{"@type":"ListItem","position":2,"name":"La importancia de elegir las redes sociales adecuadas para tu empresa"}]},{"@type":"WebSite","@id":"https:\/\/oficinaeconomicagalicia.xunta.gal\/#website","url":"https:\/\/oficinaeconomicagalicia.xunta.gal\/","name":"Oficina Econ\u00f3mica de Galicia","description":"Convertir calquera tr\u00e1mite nun mero tr\u00e1mite","publisher":{"@id":"https:\/\/oficinaeconomicagalicia.xunta.gal\/#organization"},"potentialAction":[{"@type":"SearchAction","target":{"@type":"EntryPoint","urlTemplate":"https:\/\/oficinaeconomicagalicia.xunta.gal\/?s={search_term_string}"},"query-input":{"@type":"PropertyValueSpecification","valueRequired":true,"valueName":"search_term_string"}}],"inLanguage":"es"},{"@type":"Organization","@id":"https:\/\/oficinaeconomicagalicia.xunta.gal\/#organization","name":"Oficina Econ\u00f3mica de Galicia","alternateName":"OEG","url":"https:\/\/oficinaeconomicagalicia.xunta.gal\/","logo":{"@type":"ImageObject","inLanguage":"es","@id":"https:\/\/oficinaeconomicagalicia.xunta.gal\/#\/schema\/logo\/image\/","url":"https:\/\/oficinaeconomicagalicia.xunta.gal\/wp-content\/uploads\/2023\/04\/xunta.svg","contentUrl":"https:\/\/oficinaeconomicagalicia.xunta.gal\/wp-content\/uploads\/2023\/04\/xunta.svg","width":5952.76,"height":1700.79,"caption":"Oficina Econ\u00f3mica de Galicia"},"image":{"@id":"https:\/\/oficinaeconomicagalicia.xunta.gal\/#\/schema\/logo\/image\/"},"sameAs":["https:\/\/www.facebook.com\/OficinaEconomicadeGalicia\/","https:\/\/www.linkedin.com\/company\/oficina-economica-de-galicia\/"]},{"@type":"Person","@id":"https:\/\/oficinaeconomicagalicia.xunta.gal\/#\/schema\/person\/4b919f684a33a00a0462301f82898687","name":"Adm-Of-Eco","image":{"@type":"ImageObject","inLanguage":"es","@id":"https:\/\/secure.gravatar.com\/avatar\/822d9b5d44712904254790eea11ee749fdd737058bfbfaadfa58d3ed306af81d?s=96&d=mm&r=g","url":"https:\/\/secure.gravatar.com\/avatar\/822d9b5d44712904254790eea11ee749fdd737058bfbfaadfa58d3ed306af81d?s=96&d=mm&r=g","contentUrl":"https:\/\/secure.gravatar.com\/avatar\/822d9b5d44712904254790eea11ee749fdd737058bfbfaadfa58d3ed306af81d?s=96&d=mm&r=g","caption":"Adm-Of-Eco"},"url":"https:\/\/oficinaeconomicagalicia.xunta.gal\/es\/author\/adm-of-eco\/"}]}},"_links":{"self":[{"href":"https:\/\/oficinaeconomicagalicia.xunta.gal\/es\/wp-json\/wp\/v2\/posts\/16528","targetHints":{"allow":["GET"]}}],"collection":[{"href":"https:\/\/oficinaeconomicagalicia.xunta.gal\/es\/wp-json\/wp\/v2\/posts"}],"about":[{"href":"https:\/\/oficinaeconomicagalicia.xunta.gal\/es\/wp-json\/wp\/v2\/types\/post"}],"author":[{"embeddable":true,"href":"https:\/\/oficinaeconomicagalicia.xunta.gal\/es\/wp-json\/wp\/v2\/users\/3"}],"replies":[{"embeddable":true,"href":"https:\/\/oficinaeconomicagalicia.xunta.gal\/es\/wp-json\/wp\/v2\/comments?post=16528"}],"version-history":[{"count":1,"href":"https:\/\/oficinaeconomicagalicia.xunta.gal\/es\/wp-json\/wp\/v2\/posts\/16528\/revisions"}],"predecessor-version":[{"id":16566,"href":"https:\/\/oficinaeconomicagalicia.xunta.gal\/es\/wp-json\/wp\/v2\/posts\/16528\/revisions\/16566"}],"wp:featuredmedia":[{"embeddable":true,"href":"https:\/\/oficinaeconomicagalicia.xunta.gal\/es\/wp-json\/wp\/v2\/media\/16517"}],"wp:attachment":[{"href":"https:\/\/oficinaeconomicagalicia.xunta.gal\/es\/wp-json\/wp\/v2\/media?parent=16528"}],"wp:term":[{"taxonomy":"category","embeddable":true,"href":"https:\/\/oficinaeconomicagalicia.xunta.gal\/es\/wp-json\/wp\/v2\/categories?post=16528"},{"taxonomy":"post_tag","embeddable":true,"href":"https:\/\/oficinaeconomicagalicia.xunta.gal\/es\/wp-json\/wp\/v2\/tags?post=16528"}],"curies":[{"name":"wp","href":"https:\/\/api.w.org\/{rel}","templated":true}]}}