{"id":22171,"date":"2026-08-31T17:07:17","date_gmt":"2026-08-31T15:07:17","guid":{"rendered":"https:\/\/oficinaeconomicagalicia.xunta.gal\/lorenzana-convida-a-thune-eureka-a-sumarse-a-iniciativa-estratexica-de-seguridade-defensa-e-aeroespazo\/"},"modified":"2026-09-01T09:13:22","modified_gmt":"2026-09-01T07:13:22","slug":"lorenzana-convida-a-thune-eureka-a-sumarse-a-iniciativa-estratexica-de-seguridade-defensa-e-aeroespazo","status":"publish","type":"post","link":"https:\/\/oficinaeconomicagalicia.xunta.gal\/es\/lorenzana-convida-a-thune-eureka-a-sumarse-a-iniciativa-estratexica-de-seguridade-defensa-e-aeroespazo\/","title":{"rendered":"Lorenzana invita a Thune Eureka a sumarse a la iniciativa estrat\u00e9gica de seguridad, defensa y aeroespacio"},"content":{"rendered":"<div class=\"contedor__ext__entradilla col-sm-12 texto-tam-sm texto-color-xunta-primario mb-3\">\n<ul>\n<li>Le ofrece participar en la convocatoria de los acuerdos de asociaci\u00f3n; \u00abel instrumento m\u00e1s potente que tiene la estrategia\u00bb, dice, con un presupuesto de 40 M\u20ac<\/li>\n<li>Apunta que Thune Eureka ya fue beneficiaria de la l\u00ednea de apoyos que tambi\u00e9n recoge la Iesda para certificaciones<\/li>\n<li>Considera la compa\u00f1\u00eda \u00abuna muestra m\u00e1s de esas empresas familiares que, desde Galicia, son quien de llegar a todo el mundo\u00bb<\/li>\n<\/ul>\n<\/div>\n<p><strong>Vilagarc\u00eda de Arousa (Pontevedra), 31 de agosto de 2026<\/strong><\/p>\n<p>La conselleira de Econom\u00eda e Industria, Mar\u00eda Jes\u00fas Lorenzana, invit\u00f3 hoy a Thune Eureka a sumarse a la Iniciativa Estrat\u00e9gica de Seguridad, Defensa y Aeroespacio (Iesda) que, en este momento, tiene abierta con un presupuesto de 40 millones de euros la convocatoria de los acuerdos de asociaci\u00f3n, para conformar consorcios empresariales que desarrollen y fabriquen en Galicia productos o servicios en este \u00e1mbito.<\/p>\n<p>\u00abEstamos trabajando con las empresas gallegas que tienen capacidad para incorporarse a este sector\u00bb, explic\u00f3 Lorenzana en una visita a las instalaciones de esta compa\u00f1\u00eda para estudiar las posibilidades de que participe en esta convocatoria; \u00abel instrumento m\u00e1s potente que tiene la estrategia\u00bb, dijo, con el plazo abierto hasta el pr\u00f3ximo 30 de septiembre.<\/p>\n<p>La conselleira apunt\u00f3 que Thune Eureka ya fue beneficiaria de la l\u00ednea de apoyos que tambi\u00e9n recoge la Iesda para certificaciones, que cont\u00f3 con un presupuesto de 1,5 millones de euros. Con ella, fue suficiente, la Xunta busca \u00abapoyar el empresariado gallego para que, poco a poco, vaya entrando en este mundo, a veces, complicado para las empresas del \u00e1mbito civil\u00bb.<\/p>\n<p>Con m\u00e1s de 50 a\u00f1os de historia, Thune Eureka est\u00e1 especializada en la fabricaci\u00f3n de equipos y componentes para diversos sectores como el de la construcci\u00f3n naval, el offshore, la industria frigor\u00edfica o el sector de la defensa, entre otros. Es, dijo Lorenzana, \u00abuna muestra m\u00e1s de esas empresas familiares que, desde Galicia, son quien de llegar a todo el mundo\u00bb.<\/p>\n","protected":false},"excerpt":{"rendered":"<p>Le ofrece participar en la convocatoria de los acuerdos de asociaci\u00f3n; \u00abel instrumento m\u00e1s potente que tiene la estrategia\u00bb, dice, con un presupuesto de 40 M\u20ac Apunta que Thune Eureka ya fue beneficiaria de la l\u00ednea de apoyos que tambi\u00e9n recoge la Iesda para certificaciones Considera la compa\u00f1\u00eda \u00abuna muestra m\u00e1s de esas empresas familiares [&hellip;]<\/p>\n","protected":false},"author":3,"featured_media":22168,"comment_status":"closed","ping_status":"closed","sticky":false,"template":"","format":"standard","meta":{"footnotes":""},"categories":[36],"tags":[],"class_list":["post-22171","post","type-post","status-publish","format-standard","has-post-thumbnail","hentry","category-sin-categorizar"],"yoast_head":"<!-- This site is optimized with the Yoast SEO plugin v28.3 - https:\/\/yoast.com\/product\/yoast-seo-wordpress\/ -->\n<title>Lorenzana invita a Thune Eureka a sumarse a la iniciativa estrat\u00e9gica de seguridad, defensa y aeroespacio - Oficina Econ\u00f3mica de Galicia<\/title>\n<meta name=\"description\" content=\"Le ofrece participar en la convocatoria de los acuerdos de asociaci\u00f3n; &quot;el instrumento m\u00e1s potente que tiene la estrategia&quot;, dice, con un presupuesto de 40 M\u20ac.\" \/>\n<meta name=\"robots\" content=\"index, follow, max-snippet:-1, max-image-preview:large, max-video-preview:-1\" \/>\n<link rel=\"canonical\" href=\"https:\/\/oficinaeconomicagalicia.xunta.gal\/es\/lorenzana-convida-a-thune-eureka-a-sumarse-a-iniciativa-estratexica-de-seguridade-defensa-e-aeroespazo\/\" \/>\n<meta property=\"og:locale\" content=\"es_ES\" \/>\n<meta property=\"og:type\" content=\"article\" \/>\n<meta property=\"og:title\" content=\"Lorenzana invita a Thune Eureka a sumarse a la iniciativa estrat\u00e9gica de seguridad, defensa y aeroespacio - Oficina Econ\u00f3mica de Galicia\" \/>\n<meta property=\"og:description\" content=\"Le ofrece participar en la convocatoria de los acuerdos de asociaci\u00f3n; &quot;el instrumento m\u00e1s potente que tiene la estrategia&quot;, dice, con un presupuesto de 40 M\u20ac.\" \/>\n<meta property=\"og:url\" content=\"https:\/\/oficinaeconomicagalicia.xunta.gal\/es\/lorenzana-convida-a-thune-eureka-a-sumarse-a-iniciativa-estratexica-de-seguridade-defensa-e-aeroespazo\/\" \/>\n<meta property=\"og:site_name\" content=\"Oficina Econ\u00f3mica de Galicia\" \/>\n<meta property=\"article:publisher\" content=\"https:\/\/www.facebook.com\/OficinaEconomicadeGalicia\/\" \/>\n<meta property=\"article:published_time\" content=\"2026-08-31T15:07:17+00:00\" \/>\n<meta property=\"article:modified_time\" content=\"2026-09-01T07:13:22+00:00\" \/>\n<meta property=\"og:image\" content=\"https:\/\/oficinaeconomicagalicia.xunta.gal\/wp-content\/uploads\/2026\/09\/31082026-LorenzanaThuneEureka5_web.webp\" \/>\n\t<meta property=\"og:image:width\" content=\"900\" \/>\n\t<meta property=\"og:image:height\" content=\"515\" \/>\n\t<meta property=\"og:image:type\" content=\"image\/webp\" \/>\n<meta name=\"author\" content=\"Adm-Of-Eco\" \/>\n<meta name=\"twitter:card\" content=\"summary_large_image\" \/>\n<meta name=\"twitter:label1\" content=\"Escrito por\" \/>\n\t<meta name=\"twitter:data1\" content=\"Adm-Of-Eco\" \/>\n\t<meta name=\"twitter:label2\" content=\"Tiempo de lectura\" \/>\n\t<meta name=\"twitter:data2\" content=\"2 minutos\" \/>\n<script type=\"application\/ld+json\" class=\"yoast-schema-graph\">{\"@context\":\"https:\\\/\\\/schema.org\",\"@graph\":[{\"@type\":\"Article\",\"@id\":\"https:\\\/\\\/oficinaeconomicagalicia.xunta.gal\\\/es\\\/lorenzana-convida-a-thune-eureka-a-sumarse-a-iniciativa-estratexica-de-seguridade-defensa-e-aeroespazo\\\/#article\",\"isPartOf\":{\"@id\":\"https:\\\/\\\/oficinaeconomicagalicia.xunta.gal\\\/es\\\/lorenzana-convida-a-thune-eureka-a-sumarse-a-iniciativa-estratexica-de-seguridade-defensa-e-aeroespazo\\\/\"},\"author\":{\"name\":\"Adm-Of-Eco\",\"@id\":\"https:\\\/\\\/oficinaeconomicagalicia.xunta.gal\\\/#\\\/schema\\\/person\\\/4b919f684a33a00a0462301f82898687\"},\"headline\":\"Lorenzana invita a Thune Eureka a sumarse a la iniciativa estrat\u00e9gica de seguridad, defensa y aeroespacio\",\"datePublished\":\"2026-08-31T15:07:17+00:00\",\"dateModified\":\"2026-09-01T07:13:22+00:00\",\"mainEntityOfPage\":{\"@id\":\"https:\\\/\\\/oficinaeconomicagalicia.xunta.gal\\\/es\\\/lorenzana-convida-a-thune-eureka-a-sumarse-a-iniciativa-estratexica-de-seguridade-defensa-e-aeroespazo\\\/\"},\"wordCount\":347,\"publisher\":{\"@id\":\"https:\\\/\\\/oficinaeconomicagalicia.xunta.gal\\\/#organization\"},\"image\":{\"@id\":\"https:\\\/\\\/oficinaeconomicagalicia.xunta.gal\\\/es\\\/lorenzana-convida-a-thune-eureka-a-sumarse-a-iniciativa-estratexica-de-seguridade-defensa-e-aeroespazo\\\/#primaryimage\"},\"thumbnailUrl\":\"https:\\\/\\\/oficinaeconomicagalicia.xunta.gal\\\/wp-content\\\/uploads\\\/2026\\\/09\\\/31082026-LorenzanaThuneEureka5_web.webp\",\"articleSection\":[\"Sin categorizar\"],\"inLanguage\":\"es\"},{\"@type\":\"WebPage\",\"@id\":\"https:\\\/\\\/oficinaeconomicagalicia.xunta.gal\\\/es\\\/lorenzana-convida-a-thune-eureka-a-sumarse-a-iniciativa-estratexica-de-seguridade-defensa-e-aeroespazo\\\/\",\"url\":\"https:\\\/\\\/oficinaeconomicagalicia.xunta.gal\\\/es\\\/lorenzana-convida-a-thune-eureka-a-sumarse-a-iniciativa-estratexica-de-seguridade-defensa-e-aeroespazo\\\/\",\"name\":\"Lorenzana invita a Thune Eureka a sumarse a la iniciativa estrat\u00e9gica de seguridad, defensa y aeroespacio - Oficina Econ\u00f3mica de Galicia\",\"isPartOf\":{\"@id\":\"https:\\\/\\\/oficinaeconomicagalicia.xunta.gal\\\/#website\"},\"primaryImageOfPage\":{\"@id\":\"https:\\\/\\\/oficinaeconomicagalicia.xunta.gal\\\/es\\\/lorenzana-convida-a-thune-eureka-a-sumarse-a-iniciativa-estratexica-de-seguridade-defensa-e-aeroespazo\\\/#primaryimage\"},\"image\":{\"@id\":\"https:\\\/\\\/oficinaeconomicagalicia.xunta.gal\\\/es\\\/lorenzana-convida-a-thune-eureka-a-sumarse-a-iniciativa-estratexica-de-seguridade-defensa-e-aeroespazo\\\/#primaryimage\"},\"thumbnailUrl\":\"https:\\\/\\\/oficinaeconomicagalicia.xunta.gal\\\/wp-content\\\/uploads\\\/2026\\\/09\\\/31082026-LorenzanaThuneEureka5_web.webp\",\"datePublished\":\"2026-08-31T15:07:17+00:00\",\"dateModified\":\"2026-09-01T07:13:22+00:00\",\"description\":\"Le ofrece participar en la convocatoria de los acuerdos de asociaci\u00f3n; \\\"el instrumento m\u00e1s potente que tiene la estrategia\\\", dice, con un presupuesto de 40 M\u20ac.\",\"breadcrumb\":{\"@id\":\"https:\\\/\\\/oficinaeconomicagalicia.xunta.gal\\\/es\\\/lorenzana-convida-a-thune-eureka-a-sumarse-a-iniciativa-estratexica-de-seguridade-defensa-e-aeroespazo\\\/#breadcrumb\"},\"inLanguage\":\"es\",\"potentialAction\":[{\"@type\":\"ReadAction\",\"target\":[\"https:\\\/\\\/oficinaeconomicagalicia.xunta.gal\\\/es\\\/lorenzana-convida-a-thune-eureka-a-sumarse-a-iniciativa-estratexica-de-seguridade-defensa-e-aeroespazo\\\/\"]}]},{\"@type\":\"ImageObject\",\"inLanguage\":\"es\",\"@id\":\"https:\\\/\\\/oficinaeconomicagalicia.xunta.gal\\\/es\\\/lorenzana-convida-a-thune-eureka-a-sumarse-a-iniciativa-estratexica-de-seguridade-defensa-e-aeroespazo\\\/#primaryimage\",\"url\":\"https:\\\/\\\/oficinaeconomicagalicia.xunta.gal\\\/wp-content\\\/uploads\\\/2026\\\/09\\\/31082026-LorenzanaThuneEureka5_web.webp\",\"contentUrl\":\"https:\\\/\\\/oficinaeconomicagalicia.xunta.gal\\\/wp-content\\\/uploads\\\/2026\\\/09\\\/31082026-LorenzanaThuneEureka5_web.webp\",\"width\":900,\"height\":515},{\"@type\":\"BreadcrumbList\",\"@id\":\"https:\\\/\\\/oficinaeconomicagalicia.xunta.gal\\\/es\\\/lorenzana-convida-a-thune-eureka-a-sumarse-a-iniciativa-estratexica-de-seguridade-defensa-e-aeroespazo\\\/#breadcrumb\",\"itemListElement\":[{\"@type\":\"ListItem\",\"position\":1,\"name\":\"Inicio\",\"item\":\"https:\\\/\\\/oficinaeconomicagalicia.xunta.gal\\\/es\\\/\"},{\"@type\":\"ListItem\",\"position\":2,\"name\":\"Lorenzana invita a Thune Eureka a sumarse a la iniciativa estrat\u00e9gica de seguridad, defensa y aeroespacio\"}]},{\"@type\":\"WebSite\",\"@id\":\"https:\\\/\\\/oficinaeconomicagalicia.xunta.gal\\\/#website\",\"url\":\"https:\\\/\\\/oficinaeconomicagalicia.xunta.gal\\\/\",\"name\":\"Oficina Econ\u00f3mica de Galicia\",\"description\":\"Convertir calquera tr\u00e1mite nun mero tr\u00e1mite\",\"publisher\":{\"@id\":\"https:\\\/\\\/oficinaeconomicagalicia.xunta.gal\\\/#organization\"},\"potentialAction\":[{\"@type\":\"SearchAction\",\"target\":{\"@type\":\"EntryPoint\",\"urlTemplate\":\"https:\\\/\\\/oficinaeconomicagalicia.xunta.gal\\\/?s={search_term_string}\"},\"query-input\":{\"@type\":\"PropertyValueSpecification\",\"valueRequired\":true,\"valueName\":\"search_term_string\"}}],\"inLanguage\":\"es\"},{\"@type\":\"Organization\",\"@id\":\"https:\\\/\\\/oficinaeconomicagalicia.xunta.gal\\\/#organization\",\"name\":\"Oficina Econ\u00f3mica de Galicia\",\"alternateName\":\"OEG\",\"url\":\"https:\\\/\\\/oficinaeconomicagalicia.xunta.gal\\\/\",\"logo\":{\"@type\":\"ImageObject\",\"inLanguage\":\"es\",\"@id\":\"https:\\\/\\\/oficinaeconomicagalicia.xunta.gal\\\/#\\\/schema\\\/logo\\\/image\\\/\",\"url\":\"https:\\\/\\\/oficinaeconomicagalicia.xunta.gal\\\/wp-content\\\/uploads\\\/2023\\\/04\\\/xunta.svg\",\"contentUrl\":\"https:\\\/\\\/oficinaeconomicagalicia.xunta.gal\\\/wp-content\\\/uploads\\\/2023\\\/04\\\/xunta.svg\",\"width\":5952.76,\"height\":1700.79,\"caption\":\"Oficina Econ\u00f3mica de Galicia\"},\"image\":{\"@id\":\"https:\\\/\\\/oficinaeconomicagalicia.xunta.gal\\\/#\\\/schema\\\/logo\\\/image\\\/\"},\"sameAs\":[\"https:\\\/\\\/www.facebook.com\\\/OficinaEconomicadeGalicia\\\/\",\"https:\\\/\\\/www.linkedin.com\\\/company\\\/oficina-economica-de-galicia\\\/\"]},{\"@type\":\"Person\",\"@id\":\"https:\\\/\\\/oficinaeconomicagalicia.xunta.gal\\\/#\\\/schema\\\/person\\\/4b919f684a33a00a0462301f82898687\",\"name\":\"Adm-Of-Eco\",\"image\":{\"@type\":\"ImageObject\",\"inLanguage\":\"es\",\"@id\":\"https:\\\/\\\/secure.gravatar.com\\\/avatar\\\/822d9b5d44712904254790eea11ee749fdd737058bfbfaadfa58d3ed306af81d?s=96&d=mm&r=g\",\"url\":\"https:\\\/\\\/secure.gravatar.com\\\/avatar\\\/822d9b5d44712904254790eea11ee749fdd737058bfbfaadfa58d3ed306af81d?s=96&d=mm&r=g\",\"contentUrl\":\"https:\\\/\\\/secure.gravatar.com\\\/avatar\\\/822d9b5d44712904254790eea11ee749fdd737058bfbfaadfa58d3ed306af81d?s=96&d=mm&r=g\",\"caption\":\"Adm-Of-Eco\"},\"url\":\"https:\\\/\\\/oficinaeconomicagalicia.xunta.gal\\\/es\\\/author\\\/adm-of-eco\\\/\"}]}<\/script>\n<!-- \/ Yoast SEO plugin. -->","yoast_head_json":{"title":"Lorenzana invita a Thune Eureka a sumarse a la iniciativa estrat\u00e9gica de seguridad, defensa y aeroespacio - Oficina Econ\u00f3mica de Galicia","description":"Le ofrece participar en la convocatoria de los acuerdos de asociaci\u00f3n; \"el instrumento m\u00e1s potente que tiene la estrategia\", dice, con un presupuesto de 40 M\u20ac.","robots":{"index":"index","follow":"follow","max-snippet":"max-snippet:-1","max-image-preview":"max-image-preview:large","max-video-preview":"max-video-preview:-1"},"canonical":"https:\/\/oficinaeconomicagalicia.xunta.gal\/es\/lorenzana-convida-a-thune-eureka-a-sumarse-a-iniciativa-estratexica-de-seguridade-defensa-e-aeroespazo\/","og_locale":"es_ES","og_type":"article","og_title":"Lorenzana invita a Thune Eureka a sumarse a la iniciativa estrat\u00e9gica de seguridad, defensa y aeroespacio - Oficina Econ\u00f3mica de Galicia","og_description":"Le ofrece participar en la convocatoria de los acuerdos de asociaci\u00f3n; \"el instrumento m\u00e1s potente que tiene la estrategia\", dice, con un presupuesto de 40 M\u20ac.","og_url":"https:\/\/oficinaeconomicagalicia.xunta.gal\/es\/lorenzana-convida-a-thune-eureka-a-sumarse-a-iniciativa-estratexica-de-seguridade-defensa-e-aeroespazo\/","og_site_name":"Oficina Econ\u00f3mica de Galicia","article_publisher":"https:\/\/www.facebook.com\/OficinaEconomicadeGalicia\/","article_published_time":"2026-08-31T15:07:17+00:00","article_modified_time":"2026-09-01T07:13:22+00:00","og_image":[{"width":900,"height":515,"url":"https:\/\/oficinaeconomicagalicia.xunta.gal\/wp-content\/uploads\/2026\/09\/31082026-LorenzanaThuneEureka5_web.webp","type":"image\/webp"}],"author":"Adm-Of-Eco","twitter_card":"summary_large_image","twitter_misc":{"Escrito por":"Adm-Of-Eco","Tiempo de lectura":"2 minutos"},"schema":{"@context":"https:\/\/schema.org","@graph":[{"@type":"Article","@id":"https:\/\/oficinaeconomicagalicia.xunta.gal\/es\/lorenzana-convida-a-thune-eureka-a-sumarse-a-iniciativa-estratexica-de-seguridade-defensa-e-aeroespazo\/#article","isPartOf":{"@id":"https:\/\/oficinaeconomicagalicia.xunta.gal\/es\/lorenzana-convida-a-thune-eureka-a-sumarse-a-iniciativa-estratexica-de-seguridade-defensa-e-aeroespazo\/"},"author":{"name":"Adm-Of-Eco","@id":"https:\/\/oficinaeconomicagalicia.xunta.gal\/#\/schema\/person\/4b919f684a33a00a0462301f82898687"},"headline":"Lorenzana invita a Thune Eureka a sumarse a la iniciativa estrat\u00e9gica de seguridad, defensa y aeroespacio","datePublished":"2026-08-31T15:07:17+00:00","dateModified":"2026-09-01T07:13:22+00:00","mainEntityOfPage":{"@id":"https:\/\/oficinaeconomicagalicia.xunta.gal\/es\/lorenzana-convida-a-thune-eureka-a-sumarse-a-iniciativa-estratexica-de-seguridade-defensa-e-aeroespazo\/"},"wordCount":347,"publisher":{"@id":"https:\/\/oficinaeconomicagalicia.xunta.gal\/#organization"},"image":{"@id":"https:\/\/oficinaeconomicagalicia.xunta.gal\/es\/lorenzana-convida-a-thune-eureka-a-sumarse-a-iniciativa-estratexica-de-seguridade-defensa-e-aeroespazo\/#primaryimage"},"thumbnailUrl":"https:\/\/oficinaeconomicagalicia.xunta.gal\/wp-content\/uploads\/2026\/09\/31082026-LorenzanaThuneEureka5_web.webp","articleSection":["Sin categorizar"],"inLanguage":"es"},{"@type":"WebPage","@id":"https:\/\/oficinaeconomicagalicia.xunta.gal\/es\/lorenzana-convida-a-thune-eureka-a-sumarse-a-iniciativa-estratexica-de-seguridade-defensa-e-aeroespazo\/","url":"https:\/\/oficinaeconomicagalicia.xunta.gal\/es\/lorenzana-convida-a-thune-eureka-a-sumarse-a-iniciativa-estratexica-de-seguridade-defensa-e-aeroespazo\/","name":"Lorenzana invita a Thune Eureka a sumarse a la iniciativa estrat\u00e9gica de seguridad, defensa y aeroespacio - Oficina Econ\u00f3mica de Galicia","isPartOf":{"@id":"https:\/\/oficinaeconomicagalicia.xunta.gal\/#website"},"primaryImageOfPage":{"@id":"https:\/\/oficinaeconomicagalicia.xunta.gal\/es\/lorenzana-convida-a-thune-eureka-a-sumarse-a-iniciativa-estratexica-de-seguridade-defensa-e-aeroespazo\/#primaryimage"},"image":{"@id":"https:\/\/oficinaeconomicagalicia.xunta.gal\/es\/lorenzana-convida-a-thune-eureka-a-sumarse-a-iniciativa-estratexica-de-seguridade-defensa-e-aeroespazo\/#primaryimage"},"thumbnailUrl":"https:\/\/oficinaeconomicagalicia.xunta.gal\/wp-content\/uploads\/2026\/09\/31082026-LorenzanaThuneEureka5_web.webp","datePublished":"2026-08-31T15:07:17+00:00","dateModified":"2026-09-01T07:13:22+00:00","description":"Le ofrece participar en la convocatoria de los acuerdos de asociaci\u00f3n; \"el instrumento m\u00e1s potente que tiene la estrategia\", dice, con un presupuesto de 40 M\u20ac.","breadcrumb":{"@id":"https:\/\/oficinaeconomicagalicia.xunta.gal\/es\/lorenzana-convida-a-thune-eureka-a-sumarse-a-iniciativa-estratexica-de-seguridade-defensa-e-aeroespazo\/#breadcrumb"},"inLanguage":"es","potentialAction":[{"@type":"ReadAction","target":["https:\/\/oficinaeconomicagalicia.xunta.gal\/es\/lorenzana-convida-a-thune-eureka-a-sumarse-a-iniciativa-estratexica-de-seguridade-defensa-e-aeroespazo\/"]}]},{"@type":"ImageObject","inLanguage":"es","@id":"https:\/\/oficinaeconomicagalicia.xunta.gal\/es\/lorenzana-convida-a-thune-eureka-a-sumarse-a-iniciativa-estratexica-de-seguridade-defensa-e-aeroespazo\/#primaryimage","url":"https:\/\/oficinaeconomicagalicia.xunta.gal\/wp-content\/uploads\/2026\/09\/31082026-LorenzanaThuneEureka5_web.webp","contentUrl":"https:\/\/oficinaeconomicagalicia.xunta.gal\/wp-content\/uploads\/2026\/09\/31082026-LorenzanaThuneEureka5_web.webp","width":900,"height":515},{"@type":"BreadcrumbList","@id":"https:\/\/oficinaeconomicagalicia.xunta.gal\/es\/lorenzana-convida-a-thune-eureka-a-sumarse-a-iniciativa-estratexica-de-seguridade-defensa-e-aeroespazo\/#breadcrumb","itemListElement":[{"@type":"ListItem","position":1,"name":"Inicio","item":"https:\/\/oficinaeconomicagalicia.xunta.gal\/es\/"},{"@type":"ListItem","position":2,"name":"Lorenzana invita a Thune Eureka a sumarse a la iniciativa estrat\u00e9gica de seguridad, defensa y aeroespacio"}]},{"@type":"WebSite","@id":"https:\/\/oficinaeconomicagalicia.xunta.gal\/#website","url":"https:\/\/oficinaeconomicagalicia.xunta.gal\/","name":"Oficina Econ\u00f3mica de Galicia","description":"Convertir calquera tr\u00e1mite nun mero tr\u00e1mite","publisher":{"@id":"https:\/\/oficinaeconomicagalicia.xunta.gal\/#organization"},"potentialAction":[{"@type":"SearchAction","target":{"@type":"EntryPoint","urlTemplate":"https:\/\/oficinaeconomicagalicia.xunta.gal\/?s={search_term_string}"},"query-input":{"@type":"PropertyValueSpecification","valueRequired":true,"valueName":"search_term_string"}}],"inLanguage":"es"},{"@type":"Organization","@id":"https:\/\/oficinaeconomicagalicia.xunta.gal\/#organization","name":"Oficina Econ\u00f3mica de Galicia","alternateName":"OEG","url":"https:\/\/oficinaeconomicagalicia.xunta.gal\/","logo":{"@type":"ImageObject","inLanguage":"es","@id":"https:\/\/oficinaeconomicagalicia.xunta.gal\/#\/schema\/logo\/image\/","url":"https:\/\/oficinaeconomicagalicia.xunta.gal\/wp-content\/uploads\/2023\/04\/xunta.svg","contentUrl":"https:\/\/oficinaeconomicagalicia.xunta.gal\/wp-content\/uploads\/2023\/04\/xunta.svg","width":5952.76,"height":1700.79,"caption":"Oficina Econ\u00f3mica de Galicia"},"image":{"@id":"https:\/\/oficinaeconomicagalicia.xunta.gal\/#\/schema\/logo\/image\/"},"sameAs":["https:\/\/www.facebook.com\/OficinaEconomicadeGalicia\/","https:\/\/www.linkedin.com\/company\/oficina-economica-de-galicia\/"]},{"@type":"Person","@id":"https:\/\/oficinaeconomicagalicia.xunta.gal\/#\/schema\/person\/4b919f684a33a00a0462301f82898687","name":"Adm-Of-Eco","image":{"@type":"ImageObject","inLanguage":"es","@id":"https:\/\/secure.gravatar.com\/avatar\/822d9b5d44712904254790eea11ee749fdd737058bfbfaadfa58d3ed306af81d?s=96&d=mm&r=g","url":"https:\/\/secure.gravatar.com\/avatar\/822d9b5d44712904254790eea11ee749fdd737058bfbfaadfa58d3ed306af81d?s=96&d=mm&r=g","contentUrl":"https:\/\/secure.gravatar.com\/avatar\/822d9b5d44712904254790eea11ee749fdd737058bfbfaadfa58d3ed306af81d?s=96&d=mm&r=g","caption":"Adm-Of-Eco"},"url":"https:\/\/oficinaeconomicagalicia.xunta.gal\/es\/author\/adm-of-eco\/"}]}},"_links":{"self":[{"href":"https:\/\/oficinaeconomicagalicia.xunta.gal\/es\/wp-json\/wp\/v2\/posts\/22171","targetHints":{"allow":["GET"]}}],"collection":[{"href":"https:\/\/oficinaeconomicagalicia.xunta.gal\/es\/wp-json\/wp\/v2\/posts"}],"about":[{"href":"https:\/\/oficinaeconomicagalicia.xunta.gal\/es\/wp-json\/wp\/v2\/types\/post"}],"author":[{"embeddable":true,"href":"https:\/\/oficinaeconomicagalicia.xunta.gal\/es\/wp-json\/wp\/v2\/users\/3"}],"replies":[{"embeddable":true,"href":"https:\/\/oficinaeconomicagalicia.xunta.gal\/es\/wp-json\/wp\/v2\/comments?post=22171"}],"version-history":[{"count":2,"href":"https:\/\/oficinaeconomicagalicia.xunta.gal\/es\/wp-json\/wp\/v2\/posts\/22171\/revisions"}],"predecessor-version":[{"id":22173,"href":"https:\/\/oficinaeconomicagalicia.xunta.gal\/es\/wp-json\/wp\/v2\/posts\/22171\/revisions\/22173"}],"wp:featuredmedia":[{"embeddable":true,"href":"https:\/\/oficinaeconomicagalicia.xunta.gal\/es\/wp-json\/wp\/v2\/media\/22168"}],"wp:attachment":[{"href":"https:\/\/oficinaeconomicagalicia.xunta.gal\/es\/wp-json\/wp\/v2\/media?parent=22171"}],"wp:term":[{"taxonomy":"category","embeddable":true,"href":"https:\/\/oficinaeconomicagalicia.xunta.gal\/es\/wp-json\/wp\/v2\/categories?post=22171"},{"taxonomy":"post_tag","embeddable":true,"href":"https:\/\/oficinaeconomicagalicia.xunta.gal\/es\/wp-json\/wp\/v2\/tags?post=22171"}],"curies":[{"name":"wp","href":"https:\/\/api.w.org\/{rel}","templated":true}]}}