{"id":22238,"date":"2026-09-02T17:18:13","date_gmt":"2026-09-02T15:18:13","guid":{"rendered":"https:\/\/oficinaeconomicagalicia.xunta.gal\/lorenzana-felicita-a-vig-sec-drone-por-ser-unha-das-15-empresas-seleccionadas-a-nivel-mundial-para-formar-parte-dunha-aceleradora-impulsada-pola-otan\/"},"modified":"2026-09-02T17:19:33","modified_gmt":"2026-09-02T15:19:33","slug":"lorenzana-felicita-a-vig-sec-drone-por-ser-unha-das-15-empresas-seleccionadas-a-nivel-mundial-para-formar-parte-dunha-aceleradora-impulsada-pola-otan","status":"publish","type":"post","link":"https:\/\/oficinaeconomicagalicia.xunta.gal\/es\/lorenzana-felicita-a-vig-sec-drone-por-ser-unha-das-15-empresas-seleccionadas-a-nivel-mundial-para-formar-parte-dunha-aceleradora-impulsada-pola-otan\/","title":{"rendered":"Lorenzana felicita a VIG-Sec Drone por ser una de las 15 empresas seleccionadas a nivel mundial para formar parte de una aceleradora impulsada por la OTAN"},"content":{"rendered":"<div class=\"contedor__ext__contido col-sm-12\">\n<div class=\"row\">\n<div class=\"col-sm-12 contedor__ext__corpo corpo\">\n<p><strong>Santiago de Compostela, 2 de septiembre de 2026<\/strong><\/p>\n<p>La conselleira de Econom\u00eda e Industria, Mar\u00eda Jes\u00fas Lorenzana, felicit\u00f3 esta ma\u00f1ana a la empresa gallega Vig-Sec Drone, tras ser seleccionada para formar parte del programa de aceleraci\u00f3n DIANA (Defence Innovation Accelerator for the North Atlantic) que impulsa la OTAN. Lo har\u00e1 con la plataforma de gesti\u00f3n y coordinaci\u00f3n t\u00e1ctica del espacio a\u00e9reo de media y baja cota denominada Suite ACRE, en el marco de la fase Mission Track.<\/p>\n<p>Lorenzana, que la pasada semana visit\u00f3 las instalaciones que esta firma pontevedresa tiene en el municipio de Nigr\u00e1n, celebr\u00f3 que la tecnol\u00f3gica gallega especializada en servicios aeron\u00e1uticos, formaci\u00f3n y desarrollo de software de gesti\u00f3n de espacio a\u00e9reo, forme parte de un selecto grupo de 15 empresas a nivel mundial cuyas soluciones innovadoras son consideradas de alto valor a\u00f1adido para los pa\u00edses que integran la OTAN. Precisamente, la participaci\u00f3n en esta fase de la aceleradora tecnol\u00f3gica les dar\u00e1 la posibilidad de presentar su tecnolog\u00eda a los departamentos de Defensa de los pa\u00edses que integran la Alianza.<\/p>\n<p>Finalmente, la titular de Econom\u00eda e Industria record\u00f3 que Vig-Sec Drone creci\u00f3 con el apoyo de la Xunta de Galicia a trav\u00e9s de aceleradoras como la BFAero o ViaGalicia, as\u00ed como con la participaci\u00f3n directa de Xesgalicia en su capital.<\/p>\n<\/div>\n<\/div>\n<\/div>\n","protected":false},"excerpt":{"rendered":"<p>Santiago de Compostela, 2 de septiembre de 2026 La conselleira de Econom\u00eda e Industria, Mar\u00eda Jes\u00fas Lorenzana, felicit\u00f3 esta ma\u00f1ana a la empresa gallega Vig-Sec Drone, tras ser seleccionada para formar parte del programa de aceleraci\u00f3n DIANA (Defence Innovation Accelerator for the North Atlantic) que impulsa la OTAN. Lo har\u00e1 con la plataforma de gesti\u00f3n [&hellip;]<\/p>\n","protected":false},"author":3,"featured_media":22235,"comment_status":"closed","ping_status":"closed","sticky":false,"template":"","format":"standard","meta":{"footnotes":""},"categories":[36],"tags":[],"class_list":["post-22238","post","type-post","status-publish","format-standard","has-post-thumbnail","hentry","category-sin-categorizar"],"yoast_head":"<!-- This site is optimized with the Yoast SEO plugin v28.3 - https:\/\/yoast.com\/product\/yoast-seo-wordpress\/ -->\n<title>Lorenzana felicita a VIG-Sec Drone por ser una de las 15 empresas seleccionadas a nivel mundial para formar parte de una aceleradora impulsada por la OTAN - Oficina Econ\u00f3mica de Galicia<\/title>\n<meta name=\"description\" content=\"Vig-Sec Drone, seleccionada para formar parte del programa DIANA (Defence Innovation Accelerator for the North Atlantic) que impulsa la OTAN.\" \/>\n<meta name=\"robots\" content=\"index, follow, max-snippet:-1, max-image-preview:large, max-video-preview:-1\" \/>\n<link rel=\"canonical\" href=\"https:\/\/oficinaeconomicagalicia.xunta.gal\/es\/lorenzana-felicita-a-vig-sec-drone-por-ser-unha-das-15-empresas-seleccionadas-a-nivel-mundial-para-formar-parte-dunha-aceleradora-impulsada-pola-otan\/\" \/>\n<meta property=\"og:locale\" content=\"es_ES\" \/>\n<meta property=\"og:type\" content=\"article\" \/>\n<meta property=\"og:title\" content=\"Lorenzana felicita a VIG-Sec Drone por ser una de las 15 empresas seleccionadas a nivel mundial para formar parte de una aceleradora impulsada por la OTAN - Oficina Econ\u00f3mica de Galicia\" \/>\n<meta property=\"og:description\" content=\"Vig-Sec Drone, seleccionada para formar parte del programa DIANA (Defence Innovation Accelerator for the North Atlantic) que impulsa la OTAN.\" \/>\n<meta property=\"og:url\" content=\"https:\/\/oficinaeconomicagalicia.xunta.gal\/es\/lorenzana-felicita-a-vig-sec-drone-por-ser-unha-das-15-empresas-seleccionadas-a-nivel-mundial-para-formar-parte-dunha-aceleradora-impulsada-pola-otan\/\" \/>\n<meta property=\"og:site_name\" content=\"Oficina Econ\u00f3mica de Galicia\" \/>\n<meta property=\"article:publisher\" content=\"https:\/\/www.facebook.com\/OficinaEconomicadeGalicia\/\" \/>\n<meta property=\"article:published_time\" content=\"2026-09-02T15:18:13+00:00\" \/>\n<meta property=\"article:modified_time\" content=\"2026-09-02T15:19:33+00:00\" \/>\n<meta property=\"og:image\" content=\"https:\/\/oficinaeconomicagalicia.xunta.gal\/wp-content\/uploads\/2026\/09\/26082026-LorenzanaVigSecDrone_web.webp\" \/>\n\t<meta property=\"og:image:width\" content=\"900\" \/>\n\t<meta property=\"og:image:height\" content=\"515\" \/>\n\t<meta property=\"og:image:type\" content=\"image\/webp\" \/>\n<meta name=\"author\" content=\"Adm-Of-Eco\" \/>\n<meta name=\"twitter:card\" content=\"summary_large_image\" \/>\n<meta name=\"twitter:label1\" content=\"Escrito por\" \/>\n\t<meta name=\"twitter:data1\" content=\"Adm-Of-Eco\" \/>\n\t<meta name=\"twitter:label2\" content=\"Tiempo de lectura\" \/>\n\t<meta name=\"twitter:data2\" content=\"2 minutos\" \/>\n<script type=\"application\/ld+json\" class=\"yoast-schema-graph\">{\"@context\":\"https:\\\/\\\/schema.org\",\"@graph\":[{\"@type\":\"Article\",\"@id\":\"https:\\\/\\\/oficinaeconomicagalicia.xunta.gal\\\/es\\\/lorenzana-felicita-a-vig-sec-drone-por-ser-unha-das-15-empresas-seleccionadas-a-nivel-mundial-para-formar-parte-dunha-aceleradora-impulsada-pola-otan\\\/#article\",\"isPartOf\":{\"@id\":\"https:\\\/\\\/oficinaeconomicagalicia.xunta.gal\\\/es\\\/lorenzana-felicita-a-vig-sec-drone-por-ser-unha-das-15-empresas-seleccionadas-a-nivel-mundial-para-formar-parte-dunha-aceleradora-impulsada-pola-otan\\\/\"},\"author\":{\"name\":\"Adm-Of-Eco\",\"@id\":\"https:\\\/\\\/oficinaeconomicagalicia.xunta.gal\\\/#\\\/schema\\\/person\\\/4b919f684a33a00a0462301f82898687\"},\"headline\":\"Lorenzana felicita a VIG-Sec Drone por ser una de las 15 empresas seleccionadas a nivel mundial para formar parte de una aceleradora impulsada por la OTAN\",\"datePublished\":\"2026-09-02T15:18:13+00:00\",\"dateModified\":\"2026-09-02T15:19:33+00:00\",\"mainEntityOfPage\":{\"@id\":\"https:\\\/\\\/oficinaeconomicagalicia.xunta.gal\\\/es\\\/lorenzana-felicita-a-vig-sec-drone-por-ser-unha-das-15-empresas-seleccionadas-a-nivel-mundial-para-formar-parte-dunha-aceleradora-impulsada-pola-otan\\\/\"},\"wordCount\":258,\"publisher\":{\"@id\":\"https:\\\/\\\/oficinaeconomicagalicia.xunta.gal\\\/#organization\"},\"image\":{\"@id\":\"https:\\\/\\\/oficinaeconomicagalicia.xunta.gal\\\/es\\\/lorenzana-felicita-a-vig-sec-drone-por-ser-unha-das-15-empresas-seleccionadas-a-nivel-mundial-para-formar-parte-dunha-aceleradora-impulsada-pola-otan\\\/#primaryimage\"},\"thumbnailUrl\":\"https:\\\/\\\/oficinaeconomicagalicia.xunta.gal\\\/wp-content\\\/uploads\\\/2026\\\/09\\\/26082026-LorenzanaVigSecDrone_web.webp\",\"articleSection\":[\"Sin categorizar\"],\"inLanguage\":\"es\"},{\"@type\":\"WebPage\",\"@id\":\"https:\\\/\\\/oficinaeconomicagalicia.xunta.gal\\\/es\\\/lorenzana-felicita-a-vig-sec-drone-por-ser-unha-das-15-empresas-seleccionadas-a-nivel-mundial-para-formar-parte-dunha-aceleradora-impulsada-pola-otan\\\/\",\"url\":\"https:\\\/\\\/oficinaeconomicagalicia.xunta.gal\\\/es\\\/lorenzana-felicita-a-vig-sec-drone-por-ser-unha-das-15-empresas-seleccionadas-a-nivel-mundial-para-formar-parte-dunha-aceleradora-impulsada-pola-otan\\\/\",\"name\":\"Lorenzana felicita a VIG-Sec Drone por ser una de las 15 empresas seleccionadas a nivel mundial para formar parte de una aceleradora impulsada por la OTAN - Oficina Econ\u00f3mica de Galicia\",\"isPartOf\":{\"@id\":\"https:\\\/\\\/oficinaeconomicagalicia.xunta.gal\\\/#website\"},\"primaryImageOfPage\":{\"@id\":\"https:\\\/\\\/oficinaeconomicagalicia.xunta.gal\\\/es\\\/lorenzana-felicita-a-vig-sec-drone-por-ser-unha-das-15-empresas-seleccionadas-a-nivel-mundial-para-formar-parte-dunha-aceleradora-impulsada-pola-otan\\\/#primaryimage\"},\"image\":{\"@id\":\"https:\\\/\\\/oficinaeconomicagalicia.xunta.gal\\\/es\\\/lorenzana-felicita-a-vig-sec-drone-por-ser-unha-das-15-empresas-seleccionadas-a-nivel-mundial-para-formar-parte-dunha-aceleradora-impulsada-pola-otan\\\/#primaryimage\"},\"thumbnailUrl\":\"https:\\\/\\\/oficinaeconomicagalicia.xunta.gal\\\/wp-content\\\/uploads\\\/2026\\\/09\\\/26082026-LorenzanaVigSecDrone_web.webp\",\"datePublished\":\"2026-09-02T15:18:13+00:00\",\"dateModified\":\"2026-09-02T15:19:33+00:00\",\"description\":\"Vig-Sec Drone, seleccionada para formar parte del programa DIANA (Defence Innovation Accelerator for the North Atlantic) que impulsa la OTAN.\",\"breadcrumb\":{\"@id\":\"https:\\\/\\\/oficinaeconomicagalicia.xunta.gal\\\/es\\\/lorenzana-felicita-a-vig-sec-drone-por-ser-unha-das-15-empresas-seleccionadas-a-nivel-mundial-para-formar-parte-dunha-aceleradora-impulsada-pola-otan\\\/#breadcrumb\"},\"inLanguage\":\"es\",\"potentialAction\":[{\"@type\":\"ReadAction\",\"target\":[\"https:\\\/\\\/oficinaeconomicagalicia.xunta.gal\\\/es\\\/lorenzana-felicita-a-vig-sec-drone-por-ser-unha-das-15-empresas-seleccionadas-a-nivel-mundial-para-formar-parte-dunha-aceleradora-impulsada-pola-otan\\\/\"]}]},{\"@type\":\"ImageObject\",\"inLanguage\":\"es\",\"@id\":\"https:\\\/\\\/oficinaeconomicagalicia.xunta.gal\\\/es\\\/lorenzana-felicita-a-vig-sec-drone-por-ser-unha-das-15-empresas-seleccionadas-a-nivel-mundial-para-formar-parte-dunha-aceleradora-impulsada-pola-otan\\\/#primaryimage\",\"url\":\"https:\\\/\\\/oficinaeconomicagalicia.xunta.gal\\\/wp-content\\\/uploads\\\/2026\\\/09\\\/26082026-LorenzanaVigSecDrone_web.webp\",\"contentUrl\":\"https:\\\/\\\/oficinaeconomicagalicia.xunta.gal\\\/wp-content\\\/uploads\\\/2026\\\/09\\\/26082026-LorenzanaVigSecDrone_web.webp\",\"width\":900,\"height\":515},{\"@type\":\"BreadcrumbList\",\"@id\":\"https:\\\/\\\/oficinaeconomicagalicia.xunta.gal\\\/es\\\/lorenzana-felicita-a-vig-sec-drone-por-ser-unha-das-15-empresas-seleccionadas-a-nivel-mundial-para-formar-parte-dunha-aceleradora-impulsada-pola-otan\\\/#breadcrumb\",\"itemListElement\":[{\"@type\":\"ListItem\",\"position\":1,\"name\":\"Inicio\",\"item\":\"https:\\\/\\\/oficinaeconomicagalicia.xunta.gal\\\/es\\\/\"},{\"@type\":\"ListItem\",\"position\":2,\"name\":\"Lorenzana felicita a VIG-Sec Drone por ser una de las 15 empresas seleccionadas a nivel mundial para formar parte de una aceleradora impulsada por la OTAN\"}]},{\"@type\":\"WebSite\",\"@id\":\"https:\\\/\\\/oficinaeconomicagalicia.xunta.gal\\\/#website\",\"url\":\"https:\\\/\\\/oficinaeconomicagalicia.xunta.gal\\\/\",\"name\":\"Oficina Econ\u00f3mica de Galicia\",\"description\":\"Convertir calquera tr\u00e1mite nun mero tr\u00e1mite\",\"publisher\":{\"@id\":\"https:\\\/\\\/oficinaeconomicagalicia.xunta.gal\\\/#organization\"},\"potentialAction\":[{\"@type\":\"SearchAction\",\"target\":{\"@type\":\"EntryPoint\",\"urlTemplate\":\"https:\\\/\\\/oficinaeconomicagalicia.xunta.gal\\\/?s={search_term_string}\"},\"query-input\":{\"@type\":\"PropertyValueSpecification\",\"valueRequired\":true,\"valueName\":\"search_term_string\"}}],\"inLanguage\":\"es\"},{\"@type\":\"Organization\",\"@id\":\"https:\\\/\\\/oficinaeconomicagalicia.xunta.gal\\\/#organization\",\"name\":\"Oficina Econ\u00f3mica de Galicia\",\"alternateName\":\"OEG\",\"url\":\"https:\\\/\\\/oficinaeconomicagalicia.xunta.gal\\\/\",\"logo\":{\"@type\":\"ImageObject\",\"inLanguage\":\"es\",\"@id\":\"https:\\\/\\\/oficinaeconomicagalicia.xunta.gal\\\/#\\\/schema\\\/logo\\\/image\\\/\",\"url\":\"https:\\\/\\\/oficinaeconomicagalicia.xunta.gal\\\/wp-content\\\/uploads\\\/2023\\\/04\\\/xunta.svg\",\"contentUrl\":\"https:\\\/\\\/oficinaeconomicagalicia.xunta.gal\\\/wp-content\\\/uploads\\\/2023\\\/04\\\/xunta.svg\",\"width\":5952.76,\"height\":1700.79,\"caption\":\"Oficina Econ\u00f3mica de Galicia\"},\"image\":{\"@id\":\"https:\\\/\\\/oficinaeconomicagalicia.xunta.gal\\\/#\\\/schema\\\/logo\\\/image\\\/\"},\"sameAs\":[\"https:\\\/\\\/www.facebook.com\\\/OficinaEconomicadeGalicia\\\/\",\"https:\\\/\\\/www.linkedin.com\\\/company\\\/oficina-economica-de-galicia\\\/\"]},{\"@type\":\"Person\",\"@id\":\"https:\\\/\\\/oficinaeconomicagalicia.xunta.gal\\\/#\\\/schema\\\/person\\\/4b919f684a33a00a0462301f82898687\",\"name\":\"Adm-Of-Eco\",\"image\":{\"@type\":\"ImageObject\",\"inLanguage\":\"es\",\"@id\":\"https:\\\/\\\/secure.gravatar.com\\\/avatar\\\/822d9b5d44712904254790eea11ee749fdd737058bfbfaadfa58d3ed306af81d?s=96&d=mm&r=g\",\"url\":\"https:\\\/\\\/secure.gravatar.com\\\/avatar\\\/822d9b5d44712904254790eea11ee749fdd737058bfbfaadfa58d3ed306af81d?s=96&d=mm&r=g\",\"contentUrl\":\"https:\\\/\\\/secure.gravatar.com\\\/avatar\\\/822d9b5d44712904254790eea11ee749fdd737058bfbfaadfa58d3ed306af81d?s=96&d=mm&r=g\",\"caption\":\"Adm-Of-Eco\"},\"url\":\"https:\\\/\\\/oficinaeconomicagalicia.xunta.gal\\\/es\\\/author\\\/adm-of-eco\\\/\"}]}<\/script>\n<!-- \/ Yoast SEO plugin. -->","yoast_head_json":{"title":"Lorenzana felicita a VIG-Sec Drone por ser una de las 15 empresas seleccionadas a nivel mundial para formar parte de una aceleradora impulsada por la OTAN - Oficina Econ\u00f3mica de Galicia","description":"Vig-Sec Drone, seleccionada para formar parte del programa DIANA (Defence Innovation Accelerator for the North Atlantic) que impulsa la OTAN.","robots":{"index":"index","follow":"follow","max-snippet":"max-snippet:-1","max-image-preview":"max-image-preview:large","max-video-preview":"max-video-preview:-1"},"canonical":"https:\/\/oficinaeconomicagalicia.xunta.gal\/es\/lorenzana-felicita-a-vig-sec-drone-por-ser-unha-das-15-empresas-seleccionadas-a-nivel-mundial-para-formar-parte-dunha-aceleradora-impulsada-pola-otan\/","og_locale":"es_ES","og_type":"article","og_title":"Lorenzana felicita a VIG-Sec Drone por ser una de las 15 empresas seleccionadas a nivel mundial para formar parte de una aceleradora impulsada por la OTAN - Oficina Econ\u00f3mica de Galicia","og_description":"Vig-Sec Drone, seleccionada para formar parte del programa DIANA (Defence Innovation Accelerator for the North Atlantic) que impulsa la OTAN.","og_url":"https:\/\/oficinaeconomicagalicia.xunta.gal\/es\/lorenzana-felicita-a-vig-sec-drone-por-ser-unha-das-15-empresas-seleccionadas-a-nivel-mundial-para-formar-parte-dunha-aceleradora-impulsada-pola-otan\/","og_site_name":"Oficina Econ\u00f3mica de Galicia","article_publisher":"https:\/\/www.facebook.com\/OficinaEconomicadeGalicia\/","article_published_time":"2026-09-02T15:18:13+00:00","article_modified_time":"2026-09-02T15:19:33+00:00","og_image":[{"width":900,"height":515,"url":"https:\/\/oficinaeconomicagalicia.xunta.gal\/wp-content\/uploads\/2026\/09\/26082026-LorenzanaVigSecDrone_web.webp","type":"image\/webp"}],"author":"Adm-Of-Eco","twitter_card":"summary_large_image","twitter_misc":{"Escrito por":"Adm-Of-Eco","Tiempo de lectura":"2 minutos"},"schema":{"@context":"https:\/\/schema.org","@graph":[{"@type":"Article","@id":"https:\/\/oficinaeconomicagalicia.xunta.gal\/es\/lorenzana-felicita-a-vig-sec-drone-por-ser-unha-das-15-empresas-seleccionadas-a-nivel-mundial-para-formar-parte-dunha-aceleradora-impulsada-pola-otan\/#article","isPartOf":{"@id":"https:\/\/oficinaeconomicagalicia.xunta.gal\/es\/lorenzana-felicita-a-vig-sec-drone-por-ser-unha-das-15-empresas-seleccionadas-a-nivel-mundial-para-formar-parte-dunha-aceleradora-impulsada-pola-otan\/"},"author":{"name":"Adm-Of-Eco","@id":"https:\/\/oficinaeconomicagalicia.xunta.gal\/#\/schema\/person\/4b919f684a33a00a0462301f82898687"},"headline":"Lorenzana felicita a VIG-Sec Drone por ser una de las 15 empresas seleccionadas a nivel mundial para formar parte de una aceleradora impulsada por la OTAN","datePublished":"2026-09-02T15:18:13+00:00","dateModified":"2026-09-02T15:19:33+00:00","mainEntityOfPage":{"@id":"https:\/\/oficinaeconomicagalicia.xunta.gal\/es\/lorenzana-felicita-a-vig-sec-drone-por-ser-unha-das-15-empresas-seleccionadas-a-nivel-mundial-para-formar-parte-dunha-aceleradora-impulsada-pola-otan\/"},"wordCount":258,"publisher":{"@id":"https:\/\/oficinaeconomicagalicia.xunta.gal\/#organization"},"image":{"@id":"https:\/\/oficinaeconomicagalicia.xunta.gal\/es\/lorenzana-felicita-a-vig-sec-drone-por-ser-unha-das-15-empresas-seleccionadas-a-nivel-mundial-para-formar-parte-dunha-aceleradora-impulsada-pola-otan\/#primaryimage"},"thumbnailUrl":"https:\/\/oficinaeconomicagalicia.xunta.gal\/wp-content\/uploads\/2026\/09\/26082026-LorenzanaVigSecDrone_web.webp","articleSection":["Sin categorizar"],"inLanguage":"es"},{"@type":"WebPage","@id":"https:\/\/oficinaeconomicagalicia.xunta.gal\/es\/lorenzana-felicita-a-vig-sec-drone-por-ser-unha-das-15-empresas-seleccionadas-a-nivel-mundial-para-formar-parte-dunha-aceleradora-impulsada-pola-otan\/","url":"https:\/\/oficinaeconomicagalicia.xunta.gal\/es\/lorenzana-felicita-a-vig-sec-drone-por-ser-unha-das-15-empresas-seleccionadas-a-nivel-mundial-para-formar-parte-dunha-aceleradora-impulsada-pola-otan\/","name":"Lorenzana felicita a VIG-Sec Drone por ser una de las 15 empresas seleccionadas a nivel mundial para formar parte de una aceleradora impulsada por la OTAN - Oficina Econ\u00f3mica de Galicia","isPartOf":{"@id":"https:\/\/oficinaeconomicagalicia.xunta.gal\/#website"},"primaryImageOfPage":{"@id":"https:\/\/oficinaeconomicagalicia.xunta.gal\/es\/lorenzana-felicita-a-vig-sec-drone-por-ser-unha-das-15-empresas-seleccionadas-a-nivel-mundial-para-formar-parte-dunha-aceleradora-impulsada-pola-otan\/#primaryimage"},"image":{"@id":"https:\/\/oficinaeconomicagalicia.xunta.gal\/es\/lorenzana-felicita-a-vig-sec-drone-por-ser-unha-das-15-empresas-seleccionadas-a-nivel-mundial-para-formar-parte-dunha-aceleradora-impulsada-pola-otan\/#primaryimage"},"thumbnailUrl":"https:\/\/oficinaeconomicagalicia.xunta.gal\/wp-content\/uploads\/2026\/09\/26082026-LorenzanaVigSecDrone_web.webp","datePublished":"2026-09-02T15:18:13+00:00","dateModified":"2026-09-02T15:19:33+00:00","description":"Vig-Sec Drone, seleccionada para formar parte del programa DIANA (Defence Innovation Accelerator for the North Atlantic) que impulsa la OTAN.","breadcrumb":{"@id":"https:\/\/oficinaeconomicagalicia.xunta.gal\/es\/lorenzana-felicita-a-vig-sec-drone-por-ser-unha-das-15-empresas-seleccionadas-a-nivel-mundial-para-formar-parte-dunha-aceleradora-impulsada-pola-otan\/#breadcrumb"},"inLanguage":"es","potentialAction":[{"@type":"ReadAction","target":["https:\/\/oficinaeconomicagalicia.xunta.gal\/es\/lorenzana-felicita-a-vig-sec-drone-por-ser-unha-das-15-empresas-seleccionadas-a-nivel-mundial-para-formar-parte-dunha-aceleradora-impulsada-pola-otan\/"]}]},{"@type":"ImageObject","inLanguage":"es","@id":"https:\/\/oficinaeconomicagalicia.xunta.gal\/es\/lorenzana-felicita-a-vig-sec-drone-por-ser-unha-das-15-empresas-seleccionadas-a-nivel-mundial-para-formar-parte-dunha-aceleradora-impulsada-pola-otan\/#primaryimage","url":"https:\/\/oficinaeconomicagalicia.xunta.gal\/wp-content\/uploads\/2026\/09\/26082026-LorenzanaVigSecDrone_web.webp","contentUrl":"https:\/\/oficinaeconomicagalicia.xunta.gal\/wp-content\/uploads\/2026\/09\/26082026-LorenzanaVigSecDrone_web.webp","width":900,"height":515},{"@type":"BreadcrumbList","@id":"https:\/\/oficinaeconomicagalicia.xunta.gal\/es\/lorenzana-felicita-a-vig-sec-drone-por-ser-unha-das-15-empresas-seleccionadas-a-nivel-mundial-para-formar-parte-dunha-aceleradora-impulsada-pola-otan\/#breadcrumb","itemListElement":[{"@type":"ListItem","position":1,"name":"Inicio","item":"https:\/\/oficinaeconomicagalicia.xunta.gal\/es\/"},{"@type":"ListItem","position":2,"name":"Lorenzana felicita a VIG-Sec Drone por ser una de las 15 empresas seleccionadas a nivel mundial para formar parte de una aceleradora impulsada por la OTAN"}]},{"@type":"WebSite","@id":"https:\/\/oficinaeconomicagalicia.xunta.gal\/#website","url":"https:\/\/oficinaeconomicagalicia.xunta.gal\/","name":"Oficina Econ\u00f3mica de Galicia","description":"Convertir calquera tr\u00e1mite nun mero tr\u00e1mite","publisher":{"@id":"https:\/\/oficinaeconomicagalicia.xunta.gal\/#organization"},"potentialAction":[{"@type":"SearchAction","target":{"@type":"EntryPoint","urlTemplate":"https:\/\/oficinaeconomicagalicia.xunta.gal\/?s={search_term_string}"},"query-input":{"@type":"PropertyValueSpecification","valueRequired":true,"valueName":"search_term_string"}}],"inLanguage":"es"},{"@type":"Organization","@id":"https:\/\/oficinaeconomicagalicia.xunta.gal\/#organization","name":"Oficina Econ\u00f3mica de Galicia","alternateName":"OEG","url":"https:\/\/oficinaeconomicagalicia.xunta.gal\/","logo":{"@type":"ImageObject","inLanguage":"es","@id":"https:\/\/oficinaeconomicagalicia.xunta.gal\/#\/schema\/logo\/image\/","url":"https:\/\/oficinaeconomicagalicia.xunta.gal\/wp-content\/uploads\/2023\/04\/xunta.svg","contentUrl":"https:\/\/oficinaeconomicagalicia.xunta.gal\/wp-content\/uploads\/2023\/04\/xunta.svg","width":5952.76,"height":1700.79,"caption":"Oficina Econ\u00f3mica de Galicia"},"image":{"@id":"https:\/\/oficinaeconomicagalicia.xunta.gal\/#\/schema\/logo\/image\/"},"sameAs":["https:\/\/www.facebook.com\/OficinaEconomicadeGalicia\/","https:\/\/www.linkedin.com\/company\/oficina-economica-de-galicia\/"]},{"@type":"Person","@id":"https:\/\/oficinaeconomicagalicia.xunta.gal\/#\/schema\/person\/4b919f684a33a00a0462301f82898687","name":"Adm-Of-Eco","image":{"@type":"ImageObject","inLanguage":"es","@id":"https:\/\/secure.gravatar.com\/avatar\/822d9b5d44712904254790eea11ee749fdd737058bfbfaadfa58d3ed306af81d?s=96&d=mm&r=g","url":"https:\/\/secure.gravatar.com\/avatar\/822d9b5d44712904254790eea11ee749fdd737058bfbfaadfa58d3ed306af81d?s=96&d=mm&r=g","contentUrl":"https:\/\/secure.gravatar.com\/avatar\/822d9b5d44712904254790eea11ee749fdd737058bfbfaadfa58d3ed306af81d?s=96&d=mm&r=g","caption":"Adm-Of-Eco"},"url":"https:\/\/oficinaeconomicagalicia.xunta.gal\/es\/author\/adm-of-eco\/"}]}},"_links":{"self":[{"href":"https:\/\/oficinaeconomicagalicia.xunta.gal\/es\/wp-json\/wp\/v2\/posts\/22238","targetHints":{"allow":["GET"]}}],"collection":[{"href":"https:\/\/oficinaeconomicagalicia.xunta.gal\/es\/wp-json\/wp\/v2\/posts"}],"about":[{"href":"https:\/\/oficinaeconomicagalicia.xunta.gal\/es\/wp-json\/wp\/v2\/types\/post"}],"author":[{"embeddable":true,"href":"https:\/\/oficinaeconomicagalicia.xunta.gal\/es\/wp-json\/wp\/v2\/users\/3"}],"replies":[{"embeddable":true,"href":"https:\/\/oficinaeconomicagalicia.xunta.gal\/es\/wp-json\/wp\/v2\/comments?post=22238"}],"version-history":[{"count":1,"href":"https:\/\/oficinaeconomicagalicia.xunta.gal\/es\/wp-json\/wp\/v2\/posts\/22238\/revisions"}],"predecessor-version":[{"id":22239,"href":"https:\/\/oficinaeconomicagalicia.xunta.gal\/es\/wp-json\/wp\/v2\/posts\/22238\/revisions\/22239"}],"wp:featuredmedia":[{"embeddable":true,"href":"https:\/\/oficinaeconomicagalicia.xunta.gal\/es\/wp-json\/wp\/v2\/media\/22235"}],"wp:attachment":[{"href":"https:\/\/oficinaeconomicagalicia.xunta.gal\/es\/wp-json\/wp\/v2\/media?parent=22238"}],"wp:term":[{"taxonomy":"category","embeddable":true,"href":"https:\/\/oficinaeconomicagalicia.xunta.gal\/es\/wp-json\/wp\/v2\/categories?post=22238"},{"taxonomy":"post_tag","embeddable":true,"href":"https:\/\/oficinaeconomicagalicia.xunta.gal\/es\/wp-json\/wp\/v2\/tags?post=22238"}],"curies":[{"name":"wp","href":"https:\/\/api.w.org\/{rel}","templated":true}]}}